{"id":465796,"date":"2020-04-07T00:06:59","date_gmt":"2020-04-07T05:06:59","guid":{"rendered":"https:\/\/www.diarioimagen.net\/?p=465796"},"modified":"2020-04-07T01:38:10","modified_gmt":"2020-04-07T06:38:10","slug":"como-anillo-al-dedo-2","status":"publish","type":"post","link":"https:\/\/www.diarioimagen.net\/?p=465796","title":{"rendered":"Como anillo al dedo"},"content":{"rendered":"<h2>Con mi mano izquierda&#8230;<\/h2>\n<h5>Edgar G\u00f3mez Flores<\/h5>\n<p>&nbsp;<\/p>\n<p>\u201cNos vino esto (la pandemia) como anillo al dedo para afianzar el prop\u00f3sito de la transformaci\u00f3n\u201d. Una expresi\u00f3n desafortunada, emitida en esta semana por el Presidente de M\u00e9xico, para los casi 70 muertos y m\u00e1s de 1,900 contagiados por la ahora pesadilla del siglo XXI, el Covid-19. Esta frase se une a varias que ha emitido durante su mandato. Trata de hacer que las malas cifras y los malos eventos se transformen en positivos, para el beneficio del modelo de pa\u00eds que ha imaginado. La ca\u00edda de .1% en el Producto Interno Bruto del pa\u00eds, en 2019, lo ve con buenos ojos porque ahora se est\u00e1 generando bienestar con una mejor repartici\u00f3n de la riqueza. Las cifras de muertes violentas el a\u00f1o anterior (m\u00e1s de 35,000), aun cuando se encuentran en el pico, deben verse con buenos ojos, porque esta \u201ctransformaci\u00f3n\u201d ha empezado a reducir la tasa de crecimiento. As\u00ed, podemos contar frase tras frase emitidas en estos quince meses. Sin tapujos el Presidente dice lo que piensa y c\u00f3mo act\u00faa o c\u00f3mo va a actuar.<\/p>\n<p>Algunos ingenuos todav\u00eda quieren pensar que la Cuarta Transformaci\u00f3n mexicana tiene l\u00edmites y contrapesos. Sin embargo, hasta hoy el Presidente tiene una idea clara de a d\u00f3nde llegar y quiz\u00e1s tenga raz\u00f3n, la pandemia es el empujoncito que necesitaba para concretar su obra. La pandemia tiene un horizonte claro de lo que puede pasar, tanto en M\u00e9xico como en una buena parte del mundo. Veremos un desempleo rotundo, una ca\u00edda del PIB que puede oscilar entre el 4 y -10% y una remodelaci\u00f3n del orden social; con empresas quebradas y con un pa\u00eds echado hacia adelante con sus programas sociales. Por lo que no es dif\u00edcil identificar qu\u00e9 quiso decir Andr\u00e9s Manuel con su analog\u00eda de que la epidemia le cay\u00f3 como anillo al dedo.<\/p>\n<p>En su obsesi\u00f3n por buscar la igualdad; pero en un contexto de una econom\u00eda destrozada, tanto por la pandemia como por decisiones de gobierno, la Cuarta Transformaci\u00f3n se dispone a reducir los salarios de la clase media (en consecuencia, a esta nueva etapa), a quebrar a ciertos empresarios, a expropiar ciertas industrias y a recuperar recursos econ\u00f3micos, p\u00fablicos y privados, que no est\u00e9n relacionados con sus programas sociales. As\u00ed M\u00e9xico ser\u00e1 m\u00e1s igual, a\u00fan en la pobreza. Sin embargo, tampoco esa igualdad ser\u00e1 sostenible, ya que se ha improvisado en este gobierno una base econ\u00f3mica; con el desarrollo de proyectos que quedar\u00e1n suspendidos por su falta de sustento socio ambiental y econ\u00f3mico. Adem\u00e1s, del impulso de energ\u00edas convencionales y por el ende el desd\u00e9n a las energ\u00edas renovables.<\/p>\n<p>Andr\u00e9s Manuel L\u00f3pez Obrador se ve en su h\u00e1bitat natural. Se siente confortable habl\u00e1ndoles a los pobres y, despu\u00e9s de la crisis de esta pandemia, habr\u00e1 m\u00e1s. Su lenguaje ser\u00e1 entendido por m\u00e1s personas y m\u00e1s mexicanos necesitar\u00e1n de un gobierno y, por estos pr\u00f3ximos cuatro a\u00f1os, \u00e9l es el gobierno. Le gusta ser necesario y si se puede ser indispensable. Su cristianismo y su tropicalizaci\u00f3n del socialismo le dan el \u00edmpetu para seguir con su proyecto de naci\u00f3n: \u201cprimero los pobres\u201d. Ahora, como lo so\u00f1\u00f3, se vuelven indispensables los satisfactores primarios; la comida, la salud, la convivencia social y la protecci\u00f3n de las mujeres a sus ancianos. Ve con una sonrisa de oreja a oreja como la clase media (la cual desde\u00f1a) pierde su rutina y su comodidad. Se saborea la imposici\u00f3n inmediata de lo que \u00e9l planeo para todo un sexenio. Trat\u00f3 de decirnos que su gobierno pasar\u00eda de una austeridad republicana a una pobreza franciscana. Pero esto incluy\u00f3 tambi\u00e9n a la poblaci\u00f3n y con un foco en esta clase social.<\/p>\n<p>Esta frase lapidaria y fuera de toda sensibilidad social nos dice todo sobre su expectativa de pa\u00eds. Ahora nos toca a nosotros revisar, desde el confinamiento, el plan que tendremos, al salir de nuestras casas, o a nuestros centros de trabajo o empresas, en unas semanas o quiz\u00e1s en unos meses. El individualismo ya qued\u00f3 atr\u00e1s, es tiempo de generar un verdadero bien com\u00fan; pero organizado desde la sociedad. Seguir esperando las acciones de gobiernos que solo buscan controlar sus fobias o impulsar sus ambiciones nos llevar\u00e1 a un lugar que quiz\u00e1s nos confine m\u00e1s que estar dentro de nuestras casas, esperando la siguiente instrucci\u00f3n. Hoy m\u00e1s que nunca debemos estar unidos a trav\u00e9s de una ideolog\u00eda nueva que nos ayude adaptarnos a un mundo nuevo. Caso contrario, quedaremos atrapados en pleno siglo XXI en modelos sociales del siglo XX, propuestos en el siglo XIX.<\/p>\n<p><a href=\"mailto:edgargomez_cide@yahoo.com.mx\"><em>edgargomez_cide@yahoo.com.mx<\/em><\/a><\/p>\n","protected":false},"excerpt":{"rendered":"<p><span style=\"color: #005497;\"><strong>Edgar G\u00f3mez Flores<\/strong><\/span><\/p>\n","protected":false},"author":3,"featured_media":0,"comment_status":"open","ping_status":"open","sticky":false,"template":"","format":"standard","meta":{"_monsterinsights_skip_tracking":false,"_monsterinsights_sitenote_active":false,"_monsterinsights_sitenote_note":"","_monsterinsights_sitenote_category":0,"footnotes":""},"categories":[3819],"tags":[85911,85912,43674],"class_list":["post-465796","post","type-post","status-publish","format-standard","hentry","category-edgar-gomez-flores","tag-con-mi-mano-izquierda","tag-edgar-gomez-flores","tag-opinion"],"_links":{"self":[{"href":"https:\/\/www.diarioimagen.net\/index.php?rest_route=\/wp\/v2\/posts\/465796","targetHints":{"allow":["GET"]}}],"collection":[{"href":"https:\/\/www.diarioimagen.net\/index.php?rest_route=\/wp\/v2\/posts"}],"about":[{"href":"https:\/\/www.diarioimagen.net\/index.php?rest_route=\/wp\/v2\/types\/post"}],"author":[{"embeddable":true,"href":"https:\/\/www.diarioimagen.net\/index.php?rest_route=\/wp\/v2\/users\/3"}],"replies":[{"embeddable":true,"href":"https:\/\/www.diarioimagen.net\/index.php?rest_route=%2Fwp%2Fv2%2Fcomments&post=465796"}],"version-history":[{"count":0,"href":"https:\/\/www.diarioimagen.net\/index.php?rest_route=\/wp\/v2\/posts\/465796\/revisions"}],"wp:attachment":[{"href":"https:\/\/www.diarioimagen.net\/index.php?rest_route=%2Fwp%2Fv2%2Fmedia&parent=465796"}],"wp:term":[{"taxonomy":"category","embeddable":true,"href":"https:\/\/www.diarioimagen.net\/index.php?rest_route=%2Fwp%2Fv2%2Fcategories&post=465796"},{"taxonomy":"post_tag","embeddable":true,"href":"https:\/\/www.diarioimagen.net\/index.php?rest_route=%2Fwp%2Fv2%2Ftags&post=465796"}],"curies":[{"name":"wp","href":"https:\/\/api.w.org\/{rel}","templated":true}]}}