{"id":465906,"date":"2020-04-08T00:03:39","date_gmt":"2020-04-08T05:03:39","guid":{"rendered":"https:\/\/www.diarioimagen.net\/?p=465906"},"modified":"2020-04-08T01:32:40","modified_gmt":"2020-04-08T06:32:40","slug":"plan-decepcionante","status":"publish","type":"post","link":"https:\/\/www.diarioimagen.net\/?p=465906","title":{"rendered":"Plan decepcionante"},"content":{"rendered":"<h2>Perfiles de M\u00e9xico<\/h2>\n<h5>Armando R\u00edos Ruiz<\/h5>\n<p>&nbsp;<\/p>\n<p>Terminar su carrera le cost\u00f3 14 a\u00f1os, llegar a la presidencia, 12; su necedad, vista como virtud por su familia, le permiti\u00f3 cumplir con la necesidad de educarse y con la obsesi\u00f3n de convertirse en Primer Mandatario.<\/p>\n<p>Fue p\u00e9simo estudiante. Lo muestra la cantidad de a\u00f1os en Ciencias Pol\u00edticas. Mostr\u00f3 perseverancia con materias como econom\u00eda pol\u00edtica, ciencia pol\u00edtica y otras que repiti\u00f3 innumerables veces. Tuvo tiempo. Ingres\u00f3 a la Facultad en 1973 y sali\u00f3 en 1987, con un promedio muy bajo.<\/p>\n<p>Ahora es autor de libros de econom\u00eda, como el que present\u00f3 en noviembre pasado, denominado \u201cHacia Una Econom\u00eda Moral\u201d, que plasma su visi\u00f3n sobre la conducci\u00f3n de la pol\u00edtica p\u00fablica del pa\u00eds en la 4T, que inici\u00f3 cuando ocup\u00f3 la Primera Magistratura, en diciembre de 2018.<\/p>\n<p>Este domingo, M\u00e9xico estaba expectante ante la presentaci\u00f3n de su plan para reactivar la econom\u00eda, ante la ola que amenaza con abatir las de todo el orbe, inclusive de pa\u00edses ejemplo de fortaleza econ\u00f3mica, como E.U.<\/p>\n<p>Simplemente decepcion\u00f3. La clase empresarial que escuch\u00f3 con mucha atenci\u00f3n lo que supuestamente significar\u00eda una idea o un conjunto de ellas para salvar a M\u00e9xico de la estrepitosa ca\u00edda en materia econ\u00f3mica, porque ya nada que signifique su sost\u00e9n funciona, ha lanzado cr\u00edticas agrias.<\/p>\n<p>No obstante, el Ejecutivo hizo al d\u00eda siguiente, una afirmaci\u00f3n del tama\u00f1o de su ego: que su plan ser\u00e1 modelo a seguir en otras naciones. A\u00f1adi\u00f3 que la gente s\u00ed sabr\u00e1 de qu\u00e9 est\u00e1 hablando. \u201cLos especialistas no, porque ellos est\u00e1n acostumbrados a otras acciones\u201d. \u201cQuieren las recetas del per\u00edodo neoliberal\u201d.<\/p>\n<p>Utiliza y re utiliza sin perder la menor oportunidad, las f\u00f3rmulas de siempre, que ya cansan el \u00e1nimo de la gente, inclusive de muchos que votaron por \u00e9l, pero que han medido con inteligencia lo que ha significado para el pa\u00eds su llegada al m\u00e1ximo pelda\u00f1o pol\u00edtico: un gran peligro, por navegar sin capit\u00e1n y sin tim\u00f3n, en un barco que ya hace agua.<\/p>\n<p>Insiste en que el plan es para los pobres, no para los de arriba, sin mencionar para nada las s\u00faper estrategias que hizo creer ten\u00eda en mente. Dej\u00f3 ver con claridad que el mal que acosa al mundo no le importa. Que si los mexicanos se contagian y mueren, no importa. Que nuestra econom\u00eda hecha pedazos y que amenaza de plano con desbaratarse, no importa.<\/p>\n<p>Importan sus acciones clientelares. Su empe\u00f1o por hacer llegar su voz hasta el \u00faltimo rinc\u00f3n de las clases necesitadas. Importa hacer mucho, mucho eco para que todos los pobres del pa\u00eds sepan que su Presidente se preocupa por ellos. Deben saber que est\u00e1 con ellos, no con los de arriba. Los quiere en las urnas a su lado, cuando llegue el momento, con el voto m\u00e1s caro de nuestra historia.<\/p>\n<p>Reprob\u00f3 muchas veces econom\u00eda, lo mismo que Interpretaci\u00f3n de la Historia, dos materias que parecen fascinarle, pero que no domina ni inmerso en sus sue\u00f1os. M\u00e9xico ha llegado demasiado r\u00e1pido a linderos temerarios por aventurados. La recesi\u00f3n ya es un hecho en todo el mundo, de acuerdo con declaraci\u00f3n del Fondo Monetario Internacional.<\/p>\n<p>Lo afirma una instancia respetable, que sabe mucho de lo que nuestro presidente ignora. No obstante, tambi\u00e9n ignora lo que dice el organismo internacional porque \u00e9l tiene la soluci\u00f3n para salvar al pa\u00eds, a\u00fan si soslaya las necesidades de la clase empresarial, motor indiscutible de nuestra econom\u00eda.<\/p>\n<p>Parece no importarle que la inversi\u00f3n en los pobres acabe con la riqueza de M\u00e9xico, cuando ayudar a los pobres debe verse desde otro \u00e1ngulo y con estrategias diametralmente opuestas a las que utiliza, de darles dinero que s\u00f3lo fomentar\u00e1n su desprecio al trabajo, su esperanza en que el gobierno los mantenga. S\u00f3lo que ser\u00e1 hasta que el dinero alcance.<\/p>\n<p>\u00bfQu\u00e9 mandatarios han abatido la pobreza con m\u00e9todos parecidos? No existe uno solo en toda la historia de la humanidad. Al contrario. Todos han acabado tristemente, lastimosamente depauperados.<\/p>\n<p><a href=\"mailto:ariosruiz@gmail.com\" target=\"_blank\" rel=\"noopener noreferrer\"><em>ariosruiz@gmail.com<\/em><\/a><\/p>\n","protected":false},"excerpt":{"rendered":"<p><span style=\"color: #005497;\"><strong>Armando R\u00edos Ruiz<\/strong><\/span><\/p>\n","protected":false},"author":3,"featured_media":0,"comment_status":"open","ping_status":"open","sticky":false,"template":"","format":"standard","meta":{"_monsterinsights_skip_tracking":false,"_monsterinsights_sitenote_active":false,"_monsterinsights_sitenote_note":"","_monsterinsights_sitenote_category":0,"footnotes":""},"categories":[88405],"tags":[88407,43674,88406],"class_list":["post-465906","post","type-post","status-publish","format-standard","hentry","category-armando-rios-ruiz","tag-armando-rios-ruiz","tag-opinion","tag-perfiles-de-mexico"],"_links":{"self":[{"href":"https:\/\/www.diarioimagen.net\/index.php?rest_route=\/wp\/v2\/posts\/465906","targetHints":{"allow":["GET"]}}],"collection":[{"href":"https:\/\/www.diarioimagen.net\/index.php?rest_route=\/wp\/v2\/posts"}],"about":[{"href":"https:\/\/www.diarioimagen.net\/index.php?rest_route=\/wp\/v2\/types\/post"}],"author":[{"embeddable":true,"href":"https:\/\/www.diarioimagen.net\/index.php?rest_route=\/wp\/v2\/users\/3"}],"replies":[{"embeddable":true,"href":"https:\/\/www.diarioimagen.net\/index.php?rest_route=%2Fwp%2Fv2%2Fcomments&post=465906"}],"version-history":[{"count":0,"href":"https:\/\/www.diarioimagen.net\/index.php?rest_route=\/wp\/v2\/posts\/465906\/revisions"}],"wp:attachment":[{"href":"https:\/\/www.diarioimagen.net\/index.php?rest_route=%2Fwp%2Fv2%2Fmedia&parent=465906"}],"wp:term":[{"taxonomy":"category","embeddable":true,"href":"https:\/\/www.diarioimagen.net\/index.php?rest_route=%2Fwp%2Fv2%2Fcategories&post=465906"},{"taxonomy":"post_tag","embeddable":true,"href":"https:\/\/www.diarioimagen.net\/index.php?rest_route=%2Fwp%2Fv2%2Ftags&post=465906"}],"curies":[{"name":"wp","href":"https:\/\/api.w.org\/{rel}","templated":true}]}}