{"id":466013,"date":"2020-04-13T00:12:32","date_gmt":"2020-04-13T05:12:32","guid":{"rendered":"https:\/\/www.diarioimagen.net\/?p=466013"},"modified":"2020-04-13T00:40:30","modified_gmt":"2020-04-13T05:40:30","slug":"la-republica-se-convulsiona","status":"publish","type":"post","link":"https:\/\/www.diarioimagen.net\/?p=466013","title":{"rendered":"La Rep\u00fablica se convulsiona"},"content":{"rendered":"<h2>Tras la puerta del poder<\/h2>\n<h5>Roberto Vizca\u00edno<\/h5>\n<p>&nbsp;<\/p>\n<div id=\"attachment_464141\" style=\"width: 470px\" class=\"wp-caption aligncenter\"><a href=\"https:\/\/www.diarioimagen.net\/?attachment_id=464141\" rel=\"attachment wp-att-464141\"><img loading=\"lazy\" decoding=\"async\" aria-describedby=\"caption-attachment-464141\" class=\"size-large wp-image-464141\" src=\"https:\/\/www.diarioimagen.net\/wp-content\/uploads\/2020\/03\/todo-se-junta-LUIS-XAVIER-460x355.jpg\" alt=\"\" width=\"460\" height=\"355\" srcset=\"https:\/\/www.diarioimagen.net\/wp-content\/uploads\/2020\/03\/todo-se-junta-LUIS-XAVIER-460x355.jpg 460w, https:\/\/www.diarioimagen.net\/wp-content\/uploads\/2020\/03\/todo-se-junta-LUIS-XAVIER-240x185.jpg 240w, https:\/\/www.diarioimagen.net\/wp-content\/uploads\/2020\/03\/todo-se-junta-LUIS-XAVIER-768x593.jpg 768w, https:\/\/www.diarioimagen.net\/wp-content\/uploads\/2020\/03\/todo-se-junta-LUIS-XAVIER.jpg 1200w\" sizes=\"auto, (max-width: 460px) 100vw, 460px\" \/><\/a><p id=\"caption-attachment-464141\" class=\"wp-caption-text\">Todo se junta&#8230; | Luis Xavier<\/p><\/div>\n<p>&nbsp;<\/p>\n<p>\u00bfVive M\u00e9xico la fractura? \u00bfFrente a qu\u00e9 estamos si, como parece, crece entre los peque\u00f1os y medianos empresarios la intenci\u00f3n de no pagar impuestos ni federales ni estatales, ni las contribuciones al IMSS ni al Infonavit?<\/p>\n<p>\u00bfQu\u00e9 ocurrir\u00e1 si al parejo de ello igual se consolida el reclamo de un importante grupo de gobernadores que reclaman una revisi\u00f3n y reorientaci\u00f3n del pacto fiscal?<\/p>\n<p>\u00bfY si a todo ello se suma que el presidente <strong>Andr\u00e9s Manuel L\u00f3pez Obrador<\/strong> insiste en no aplicar ning\u00fan programa de ayuda al aparato productivo, comercial, exportador y tur\u00edstico del pa\u00eds?<\/p>\n<p>En plena ola de reclamos y repudio de empresarios hacia la decisi\u00f3n de <strong>AMLO <\/strong>de no darles una tregua fiscal, ni de brindarles oportunidades financieras para su sobrevivencia, al tiempo de reclamarles el pago sin pr\u00f3rroga de impuestos en tiempo y forma, como si no existiera el ator\u00f3n econ\u00f3mico por el coronavirus, miles de ellos decidieron este fin de Semana Santa proceder a cerrar en definitiva y a despedir a sus empleados.<\/p>\n<p>Hay quienes advierten que esta decisi\u00f3n podr\u00eda afectar con el despido en las siguientes semanas a entre 4 a 6 millones de trabajadores.<\/p>\n<p>En esta convulsi\u00f3n en que entra r\u00e1pidamente la Rep\u00fablica, est\u00e1n a punto de expresarse la mayor\u00eda de los a 2 mil 458 alcaldes del pa\u00eds, muchos de los cuales terminar\u00e1n sus gestiones en junio del a\u00f1o que entra en la peor de las miserias, con grandes deudas, y sin haber sido escuchados ni atendidos por el presidente <strong>L\u00f3pez Obrador<\/strong>, quien se ha negado insistentemente a recibirlos.<\/p>\n<p>El r\u00e1pido ingreso de M\u00e9xico a la ola de inconformidad empresarial, sumada a la de gobernadores y alcaldes, advierte rompimientos no s\u00f3lo pol\u00edticos y econ\u00f3micos, sino sociales.<\/p>\n<p>Hoy mismo se comenzar\u00e1n a revaluar las posiciones y las acciones.<\/p>\n<p>Por lo pronto, las <strong>C\u00e1maras Nacionales de Comercio <\/strong>de <strong>Tamaulipas <\/strong>y de <strong>Acapulco<\/strong>, se mantienen en su intenci\u00f3n de no pagar impuestos mientras que las de Monterrey, Guadalajara, San Luis Potos\u00ed, Tijuana, Aguascalientes y Quer\u00e9taro, se afirma, se sumar\u00e1n en estas horas siguientes.<\/p>\n<p>Una vez asumida la huelga de pagos fiscales y de contribuciones, la Federaci\u00f3n de C\u00e1maras de Comercio, la Fecanaco de Tamaulipas, inform\u00f3 que en esta huelga de pagos participar\u00e1n <strong>20 mil afiliados <\/strong>locales mientras la Canaco de <strong>Durango<\/strong>, la Coparmex de Tamaulipas y la Canaco de Acapulco se sumaron a esta la insurrecci\u00f3n fiscal.<\/p>\n<p><strong>Mauricio Olgu\u00edn<\/strong>, l\u00edder empresarial en Durango, dijo que seguramente hoy anunciar\u00e1n que sus 18 mil comercios afiliados, entrar\u00e1n en el impago fiscal.<\/p>\n<p>\u201cNo estamos dispuestos a pagar impuestos durante esta contingencia porque las empresas est\u00e1n atravesando por momentos muy dif\u00edciles\u2026 lo que queremos lograr es que se aplace el pago de impuestos durante este a\u00f1o\u201d, indic\u00f3 <strong>Olgu\u00edn<\/strong>.<\/p>\n<p>La Coparmex en Tamaulipas tambi\u00e9n ir\u00e1 por la suspensi\u00f3n de pagos, pero lo har\u00e1 v\u00eda amparos, inform\u00f3 <strong>Mario Flores,<\/strong> titular del organismo en Ciudad Victoria.<\/p>\n<p><strong>Jos\u00e9 Manuel L\u00f3pez<\/strong>, titular de la Concanaco, revel\u00f3 que en <strong>Acapulco t<\/strong>ambi\u00e9n dejar\u00e1n de pagar impuestos, aunque aclar\u00f3 que no es una determinaci\u00f3n de la Confederaci\u00f3n a nivel nacional.<\/p>\n<p>Organismos como Coparmex y el Consejo Coordinador Empresarial, Canacintra y otras organizaciones analizan impulsar una demanda colectiva de amparos para evitar el pago de impuestos como consecuencia del paro por la pandemia del coronavirus.<\/p>\n<p>La distribuci\u00f3n de los recursos fiscales para los estados del pa\u00eds ha sido cuestionada desde diversos sectores.<\/p>\n<p><strong>Jos\u00e9 Manuel L\u00f3pez Campos<\/strong>, de Concanaco preve una reuni\u00f3n virtual con los presidentes de todas las c\u00e1maras de comercio del pa\u00eds, que podr\u00eda derivar en una huelga de pago de impuestos nacional.<\/p>\n<p style=\"text-align: center;\"><strong>Entran los gobernadores<\/strong><\/p>\n<p>Inconformes con las decisiones parciales y unipersonales asumidas por el presidente <strong>Andr\u00e9s Manuel L\u00f3pez Obrador<\/strong>, respecto al manejo de salud de la pandemia y sus consecuencias econ\u00f3micas, los gobernadores de Jalisco, <strong>Enrique Alfaro; Jaime Rodr\u00edguez, de Nuevo Le\u00f3n; Francisco Javier Garc\u00eda Cabeza de Vaca, de Tamaulipas; Diego Sinhue Rodr\u00edguez Vallejo<\/strong>, de Guanajuato; <strong>Javier Corral<\/strong>, de Chihuahua; <strong>Francisco Dom\u00ednguez,<\/strong> de Quer\u00e9taro; <strong>Carlos Joaqu\u00edn<\/strong>, de Quintana Roo y <strong>Carlos Mendoza Davis<\/strong>, de Baja California sur y presidente en turno de la Conago, reactivaron durante s\u00e1bado y domingo el reclamo de ir a una nueva Convenci\u00f3n Hacendaria.<\/p>\n<p>Todos ellos y otros de sus compa\u00f1eros, as\u00ed como los alcaldes de todos los partidos, incluidos los de Morena, demandan <strong>revisar el Pacto Fiscal.<\/strong><\/p>\n<p>En esta exigencia se suma la Coparmex dirigida por <strong>Gustavo de Hoyos<\/strong>, quien afirma que el pa\u00eds requiere que se revise el esquema de recaudaci\u00f3n y reparto tributario para una nueva y m\u00e1s equitativa distribuci\u00f3n del gasto federalizado.<\/p>\n<p>El <strong>Senador<\/strong> priista <strong>Jorge Carlos Ram\u00edrez Mar\u00edn<\/strong>, vicepresidente de la Mesa Directiva de la c\u00e1mara alta, coincidi\u00f3 en que urge revisar el pacto fiscal existente<\/p>\n<p>Enterados de este incipiente movimiento en pro de una convenci\u00f3n nacional hacendaria para la revisi\u00f3n del pacto federal, los gobernador de Oaxaca y de Hidalgo, Alejandro <strong>Murat y Omar Fayad<\/strong>, respectivamente, pidieron a sus colegas:<\/p>\n<p>\u201cM\u00e9xico necesita en estos momentos un gran pacto nacional entre gobernantes, empresarios y sociedad civil. Un verdadero pacto de unidad nacional en donde se ponga por encima de todo la salud de los mexicanos\u201d, indic\u00f3 <strong>Murat<\/strong>.<\/p>\n<p style=\"text-align: center;\"><strong>Versiones<\/strong><\/p>\n<p>Al parejo de todo lo anterior, corre la versi\u00f3n de que un importante grupo de empresarios del norte del pa\u00eds, quienes durante la campa\u00f1a presidencial de 2018 intentaron formar bloque a favor del panista <strong>Ricardo Anaya<\/strong>, se han vuelto a reunir ahora para iniciar la recaudaci\u00f3n de fondos a fin de apoyar una acci\u00f3n<\/p>\n<p>Un grupo de empresarios del norte del pa\u00eds, ha decidido tomar acciones para impulsar la revocaci\u00f3n de mandato de L\u00f3pez Obrador.<\/p>\n<p>Estos empresarios est\u00e1n encabezados por 8 prominentes hombres de negocios, se dice, quienes aportar\u00edan cada uno 20 millones de d\u00f3lares para financiar este movimiento<strong>.<\/strong><\/p>\n<p>\u201cLos recursos servir\u00e1n para financiar una operaci\u00f3n pol\u00edtica y medi\u00e1tica. Piensan utilizar, bueno, unirse al PAN, pues no quieren arriesgarse con un proyecto independiente que no cuaje\u201d, se\u00f1al\u00f3 la columnista <strong>Lourdes Mendoza<\/strong> en <em>El Financiero<\/em>.<\/p>\n<p style=\"text-align: center;\"><strong>Podr\u00eda haber cambios en la estrategia<\/strong><\/p>\n<p>Acostumbrado a lidiar con situaciones de extrema presi\u00f3n, el zacatecano <strong>Ricardo Monreal<\/strong> no s\u00f3lo se reuni\u00f3 hace algunos d\u00edas con dirigentes empresariales, sino que advirti\u00f3 que en sus conversaciones con <strong>Andr\u00e9s Manuel L\u00f3pez Obrador<\/strong> \u00a0a percibido que podr\u00eda reorientar su estrategia ante la pandemia.<\/p>\n<p>Dijo que los ataques y diferencias surgidos frente a la propuesta del presidente <strong>L\u00f3pez Obrador<\/strong>, que empresarios y opositores consideran \u201cinsuficiente\u201d, podr\u00eda modificarse.<\/p>\n<p>\u201c\u2026 se pueden dar cambios en el Plan Emergente y en el Acuerdo Nacional, tan as\u00ed que el presidente L\u00f3pez Obrador mantiene reuniones con diversos grupos empresariales, y es de esperarse diversas evaluaciones a lo largo de estos d\u00edas, para observar los impactos en la recaudaci\u00f3n y la evoluci\u00f3n de la pandemia\u201d, indic\u00f3.<\/p>\n<p>As\u00ed que las diferentes fuerzas se mueven y act\u00faan dentro de esta convulsi\u00f3n de la Rep\u00fablica.<\/p>\n<p><em><a href=\"mailto:rvizcainoa@gmail.com\" target=\"_blank\" rel=\"noopener noreferrer\">rvizcainoa@gmail.com<\/a><br \/>\n<u><a href=\"http:\/\/endirecto.mx\" target=\"_blank\" rel=\"noopener noreferrer\">www.endirecto.mx<\/a><br \/>\n<a href=\"https:\/\/twitter.com\/_rvizcaino\" target=\"_blank\" rel=\"noopener noreferrer\">@_RVizcaino<\/a><br \/>\n<a href=\"https:\/\/www.facebook.com\/rvizcainoa\" target=\"_blank\" rel=\"noopener noreferrer\">facebook.com\/rvizcainoa<\/a><\/u><\/em><\/p>\n","protected":false},"excerpt":{"rendered":"<p><span style=\"color: #005497;\"><strong>Roberto Vizca\u00edno<\/strong><\/span><br \/>\n<br \/>\n\u00bfVive M\u00e9xico la fractura? \u00bfFrente a qu\u00e9 estamos si, como parece, crece entre los peque\u00f1os y medianos empresarios la intenci\u00f3n de no pagar impuestos ni federales ni estatales, ni las contribuciones al IMSS ni al Infonavit?<\/p>\n","protected":false},"author":3,"featured_media":464141,"comment_status":"open","ping_status":"open","sticky":false,"template":"","format":"standard","meta":{"_monsterinsights_skip_tracking":false,"_monsterinsights_sitenote_active":false,"_monsterinsights_sitenote_note":"","_monsterinsights_sitenote_category":0,"footnotes":""},"categories":[136],"tags":[43674,93,94],"class_list":["post-466013","post","type-post","status-publish","format-standard","has-post-thumbnail","hentry","category-roberto-vizcaino-opinion","tag-opinion","tag-roberto-vizcaino","tag-tras-la-puerta-del-poder"],"_links":{"self":[{"href":"https:\/\/www.diarioimagen.net\/index.php?rest_route=\/wp\/v2\/posts\/466013","targetHints":{"allow":["GET"]}}],"collection":[{"href":"https:\/\/www.diarioimagen.net\/index.php?rest_route=\/wp\/v2\/posts"}],"about":[{"href":"https:\/\/www.diarioimagen.net\/index.php?rest_route=\/wp\/v2\/types\/post"}],"author":[{"embeddable":true,"href":"https:\/\/www.diarioimagen.net\/index.php?rest_route=\/wp\/v2\/users\/3"}],"replies":[{"embeddable":true,"href":"https:\/\/www.diarioimagen.net\/index.php?rest_route=%2Fwp%2Fv2%2Fcomments&post=466013"}],"version-history":[{"count":0,"href":"https:\/\/www.diarioimagen.net\/index.php?rest_route=\/wp\/v2\/posts\/466013\/revisions"}],"wp:featuredmedia":[{"embeddable":true,"href":"https:\/\/www.diarioimagen.net\/index.php?rest_route=\/wp\/v2\/media\/464141"}],"wp:attachment":[{"href":"https:\/\/www.diarioimagen.net\/index.php?rest_route=%2Fwp%2Fv2%2Fmedia&parent=466013"}],"wp:term":[{"taxonomy":"category","embeddable":true,"href":"https:\/\/www.diarioimagen.net\/index.php?rest_route=%2Fwp%2Fv2%2Fcategories&post=466013"},{"taxonomy":"post_tag","embeddable":true,"href":"https:\/\/www.diarioimagen.net\/index.php?rest_route=%2Fwp%2Fv2%2Ftags&post=466013"}],"curies":[{"name":"wp","href":"https:\/\/api.w.org\/{rel}","templated":true}]}}