{"id":466046,"date":"2020-04-13T00:06:14","date_gmt":"2020-04-13T05:06:14","guid":{"rendered":"https:\/\/www.diarioimagen.net\/?p=466046"},"modified":"2020-04-13T00:23:14","modified_gmt":"2020-04-13T05:23:14","slug":"el-petroleo-mexicano-antes-y-despues-del-covid-19","status":"publish","type":"post","link":"https:\/\/www.diarioimagen.net\/?p=466046","title":{"rendered":"El petr\u00f3leo mexicano, antes y despu\u00e9s del COVID-19"},"content":{"rendered":"<h2>Como veo, doy<\/h2>\n<h5>Jorge Luis Galicia Palacios<\/h5>\n<p>&nbsp;<\/p>\n<ul>\n<li><strong><em>Energ\u00edas limpias \u00bfen la agenda nacional?<\/em><\/strong><\/li>\n<\/ul>\n<p>&nbsp;<\/p>\n<p>Para quienes piensan que en la historia del M\u00e9xico actual sus habitantes tendremos que referirnos a ella como un antes y despu\u00e9s del Covid19, no est\u00e1n equivocados, y para demostrarlo habr\u00e1 muchos ejemplos en materia econ\u00f3mica, pol\u00edtica, social y cultural.<\/p>\n<p>La energ\u00e9tica es uno de esos casos en que seguramente se seguir\u00e1 hablando de un antes y despu\u00e9s de la pandemia, ya que los precios del petr\u00f3leo se desplomaron a nivel mundial y eso est\u00e1 obligando a los pa\u00edses productores a replantear su estrategia en cuanto a las bondades econ\u00f3micas que les significa ser exportadores o que sus econom\u00edas pr\u00e1cticamente dependan del tambi\u00e9n llamado oro negro.<\/p>\n<p>Hasta antes del Coronavirus, el gobierno mexicano mostraba poco inter\u00e9s por las energ\u00edas alternativas, tambi\u00e9n llamadas limpias, y m\u00e1s bien daba a entender que se apostaba a una pol\u00edtica petrolera que generara riqueza, una pol\u00edtica en la que los pron\u00f3sticos eran que a trav\u00e9s de ella se generar\u00edan empleos y en una apuesta mayor era que, desde esa visi\u00f3n, se detonar\u00e1 el desarrollo econ\u00f3mico de todo el pa\u00eds, pero la aparici\u00f3n de la crisis originada por la pandemia encendieron los focos rojos y hoy los altos niveles gubernamentales\u00a0 ponderan esa estrategia, que aunque no es mala tampoco es una panacea como para cerrarse a otras opciones de mediano y largo plazo en cuanto a pol\u00edtica energ\u00e9tica se refiere.<\/p>\n<p>En el contexto del desplome mundial de los precios del petr\u00f3leo y en el marco de una r\u00edspida negociaci\u00f3n que M\u00e9xico sostuvo con representantes de la Organizaci\u00f3n de Pa\u00edses Exportadores de Petr\u00f3leo (OPEP) y otras naciones, el presidente\u00a0de M\u00e9xico, Andr\u00e9s Manuel L\u00f3pez Obrador,<strong>\u00a0<\/strong>se\u00f1al\u00f3 que se debe buscar la generaci\u00f3n el\u00e9ctrica con\u00a0energ\u00edas alternativas\u00a0y no apostar todo al petr\u00f3leo, sin que ello signifique renunciar al esquema de refinaci\u00f3n, como se tiene previsto con la construcci\u00f3n de la refiner\u00eda de Dos Bocas, Tabasco, y la rehabilitaci\u00f3n de seis m\u00e1s.<\/p>\n<p>\u201cVamos a seguir extrayendo petr\u00f3leo, cuidando nuestras reservas y buscando tambi\u00e9n la generaci\u00f3n de opciones con energ\u00edas alternativas; no apostar todo al petr\u00f3leo, que es un producto no renovable, y que tenemos que heredar a las nuevas generaciones. Pero vamos a seguir con la pol\u00edtica de refinar en M\u00e9xico\u201d, destac\u00f3 L\u00f3pez Obrador, al dar a conocer las fuertes presiones que nuestro pa\u00eds recibi\u00f3 de la OPEP para que, junto con otras naciones productoras del hidrocarburo, redujeran su producci\u00f3n en un porcentaje del orden del 23%.<\/p>\n<p>Hasta donde sabemos, las negociaciones en este tema contin\u00faan al interior de la OPEP y fuera de ella, pero en el mensaje del presidente mexicano asom\u00f3 una directriz que hasta antes del Coronavirus parec\u00eda impensable o remotamente imposible: Que en materia energ\u00e9tica las energ\u00edas alternativas (limpias) son una realidad y opci\u00f3n al petr\u00f3leo.<\/p>\n<p>VA MI RESTO.- Producir y refinar petr\u00f3leo mediante el mantenimiento de seis refiner\u00edas y la construcci\u00f3n de otra, en Dos Bocas, Tabasco, son parte de los objetivos establecidos en el Plan Nacional de Desarrollo 2018-2024 (PND) y en esos objetivos se habla tambi\u00e9n del rescate de las plantas hidroel\u00e9ctricas del pa\u00eds, \u201calgunas de las cuales operan con maquinaria de 50 a\u00f1os de edad y producen, en general, muy por debajo de su capacidad\u201d.<\/p>\n<p>Casi a\u00f1o y medio despu\u00e9s de haber arrancado el nuevo gobierno, muchos a\u00fan se cuestionaban, adem\u00e1s de la refiner\u00eda de Dos Bocas, de la rehabilitaci\u00f3n de otras seis y las hidroel\u00e9ctricas \u00bfQu\u00e9 m\u00e1s hay en materia energ\u00e9tica?, porque la energ\u00eda tambi\u00e9n proviene del agua, el sol, el aire, la geot\u00e9rmica y otras como las que se producen en el mar a trav\u00e9s del movimiento de las mareas.<\/p>\n<p>\u201cLa nueva pol\u00edtica energ\u00e9tica del Estado mexicano impulsar\u00e1 el desarrollo sostenible mediante la incorporaci\u00f3n de poblaciones y comunidades a la producci\u00f3n de energ\u00eda con fuentes renovables, mismas que ser\u00e1n fundamentales para dotar de electricidad a las peque\u00f1as comunidades aisladas que a\u00fan carecen de ella y que suman unos dos millones de habitantes\u201d, puntualiza en uno de sus apartados el PND, sin embargo en todo el documento, m\u00e1s all\u00e1 de las refiner\u00edas y las hidroel\u00e9ctricas, no se precisan proyectos en materia de energ\u00edas limpias y si acaso se establece que, en las Universidades para el Bienestar Benito Ju\u00e1rez Garc\u00eda, una de las carreras que se impartir\u00e1n ser\u00e1 la de ingenier\u00eda en Energ\u00edas Renovables.<\/p>\n<p>No es que uno est\u00e9 en contra del rescate petrolero y el fortalecimiento del sector el\u00e9ctrico, pero tambi\u00e9n nos gustar\u00eda que los recursos p\u00fablicos sirvieran para invertir en energ\u00edas renovables o limpias, porque es un hecho que, en materia de energ\u00edas agotables, como el gas y el petr\u00f3leo, hay una crisis.<\/p>\n<p>Como bien lo acota el presidente L\u00f3pez Obrador, es tiempo de invertir y apostar al futuro energ\u00e9tico, no apostando todo al petr\u00f3leo, y en esa b\u00fasqueda no hay otra respuesta m\u00e1s que la de energ\u00edas limpias, sin olvidar que, frente a las fuentes convencionales, las energ\u00edas renovables son recursos limpios cuyo impacto al medio ambiente es pr\u00e1cticamente nulo y siempre reversible.<\/p>\n<p>No hay duda, al igual que el tema petrolero, el tema de las energ\u00edas limpias merece un apartado especial en los planes gubernamentales y si eso sucede entonces estaremos hablando que en esta administraci\u00f3n tambi\u00e9n habr\u00e1 respeto al medio ambiente y, sobre todo, que hay una apuesta por un futuro m\u00e1s amigable con todos los componentes de nuestro entorno ambiental, y hasta ah\u00ed porque como veo doy.<\/p>\n<p><em><a href=\"mailto:jorgelgalicia@yahoo.com.mx\" target=\"_blank\" rel=\"noopener noreferrer\">jorgelgalicia@yahoo.com.mx<\/a><\/em><\/p>\n","protected":false},"excerpt":{"rendered":"<p><span style=\"color: #005497;\"><strong>Jorge Luis Galicia Palacios<\/strong><\/span><\/p>\n","protected":false},"author":3,"featured_media":0,"comment_status":"open","ping_status":"open","sticky":false,"template":"","format":"standard","meta":{"_monsterinsights_skip_tracking":false,"_monsterinsights_sitenote_active":false,"_monsterinsights_sitenote_note":"","_monsterinsights_sitenote_category":0,"footnotes":""},"categories":[63916],"tags":[28722,63917,43674],"class_list":["post-466046","post","type-post","status-publish","format-standard","hentry","category-jorge-luis-galicia-palacios","tag-como-veo-doy","tag-jorge-luis-galicia-palacios","tag-opinion"],"_links":{"self":[{"href":"https:\/\/www.diarioimagen.net\/index.php?rest_route=\/wp\/v2\/posts\/466046","targetHints":{"allow":["GET"]}}],"collection":[{"href":"https:\/\/www.diarioimagen.net\/index.php?rest_route=\/wp\/v2\/posts"}],"about":[{"href":"https:\/\/www.diarioimagen.net\/index.php?rest_route=\/wp\/v2\/types\/post"}],"author":[{"embeddable":true,"href":"https:\/\/www.diarioimagen.net\/index.php?rest_route=\/wp\/v2\/users\/3"}],"replies":[{"embeddable":true,"href":"https:\/\/www.diarioimagen.net\/index.php?rest_route=%2Fwp%2Fv2%2Fcomments&post=466046"}],"version-history":[{"count":0,"href":"https:\/\/www.diarioimagen.net\/index.php?rest_route=\/wp\/v2\/posts\/466046\/revisions"}],"wp:attachment":[{"href":"https:\/\/www.diarioimagen.net\/index.php?rest_route=%2Fwp%2Fv2%2Fmedia&parent=466046"}],"wp:term":[{"taxonomy":"category","embeddable":true,"href":"https:\/\/www.diarioimagen.net\/index.php?rest_route=%2Fwp%2Fv2%2Fcategories&post=466046"},{"taxonomy":"post_tag","embeddable":true,"href":"https:\/\/www.diarioimagen.net\/index.php?rest_route=%2Fwp%2Fv2%2Ftags&post=466046"}],"curies":[{"name":"wp","href":"https:\/\/api.w.org\/{rel}","templated":true}]}}