{"id":466114,"date":"2020-04-14T00:02:55","date_gmt":"2020-04-14T05:02:55","guid":{"rendered":"https:\/\/www.diarioimagen.net\/?p=466114"},"modified":"2020-04-14T00:35:05","modified_gmt":"2020-04-14T05:35:05","slug":"entrega-el-dif-naucalpan-apoyos-a-la-casa-hogar-marillac-residen-80-ancianos","status":"publish","type":"post","link":"https:\/\/www.diarioimagen.net\/?p=466114","title":{"rendered":"Entrega el DIF Naucalpan apoyos a la Casa Hogar Marillac; residen 80 ancianos"},"content":{"rendered":"<ul>\n<li><strong><em>Canastas alimentarias y antibacterial<\/em><\/strong><\/li>\n<\/ul>\n<p><strong>\u00a0<\/strong><\/p>\n<div id=\"attachment_466153\" style=\"width: 470px\" class=\"wp-caption aligncenter\"><a href=\"https:\/\/www.diarioimagen.net\/?attachment_id=466153\" rel=\"attachment wp-att-466153\"><img loading=\"lazy\" decoding=\"async\" aria-describedby=\"caption-attachment-466153\" class=\"size-large wp-image-466153\" src=\"https:\/\/www.diarioimagen.net\/wp-content\/uploads\/2020\/04\/CAMACHO14-a-460x259.jpg\" alt=\"\" width=\"460\" height=\"259\" srcset=\"https:\/\/www.diarioimagen.net\/wp-content\/uploads\/2020\/04\/CAMACHO14-a-460x259.jpg 460w, https:\/\/www.diarioimagen.net\/wp-content\/uploads\/2020\/04\/CAMACHO14-a-240x135.jpg 240w, https:\/\/www.diarioimagen.net\/wp-content\/uploads\/2020\/04\/CAMACHO14-a-235x132.jpg 235w, https:\/\/www.diarioimagen.net\/wp-content\/uploads\/2020\/04\/CAMACHO14-a-202x114.jpg 202w, https:\/\/www.diarioimagen.net\/wp-content\/uploads\/2020\/04\/CAMACHO14-a-350x196.jpg 350w, https:\/\/www.diarioimagen.net\/wp-content\/uploads\/2020\/04\/CAMACHO14-a-220x123.jpg 220w, https:\/\/www.diarioimagen.net\/wp-content\/uploads\/2020\/04\/CAMACHO14-a-237x132.jpg 237w, https:\/\/www.diarioimagen.net\/wp-content\/uploads\/2020\/04\/CAMACHO14-a.jpg 480w\" sizes=\"auto, (max-width: 460px) 100vw, 460px\" \/><\/a><p id=\"caption-attachment-466153\" class=\"wp-caption-text\">El DIF Naucalpan otorg\u00f3 100 canastas alimentarias y 10 litros de gel antibacterial a la Casa Hogar Marillac, donde residen 89 personas de la tercera edad.<\/p><\/div>\n<p>&nbsp;<\/p>\n<p><strong>Naucalpan, Estado de M\u00e9xico.- <\/strong>El Gobierno municipal, a trav\u00e9s del DIF Naucalpan, otorg\u00f3 100 canastas alimentarias y 10 litros de gel antibacterial a la Casa Hogar Marillac, donde residen 89 personas de la tercera edad.<\/p>\n<p>La entrega directa de estos productos forma parte de los\u00a0 acuerdos del Consejo Municipal de Emergencia para la Atenci\u00f3n del Covid-19, con el fin de mitigar el riesgo de contagio de los sectores m\u00e1s vulnerables, como los adultos mayores.<\/p>\n<p>Las canastas alimentarias cuentan con productos como frijol, arroz, aceite, galletas, at\u00fan y az\u00facar, entre otros.<\/p>\n<p>Asimismo, personal de la Coordinaci\u00f3n de Protecci\u00f3n Civil realiz\u00f3 una jornada de sanitizaci\u00f3n tanto en el edificio como en los jardines, con lo que se cubri\u00f3 un \u00e1rea total de 5 mil 200 metros cuadrados.<\/p>\n<p>\u201cDesde los primeros d\u00edas de marzo empezamos con todas las recomendaciones emitidas por la Secretar\u00eda de Salud. A partir del 15 de marzo cerramos el asilo a todas las visitas\u201d, coment\u00f3 Jaime L\u00f3pez, Director del Hogar Marillac.<\/p>\n<p>Como parte de las medidas de prevenci\u00f3n implementadas dentro de sus instalaciones, cada piso cuenta con agua clorada y gel antibacterial, as\u00ed como letreros con la informaci\u00f3n sobre los cuidados a seguir durante esta emergencia sanitaria.<\/p>\n<p>Asimismo, Jaime L\u00f3pez asegur\u00f3 que se han realizado pl\u00e1ticas con el personal encargado del cuidado de las personas de la tercera edad, para extremar medidas de higiene dentro del asilo.<\/p>\n<p>Para obtener informaci\u00f3n sobre el coronavirus, el Gobierno municipal habilit\u00f3 el micrositio https:\/\/naucalpan.gob.mx\/covid-19. Tambi\u00e9n se pone a disposici\u00f3n los tel\u00e9fonos 800 004 4800, de la Unidad de Inteligencia Epidemiol\u00f3gica y Sanitaria; 800 900 3200, tel\u00e9fono de asesor\u00eda COVID-19 del Estado de M\u00e9xico; as\u00ed como 5371 2250, del C4 municipal.<\/p>\n","protected":false},"excerpt":{"rendered":"<p>El Gobierno municipal, a trav\u00e9s del DIF Naucalpan, otorg\u00f3 100 canastas alimentarias y 10 litros de gel antibacterial a la Casa Hogar Marillac, donde residen 89 personas de la tercera edad.<\/p>\n","protected":false},"author":3,"featured_media":466153,"comment_status":"open","ping_status":"open","sticky":false,"template":"","format":"standard","meta":{"_monsterinsights_skip_tracking":false,"_monsterinsights_sitenote_active":false,"_monsterinsights_sitenote_note":"","_monsterinsights_sitenote_category":0,"footnotes":""},"categories":[5],"tags":[90807,43675,970],"class_list":["post-466114","post","type-post","status-publish","format-standard","has-post-thumbnail","hentry","category-estado-de-mexico","tag-casa-hogar-marillac","tag-estado-de-mexico","tag-naucalpan"],"_links":{"self":[{"href":"https:\/\/www.diarioimagen.net\/index.php?rest_route=\/wp\/v2\/posts\/466114","targetHints":{"allow":["GET"]}}],"collection":[{"href":"https:\/\/www.diarioimagen.net\/index.php?rest_route=\/wp\/v2\/posts"}],"about":[{"href":"https:\/\/www.diarioimagen.net\/index.php?rest_route=\/wp\/v2\/types\/post"}],"author":[{"embeddable":true,"href":"https:\/\/www.diarioimagen.net\/index.php?rest_route=\/wp\/v2\/users\/3"}],"replies":[{"embeddable":true,"href":"https:\/\/www.diarioimagen.net\/index.php?rest_route=%2Fwp%2Fv2%2Fcomments&post=466114"}],"version-history":[{"count":0,"href":"https:\/\/www.diarioimagen.net\/index.php?rest_route=\/wp\/v2\/posts\/466114\/revisions"}],"wp:featuredmedia":[{"embeddable":true,"href":"https:\/\/www.diarioimagen.net\/index.php?rest_route=\/wp\/v2\/media\/466153"}],"wp:attachment":[{"href":"https:\/\/www.diarioimagen.net\/index.php?rest_route=%2Fwp%2Fv2%2Fmedia&parent=466114"}],"wp:term":[{"taxonomy":"category","embeddable":true,"href":"https:\/\/www.diarioimagen.net\/index.php?rest_route=%2Fwp%2Fv2%2Fcategories&post=466114"},{"taxonomy":"post_tag","embeddable":true,"href":"https:\/\/www.diarioimagen.net\/index.php?rest_route=%2Fwp%2Fv2%2Ftags&post=466114"}],"curies":[{"name":"wp","href":"https:\/\/api.w.org\/{rel}","templated":true}]}}