{"id":466130,"date":"2020-04-14T00:08:05","date_gmt":"2020-04-14T05:08:05","guid":{"rendered":"https:\/\/www.diarioimagen.net\/?p=466130"},"modified":"2020-04-14T21:39:47","modified_gmt":"2020-04-15T02:39:47","slug":"sin-estrategia-de-estado","status":"publish","type":"post","link":"https:\/\/www.diarioimagen.net\/?p=466130","title":{"rendered":"Sin estrategia de Estado"},"content":{"rendered":"<h2>Detr\u00e1s del Poder<\/h2>\n<h5>Jos\u00e9 Antonio L\u00f3pez Sosa<\/h5>\n<p>&nbsp;<\/p>\n<p>Sigue avanzando la pandemia en nuestro pa\u00eds, no sabemos hasta d\u00f3nde escale pero lo que es un hecho, es que gran parte de las actividades productivas y econ\u00f3micas est\u00e1n paradas.<\/p>\n<p>No se trata de un sector o dos, ni de un grupo de magnates o empresarios, hablamos de una gran parte de la poblaci\u00f3n que de forma directa o indirecta est\u00e1 siendo afectada econ\u00f3micamente, sea por no tener empleo o por no poder dar ese empleo que hasta hace un mes, exist\u00eda.<\/p>\n<p>El Presidente de la Rep\u00fablica tiene su estrategia, que no necesariamente es una estrategia de Estado, se trata de un programa muy apegado a su partido y a su movimiento, donde no se incluyen a aquellos que est\u00e9n fuera de su radar pol\u00edtico y social.<\/p>\n<p>Una estrategia de estado requiere de las tres partes que la integran, el territorio, el gobierno y su poblaci\u00f3n, pero me refiero a su poblaci\u00f3n en su conjunto, no solo a la base que impuls\u00f3 a un determinado partido pol\u00edtico.<\/p>\n<p>Urge que el Presidente act\u00fae como un jefe de estado, que sus acciones y palabras representen a quienes gobierna en su conjunto y no solo a una parte de la poblaci\u00f3n que \u00e9l considera importante.<\/p>\n<p>El tema no es de liberales, neoliberales o conservadores, se trata de salvar a un pa\u00eds en su conjunto, de tener estrategias y acciones en beneficio de la econom\u00eda de todos los estratos socioecon\u00f3micos.<\/p>\n<p>En contraste, quienes se oponen al gobierno tampoco muestran se\u00f1as para poder coadyuvar en una estrategia clara.<\/p>\n<p>Apuntes a nuestro subdesarrollo.<\/p>\n<p><em><a href=\"http:\/\/www.lopezsosa.com\" target=\"_blank\" rel=\"noopener noreferrer\">www.lopezsosa.com<\/a><\/em><br \/>\n<em><a href=\"mailto:joseantonio@lopezsosa.com\" target=\"_blank\" rel=\"noopener noreferrer\">joseantonio@lopezsosa.com<\/a><\/em><br \/>\n<em><a href=\"http:\/\/twitter.com\/joseantonio1977\" target=\"_blank\" rel=\"noopener noreferrer\">@joseantonio1977<\/a><\/em><\/p>\n","protected":false},"excerpt":{"rendered":"<p><span style=\"color: #005497;\"><strong>Jos\u00e9 Antonio L\u00f3pez Sosa<\/strong><\/span><\/p>\n","protected":false},"author":3,"featured_media":0,"comment_status":"open","ping_status":"open","sticky":false,"template":"","format":"standard","meta":{"_monsterinsights_skip_tracking":false,"_monsterinsights_sitenote_active":false,"_monsterinsights_sitenote_note":"","_monsterinsights_sitenote_category":0,"footnotes":""},"categories":[637],"tags":[638,43690,43674],"class_list":["post-466130","post","type-post","status-publish","format-standard","hentry","category-jose-antonio-lopez-sosa","tag-detras-del-poder","tag-jose-antonio-lopez-sosa","tag-opinion"],"_links":{"self":[{"href":"https:\/\/www.diarioimagen.net\/index.php?rest_route=\/wp\/v2\/posts\/466130","targetHints":{"allow":["GET"]}}],"collection":[{"href":"https:\/\/www.diarioimagen.net\/index.php?rest_route=\/wp\/v2\/posts"}],"about":[{"href":"https:\/\/www.diarioimagen.net\/index.php?rest_route=\/wp\/v2\/types\/post"}],"author":[{"embeddable":true,"href":"https:\/\/www.diarioimagen.net\/index.php?rest_route=\/wp\/v2\/users\/3"}],"replies":[{"embeddable":true,"href":"https:\/\/www.diarioimagen.net\/index.php?rest_route=%2Fwp%2Fv2%2Fcomments&post=466130"}],"version-history":[{"count":0,"href":"https:\/\/www.diarioimagen.net\/index.php?rest_route=\/wp\/v2\/posts\/466130\/revisions"}],"wp:attachment":[{"href":"https:\/\/www.diarioimagen.net\/index.php?rest_route=%2Fwp%2Fv2%2Fmedia&parent=466130"}],"wp:term":[{"taxonomy":"category","embeddable":true,"href":"https:\/\/www.diarioimagen.net\/index.php?rest_route=%2Fwp%2Fv2%2Fcategories&post=466130"},{"taxonomy":"post_tag","embeddable":true,"href":"https:\/\/www.diarioimagen.net\/index.php?rest_route=%2Fwp%2Fv2%2Ftags&post=466130"}],"curies":[{"name":"wp","href":"https:\/\/api.w.org\/{rel}","templated":true}]}}