{"id":466294,"date":"2020-04-16T00:05:49","date_gmt":"2020-04-16T05:05:49","guid":{"rendered":"https:\/\/www.diarioimagen.net\/?p=466294"},"modified":"2020-04-17T00:03:35","modified_gmt":"2020-04-17T05:03:35","slug":"lavado-de-manos-hasta-30-veces-al-dia-metodo-mas-eficaz-contra-covid-19","status":"publish","type":"post","link":"https:\/\/www.diarioimagen.net\/?p=466294","title":{"rendered":"Lavado de manos hasta 30 veces al d\u00eda, m\u00e9todo m\u00e1s eficaz contra Covid-19"},"content":{"rendered":"<div id=\"attachment_466362\" style=\"width: 470px\" class=\"wp-caption aligncenter\"><a href=\"https:\/\/www.diarioimagen.net\/?attachment_id=466362\" rel=\"attachment wp-att-466362\"><img loading=\"lazy\" decoding=\"async\" aria-describedby=\"caption-attachment-466362\" class=\"size-large wp-image-466362\" src=\"https:\/\/www.diarioimagen.net\/wp-content\/uploads\/2020\/04\/UAEM16-460x259.jpg\" alt=\"\" width=\"460\" height=\"259\" srcset=\"https:\/\/www.diarioimagen.net\/wp-content\/uploads\/2020\/04\/UAEM16-460x259.jpg 460w, https:\/\/www.diarioimagen.net\/wp-content\/uploads\/2020\/04\/UAEM16-240x135.jpg 240w, https:\/\/www.diarioimagen.net\/wp-content\/uploads\/2020\/04\/UAEM16-235x132.jpg 235w, https:\/\/www.diarioimagen.net\/wp-content\/uploads\/2020\/04\/UAEM16-202x114.jpg 202w, https:\/\/www.diarioimagen.net\/wp-content\/uploads\/2020\/04\/UAEM16-350x196.jpg 350w, https:\/\/www.diarioimagen.net\/wp-content\/uploads\/2020\/04\/UAEM16-220x123.jpg 220w, https:\/\/www.diarioimagen.net\/wp-content\/uploads\/2020\/04\/UAEM16-237x132.jpg 237w, https:\/\/www.diarioimagen.net\/wp-content\/uploads\/2020\/04\/UAEM16.jpg 480w\" sizes=\"auto, (max-width: 460px) 100vw, 460px\" \/><\/a><p id=\"caption-attachment-466362\" class=\"wp-caption-text\">Para prevenir la Covid-19, el lavado de manos es uno de los mecanismos m\u00e1s eficaces, recomienda acad\u00e9mico de la UAEM.<\/p><\/div>\n<p>&nbsp;<\/p>\n<p><strong>Valle de Chalco, Estado de M\u00e9xico.\u2013<\/strong> El lavado de manos es uno de los mecanismos m\u00e1s eficaces para prevenir la Covid-19 y cualquier enfermedad transmisible ocasionada por un agente biol\u00f3gico, es decir, virus, bacteria u hongo, asegur\u00f3 el acad\u00e9mico del Centro Universitario Valle de Chalco de la Universidad Aut\u00f3noma del Estado de M\u00e9xico, Julio Flores Villegas.<\/p>\n<p>El profesor de tiempo completo de la Licenciatura en Enfermer\u00eda de este espacio universitario indic\u00f3 que la recomendaci\u00f3n de lavarse las manos \u00fanicamente antes de comer y despu\u00e9s de ir al ba\u00f1o es obsoleta y que autoridades federales del \u00e1rea de la salud recomiendan realizar el lavado de manos al menos 30 veces al d\u00eda.<\/p>\n<p>\u201cDebemos lavarnos las manos despu\u00e9s de tener contacto con cualquier superficie expuesta a agentes denominamos transitorios como manijas o dinero\u201d.<\/p>\n<p>En nuestras manos, dijo el experto en salud p\u00fablica, hay dos tipos de microorganismos: los que pertenecen a ellas, los que viven ah\u00ed, y los transitorios, que adquirimos cuando tocamos alguna superficie y que pueden ser vivos o de un material inerte.<\/p>\n<p>\u201cGeneralmente todo el ambiente est\u00e1 lleno de microorganismos que pueden ocasionarnos un da\u00f1o y nuestras manos son el primer contacto que tenemos con el exterior; de ah\u00ed la importancia de lavarlas constantemente\u201d.<\/p>\n<p>El lavado de manos, puntualiz\u00f3, debe realizarse, preferentemente, con jab\u00f3n que contenga la sustancia antis\u00e9ptica clorhexidina o cualquier otro elemento qu\u00edmico a base una soluci\u00f3n alcoholada, recomendablemente con un m\u00ednimo de 70 por ciento de alcohol et\u00edlico.<\/p>\n<p>Julio Flores Villegas precis\u00f3 que a partir de 2008, la Organizaci\u00f3n Mundial de la Salud (OMS) recomend\u00f3, ante la posible contaminaci\u00f3n o inadecuada calidad del agua, el uso de gel a base de sustancia alcoholada para el lavado seguro de manos.<\/p>\n","protected":false},"excerpt":{"rendered":"<p>El lavado de manos es uno de los mecanismos m\u00e1s eficaces para prevenir la Covid-19 y cualquier enfermedad transmisible ocasionada por un agente biol\u00f3gico, es decir, virus, bacteria u hongo, asegur\u00f3 el acad\u00e9mico del Centro Universitario Valle de Chalco de la Universidad Aut\u00f3noma del Estado de M\u00e9xico, Julio Flores Villegas.<\/p>\n","protected":false},"author":3,"featured_media":466362,"comment_status":"open","ping_status":"open","sticky":false,"template":"","format":"standard","meta":{"_monsterinsights_skip_tracking":false,"_monsterinsights_sitenote_active":false,"_monsterinsights_sitenote_note":"","_monsterinsights_sitenote_category":0,"footnotes":""},"categories":[5],"tags":[90819,90736,43675,968],"class_list":["post-466294","post","type-post","status-publish","format-standard","has-post-thumbnail","hentry","category-estado-de-mexico","tag-centro-universitario-valle-de-chalco","tag-covid19","tag-estado-de-mexico","tag-valle-de-chalco"],"_links":{"self":[{"href":"https:\/\/www.diarioimagen.net\/index.php?rest_route=\/wp\/v2\/posts\/466294","targetHints":{"allow":["GET"]}}],"collection":[{"href":"https:\/\/www.diarioimagen.net\/index.php?rest_route=\/wp\/v2\/posts"}],"about":[{"href":"https:\/\/www.diarioimagen.net\/index.php?rest_route=\/wp\/v2\/types\/post"}],"author":[{"embeddable":true,"href":"https:\/\/www.diarioimagen.net\/index.php?rest_route=\/wp\/v2\/users\/3"}],"replies":[{"embeddable":true,"href":"https:\/\/www.diarioimagen.net\/index.php?rest_route=%2Fwp%2Fv2%2Fcomments&post=466294"}],"version-history":[{"count":0,"href":"https:\/\/www.diarioimagen.net\/index.php?rest_route=\/wp\/v2\/posts\/466294\/revisions"}],"wp:featuredmedia":[{"embeddable":true,"href":"https:\/\/www.diarioimagen.net\/index.php?rest_route=\/wp\/v2\/media\/466362"}],"wp:attachment":[{"href":"https:\/\/www.diarioimagen.net\/index.php?rest_route=%2Fwp%2Fv2%2Fmedia&parent=466294"}],"wp:term":[{"taxonomy":"category","embeddable":true,"href":"https:\/\/www.diarioimagen.net\/index.php?rest_route=%2Fwp%2Fv2%2Fcategories&post=466294"},{"taxonomy":"post_tag","embeddable":true,"href":"https:\/\/www.diarioimagen.net\/index.php?rest_route=%2Fwp%2Fv2%2Ftags&post=466294"}],"curies":[{"name":"wp","href":"https:\/\/api.w.org\/{rel}","templated":true}]}}