{"id":466332,"date":"2020-04-16T00:09:34","date_gmt":"2020-04-16T05:09:34","guid":{"rendered":"https:\/\/www.diarioimagen.net\/?p=466332"},"modified":"2020-04-16T23:32:04","modified_gmt":"2020-04-17T04:32:04","slug":"covid-19-las-mentiras-de-estado","status":"publish","type":"post","link":"https:\/\/www.diarioimagen.net\/?p=466332","title":{"rendered":"Covid-19, las mentiras de Estado"},"content":{"rendered":"<h2>Poder y dinero<\/h2>\n<h5>V\u00edctor S\u00e1nchez Ba\u00f1os<\/h5>\n<p><em>\u00a0<\/em><\/p>\n<ul>\n<li><strong><em>Falsas cifras de muertos y contagiados<\/em><\/strong><\/li>\n<li><strong><em>Pandemia m\u00e1s grande que los gobiernos<\/em><\/strong><\/li>\n<li><strong><em>Da rabia la carencia de protecci\u00f3n a m\u00e9dicos<\/em><\/strong><\/li>\n<li><strong><em>Mena coloca bono de Santander M\u00e9xico<\/em><\/strong><\/li>\n<\/ul>\n<p>&nbsp;<\/p>\n<p style=\"text-align: right;\"><strong><em>El \u00fanico aut\u00f3grafo digno de un hombre es aquel que coloca en sus obras<\/em><\/strong><br \/>\n<em>Jos\u00e9 Mart\u00ed, 1853-1895; pol\u00edtico y escritor cubano<\/em><\/p>\n<p>&nbsp;<\/p>\n<p>Entre la incompetencia, la falta de herramientas de inteligencia sanitaria y la mentira, materialmente todos los gobiernos del mundo manejan la pandemia del Covid-19 con datos que no corresponden a la realidad. Como dir\u00eda el vocero de la pandemia en M\u00e9xico, Hugo L\u00f3pez-Gatell, sus datos centinelas, incrementan la cifra 8 veces. Podr\u00edamos tener m\u00e1s de 15 millones de infectados en el planeta. Y, muchos pol\u00edticos quieren abrir la confinaci\u00f3n por razones econ\u00f3micas, sin herramientas para contener la epidemia en sus pa\u00edses.<\/p>\n<p>A penas ayer, mi\u00e9rcoles 15 de abril de 2020, el Centro Johns Hopkins, que cuenta con la informaci\u00f3n captada de reportes oficiales de los gobiernos y la OMS, en el mundo hay m\u00e1s de 2 millones 35 mil casos confirmados de personas con coronavirus, y m\u00e1s de 133,300 muertos por ese mal.<\/p>\n<p>Sin embargo, si tomamos como ejemplo a M\u00e9xico, Nicaragua, Ecuador, varios pa\u00edses africanos, europeos, asi\u00e1ticos, de todo el mundo, es imposible tener un dato exacto. Los gobiernos municipales y estatales, en el pa\u00eds, no est\u00e1n reportando muchos casos; los ocultan en la estad\u00edstica de neumon\u00edas at\u00edpicas y, en otros casos, bajo otros padecimientos.<\/p>\n<p>Tengo informaci\u00f3n de personas cuyos familiares han fallecido en las \u00faltimas semanas. Tienen todos los s\u00edntomas de Covid-19, pero los m\u00e9dicos, incluso de hospitales privados, les hacen pruebas, pero como mueren antes de la llegada de los resultados ante el INDRE, los catalogan por otros da\u00f1os.<\/p>\n<p>Esta generalidad hace que los gobiernos no se vean mal ante el mundo, por las medidas tard\u00edas o insuficientes que adoptan para controlar la pandemia en sus pa\u00edses.<\/p>\n<p>Que da\u00f1o hacen los pol\u00edticos mentirosos e ineficientes. Al no mostrar la verdadera magnitud de una crisis usan mecanismos de contenci\u00f3n que son insuficientes. Lo peor es cuando se vuelven cuentachiles y no gastan en la salud de los pueblos. Lo usan para sus pr\u00e1cticas pol\u00edticas. Mientras el pueblo se muere de hambre o de enfermedad. Eso es criminal; de lesa humanidad.<\/p>\n<p><strong>PODEROSOS CABALLEROS<\/strong>: Ayer, se difundi\u00f3 un video, el m\u00e1s cruel e indignante, de las carencias de personal m\u00e9dico del hospital de la Mujer en Chiapas. Duele que mientras la clase pol\u00edtica dorada gasta dinero en aut\u00e9nticas estupideces, los m\u00e1s pobres son abandonados. Se aprovechan del esp\u00edritu solidario de muchos mexicanos de esp\u00edritu heroico que enfrentan una pandemia con bolsas de basura y trapos viejos, como \u00fanicas protecciones. No se vale. Mandamos a nuestros soldados desnudos, sin uniforme, armas, balas, alimento. \u00bfQu\u00e9 pasa Rutilio Escand\u00f3n? Pens\u00e9 que serias un excelente gobernador y luchar\u00edas por los m\u00e1s pobre en Chiapas, pero me has decepcionado. S\u00e9 tus carencias y las comprendo. Pero, tambi\u00e9n que sabes gritar y exigir. Exige y grita por tus m\u00e9dicos, enfermeras y personal de salud. Dejan sus vidas y las de sus familias en los hospitales en esta pandemia. No los abandones. *** Esta semana, el Comit\u00e9 Ejecutivo de la Asociaci\u00f3n Mexicana de Instituciones de Seguros elegir\u00e1 a quien releve a Manuel Escobedo Conover que, durante sus tres a\u00f1os de gesti\u00f3n impuls\u00f3 una Pol\u00edtica P\u00fablica de Administraci\u00f3n de Riesgos. *** Pfizer nombr\u00f3 a Mar\u00eda Constanza Losada como la nueva presidenta y directora general de su filial en M\u00e9xico. Ser\u00e1 la primera mujer en asumir este cargo en el pa\u00eds. La argentina, con una experiencia de 12 a\u00f1os dentro de la farmac\u00e9utica, sustituye a Rodrigo Puga, quien asumir\u00e1 la Vicepresidencia de Global Marketing y Global Brands en las oficinas de Pfizer Nueva York. *** Intensifican las C\u00e1maras de Diputados y Senadores, sus actividades. Tanto Mario Delegado, en la C\u00e1mara Baja, como Ricardo Monreal, en la Alta, se ponen las pilas para enfrentar el Covid-19\u00a0 con actividades legislativas. Una de las leyes que se aprobar\u00e1 ser\u00e1 el castigo penal a quienes agredan a personal m\u00e9dico que heroicamente enfrenta la pandemia. Tambi\u00e9n se tocar\u00e1n algunos temas pol\u00edticos que les interesa a esos pol\u00edticos, pero que tambi\u00e9n trabajen los temas necesarios para el pueblo y al pa\u00eds.<\/p>\n<p><strong>RESPONSABILIDAD SOCIAL CORPORATIVA<\/strong>: El CFO de Santander M\u00e9xico, Didier Mena, permiti\u00f3 a esa instituci\u00f3n realizar una operaci\u00f3n hist\u00f3rica entre inversionistas internacionales al emitir en estos momentos de crisis sanitaria mundial, la colocaci\u00f3n de 1,750 millones de d\u00f3lares. Es la mayor colocaci\u00f3n de deuda. Se trata de un bono a cinco a\u00f1os a una tasa de 5.375% cuya demanda superior en 3 veces el monto colocado, a\u00fan en el contexto de la contingencia del Covid-19. Esta emisi\u00f3n representa la mayor colocaci\u00f3n de deuda realizada en mercado internacional por un banco mexicano en la historia, coment\u00f3 el presidente ese banco mexicano, H\u00e9ctor Grisi Checa.<\/p>\n<p>&nbsp;<\/p>\n<blockquote>\n<p style=\"text-align: right;\"><strong>Esc\u00fachame de lunes a viernes, de 21 a 22 horas,<br \/>\nen \u201cV\u00edctor S\u00e1nchez Ba\u00f1os en MVS\u201d<\/strong><\/p>\n<\/blockquote>\n<p>&nbsp;<\/p>\n<p><a href=\"https:\/\/mvsnoticias.com\/\" target=\"_blank\" rel=\"noopener noreferrer\"><em>MVSnoticias.com<\/em><\/a><br \/>\n<a href=\"http:\/\/poderydinero.mx\" target=\"_blank\" rel=\"noopener noreferrer\"><em>poderydinero.mx<\/em><\/a><em><b><br \/>\n<\/b><a href=\"mailto:vsb@poderydinero.mx\" target=\"_blank\" rel=\"noopener noreferrer\">vsb@poderydinero.mx<\/a><a href=\"mailto:vsanchezb@gmail.com\" target=\"_blank\" rel=\"noopener noreferrer\"><br \/>\n<\/a><strong>Twitter:<\/strong><a href=\"https:\/\/twitter.com\/vsanchezbanos\" target=\"_blank\" rel=\"noopener noreferrer\">@vsanchezbanos<br \/>\n<\/a><strong>Facebook: <\/strong><a href=\"https:\/\/www.facebook.com\/vsanchezbanos?fref=ts\" target=\"_blank\" rel=\"noopener noreferrer\">vsanchezbanos<\/a><\/em><\/p>\n","protected":false},"excerpt":{"rendered":"<p><span style=\"color: #005497;\"><strong>V\u00edctor S\u00e1nchez Ba\u00f1os<\/strong><\/span><\/p>\n","protected":false},"author":3,"featured_media":0,"comment_status":"open","ping_status":"open","sticky":false,"template":"","format":"standard","meta":{"_monsterinsights_skip_tracking":false,"_monsterinsights_sitenote_active":false,"_monsterinsights_sitenote_note":"","_monsterinsights_sitenote_category":0,"footnotes":""},"categories":[38844],"tags":[43674,38847,38848],"class_list":["post-466332","post","type-post","status-publish","format-standard","hentry","category-victor-sanchez-banos","tag-opinion","tag-poder-y-dinero","tag-victor-sanchez-banos"],"_links":{"self":[{"href":"https:\/\/www.diarioimagen.net\/index.php?rest_route=\/wp\/v2\/posts\/466332","targetHints":{"allow":["GET"]}}],"collection":[{"href":"https:\/\/www.diarioimagen.net\/index.php?rest_route=\/wp\/v2\/posts"}],"about":[{"href":"https:\/\/www.diarioimagen.net\/index.php?rest_route=\/wp\/v2\/types\/post"}],"author":[{"embeddable":true,"href":"https:\/\/www.diarioimagen.net\/index.php?rest_route=\/wp\/v2\/users\/3"}],"replies":[{"embeddable":true,"href":"https:\/\/www.diarioimagen.net\/index.php?rest_route=%2Fwp%2Fv2%2Fcomments&post=466332"}],"version-history":[{"count":0,"href":"https:\/\/www.diarioimagen.net\/index.php?rest_route=\/wp\/v2\/posts\/466332\/revisions"}],"wp:attachment":[{"href":"https:\/\/www.diarioimagen.net\/index.php?rest_route=%2Fwp%2Fv2%2Fmedia&parent=466332"}],"wp:term":[{"taxonomy":"category","embeddable":true,"href":"https:\/\/www.diarioimagen.net\/index.php?rest_route=%2Fwp%2Fv2%2Fcategories&post=466332"},{"taxonomy":"post_tag","embeddable":true,"href":"https:\/\/www.diarioimagen.net\/index.php?rest_route=%2Fwp%2Fv2%2Ftags&post=466332"}],"curies":[{"name":"wp","href":"https:\/\/api.w.org\/{rel}","templated":true}]}}