{"id":466649,"date":"2020-04-21T00:03:53","date_gmt":"2020-04-21T05:03:53","guid":{"rendered":"https:\/\/www.diarioimagen.net\/?p=466649"},"modified":"2020-04-20T23:58:41","modified_gmt":"2020-04-21T04:58:41","slug":"4t-publicidad-revista-proceso","status":"publish","type":"post","link":"https:\/\/www.diarioimagen.net\/?p=466649","title":{"rendered":"4T, publicidad revista Proceso"},"content":{"rendered":"<h2>Espacio Electoral<\/h2>\n<h5>Eleazar Flores<\/h5>\n<p><strong>\u00a0<\/strong><\/p>\n<p><strong>INCONSTITUCIONAL.-<\/strong> Acerca del reparto publicitario a medios impresos y electr\u00f3nicos nacionales, -ahora hasta regionales, de Tabasco casualmente-, el gobierno est\u00e1 en todo su derecho de hacerlo, evidencie o no filias o fobias, lo grave es el tema de TIEMPOS FISCALES.<\/p>\n<p>En la entrega de ayer cit\u00e9 ejemplos extremos de apoyos jugosos, desapoyos nulos o m\u00ednimos, as\u00ed como medios y personas integradas hasta 2019 al reparto del pa$tel publicitario, pero falt\u00f3 citar otros \u00e1ngulos que permitir\u00e1n a usted calificar justicias o injusticias del gobierno hacia los medios, sean impresos o electr\u00f3nicos que en honor a la verdad, \u00e9stos se llevan la mayor parte de dinero.<\/p>\n<p><strong>PROCESO.- <\/strong>En la entrega de ayer le cit\u00e9 art\u00edculos de los reporteros Mathieu Tourliere y Neldy San Mart\u00edn pero el an\u00e1lisis estar\u00eda incompleto sin el texto de Juan Omar Fierro, quien en forma extensa toca el tema de los TIEMPOS FISCALES devueltos a t\u00edtulo personal por el presidente L\u00f3pez Obrador a concesionarios de televisoras y radiodifusoras sin ser de su resorte.<\/p>\n<p>Juan Omar Fierro, con opiniones enriquecedoras de la aun consejera del INE Pamela San Mart\u00edn, -cuyo ciclo termina con este mes-, lo menos que cita es la inconstitucionalidad de la devoluci\u00f3n presidencial de tiempos fiscales a los concesionarios, siendo que ser\u00eda del Poder Legislativo hacerlo, adem\u00e1s de precisar los tiempos oficiales y tiempos de Estado, que incluye a los 3 Poderes.<\/p>\n<p><strong>M\u00c1S MEDIOS-. <\/strong>El prop\u00f3sito de esta entrega no es el legal sino \u00e1ngulos de asignaci\u00f3n presupuestal a otros medios, empezando por la empresa CISA, (Comunicaci\u00f3n e Informaci\u00f3n) editora de la\u00a0 revista PROCESO que 2019 recibi\u00f3 15 millones 498 mil pesos, contra el mill\u00f3n 271 mil pesos de 2018, o Reforma que pas\u00f3 de 5 millones en 2018 a 49 millones en 2019. Jugosos aumentos.<\/p>\n<p>Gesto de honestidad de la revista PROCESO\u00a0 al incluirse en los medios beneficiados.<\/p>\n<p>Cito el diario \u201cPor Esto\u201d de Mario M\u00e9ndez Rodr\u00edguez, a quien por cuestiones laborales en la SEGOB tuve la oportunidad de visitarlo en M\u00e9rida. Es pariente de Carlos M\u00e9ndez, director del Diario de Yucat\u00e1n, fundado en 1925, uno de los diarios m\u00e1s completos de provincia. A instalaciones de ambos medios y directores trat\u00e9 y me di cuenta de que medios y directores son tan diferentes como el d\u00eda y la noche. El diario Por Esto de Mario M\u00e9ndez es de los consentidos de AMLO.<\/p>\n<p>Diarios s\u00f3lidos que reciben menos en la 4T son El Universal de 271 a s\u00f3lo 18 millones de pesos, una reducci\u00f3n del 74 por ciento, Imagen Televisi\u00f3n de 508 a 141 millones y OEM de 153 a s\u00f3lo 23 millones pero La Jornada subi\u00f3 de 94 a 200 millones de pesos, c\u00f3mo la ve.<\/p>\n<p><a href=\"mailto:elefa44@gmail.com\" target=\"_blank\" rel=\"noopener noreferrer\"><em>elefa44@gmail.com<\/em><\/a><\/p>\n","protected":false},"excerpt":{"rendered":"<p><span style=\"color: #005497;\"><strong>Eleazar Flores<\/strong><\/span><\/p>\n","protected":false},"author":3,"featured_media":0,"comment_status":"open","ping_status":"open","sticky":false,"template":"","format":"standard","meta":{"_monsterinsights_skip_tracking":false,"_monsterinsights_sitenote_active":false,"_monsterinsights_sitenote_note":"","_monsterinsights_sitenote_category":0,"footnotes":""},"categories":[81743],"tags":[81744,81776,43674],"class_list":["post-466649","post","type-post","status-publish","format-standard","hentry","category-eleazar-flores","tag-eleazar-flores","tag-espacio-electoral","tag-opinion"],"_links":{"self":[{"href":"https:\/\/www.diarioimagen.net\/index.php?rest_route=\/wp\/v2\/posts\/466649","targetHints":{"allow":["GET"]}}],"collection":[{"href":"https:\/\/www.diarioimagen.net\/index.php?rest_route=\/wp\/v2\/posts"}],"about":[{"href":"https:\/\/www.diarioimagen.net\/index.php?rest_route=\/wp\/v2\/types\/post"}],"author":[{"embeddable":true,"href":"https:\/\/www.diarioimagen.net\/index.php?rest_route=\/wp\/v2\/users\/3"}],"replies":[{"embeddable":true,"href":"https:\/\/www.diarioimagen.net\/index.php?rest_route=%2Fwp%2Fv2%2Fcomments&post=466649"}],"version-history":[{"count":0,"href":"https:\/\/www.diarioimagen.net\/index.php?rest_route=\/wp\/v2\/posts\/466649\/revisions"}],"wp:attachment":[{"href":"https:\/\/www.diarioimagen.net\/index.php?rest_route=%2Fwp%2Fv2%2Fmedia&parent=466649"}],"wp:term":[{"taxonomy":"category","embeddable":true,"href":"https:\/\/www.diarioimagen.net\/index.php?rest_route=%2Fwp%2Fv2%2Fcategories&post=466649"},{"taxonomy":"post_tag","embeddable":true,"href":"https:\/\/www.diarioimagen.net\/index.php?rest_route=%2Fwp%2Fv2%2Ftags&post=466649"}],"curies":[{"name":"wp","href":"https:\/\/api.w.org\/{rel}","templated":true}]}}