{"id":466881,"date":"2020-04-23T00:04:53","date_gmt":"2020-04-23T05:04:53","guid":{"rendered":"https:\/\/www.diarioimagen.net\/?p=466881"},"modified":"2020-04-22T23:58:04","modified_gmt":"2020-04-23T04:58:04","slug":"pandemia-y-realidad","status":"publish","type":"post","link":"https:\/\/www.diarioimagen.net\/?p=466881","title":{"rendered":"Pandemia y realidad"},"content":{"rendered":"<h2>Punto por punto<\/h2>\n<h5>Augusto Corro<\/h5>\n<p>&nbsp;<\/p>\n<p>Los mexicanos ya no quieren escuchar discursos. Quieren que las autoridades resuelvan los problemas con hechos, plantarse en la realidad. \u00bfSe podr\u00e1?<\/p>\n<p>Por ejemplo, debido a la invasi\u00f3n del coronavirus, el gobierno se vio obligado a aplicarse a fondo para enfrentar la pandemia.<\/p>\n<p>No ha sido suficiente el discurso de los pol\u00edticos para darle confianza a una sociedad mexicana que vive estresada y aterrorizada.<\/p>\n<p>Las medidas el\u00e1sticas que sugieren a la poblaci\u00f3n llevar a cabo para controlar la pandemia no la cumplen todos.<\/p>\n<p>Aunque una mayor\u00eda s\u00ed decidi\u00f3 encerrarse en sus casas, muchos son los que, por indolencia o cerraz\u00f3n, no lo hacen.<\/p>\n<p>El discurso, la exhortaci\u00f3n de las autoridades es suave, tan amable, que m\u00e1s bien parece una exhortaci\u00f3n a no obedecer las medidas sanitarias.<\/p>\n<p>Basta con ver a la gente en las calles sin tapabocas y con el prop\u00f3sito negativo de sumarse a los grupos de personas que viajan en el Metro o en el transporte p\u00fablico.<\/p>\n<p>Quiz\u00e1 algunas personas tienen la necesidad de salir a la calle, \u00bfpero cu\u00e1ntas lo hacen por necesidad o ignorancia?<\/p>\n<p>Ahora que entramos ya a la Fase 3, parece ser que las medidas para atajar el virus empiezan a ser m\u00e1s estrictas.<\/p>\n<p>Pero las autoridades no quieren o no pueden ejercer su autoridad para meter en cintura a aquellos ciudadanos que no quieren acatar ninguna ley.<\/p>\n<p>Hay cadenas de tiendas que no bajan la cortina, porque los due\u00f1os no quieren perder una sola venta.<\/p>\n<p>O propietarios de f\u00e1bricas que ponen en riesgo la vida de sus trabajadores.<\/p>\n<p>En la Ciudad de M\u00e9xico anunci\u00f3 que se vigilar\u00e1 para que se cumplan las medidas sanitarias, ojal\u00e1. Esto debi\u00f3 hacerse hace varias semanas.<\/p>\n<p style=\"text-align: center;\"><strong>El sistema de salud<\/strong><\/p>\n<p>Debido a la presencia del coronavirus, en muchos pa\u00edses se exhibi\u00f3 la carencia de verdaderos sistemas de salud.<\/p>\n<p>En algunos casos se conjug\u00f3 la deficiencia en la atenci\u00f3n m\u00e9dica como la voracidad de los empresarios de no parar las f\u00e1bricas.<\/p>\n<p>En Italia pudo m\u00e1s la voracidad por el dinero que la protecci\u00f3n de las vidas humanas. Los trabajadores no descansaron y fueron contagiados.<\/p>\n<p>Una de las zonas m\u00e1s afectadas por el virus fue la zona de f\u00e1bricas en el norte de Italia.<\/p>\n<p>Aqu\u00ed en M\u00e9xico tambi\u00e9n el caos se present\u00f3 y pocos respetaron las medidas sanitarias. Apenas entramos a la Fase 3 y se agudiz\u00f3 la incertidumbre de lo que viene.<\/p>\n<p>Las autoridades informaron que se tiene lo suficiente para enfrentar el coronavirus, como son camas suficientes en los hospitales para atender a los enfermos.<\/p>\n<p>Sin embargo, es necesario hacer notar que el sistema de salud mexicano se encuentra en condiciones cr\u00edticas, pues varios sexenios los presupuestos para la atenci\u00f3n m\u00e9dica fueron desviados para enriquecer a funcionarios corruptos.<\/p>\n<p>Casi qued\u00f3 desmantelado todo lo relacionado con la atenci\u00f3n a la salud p\u00fablica: falta de m\u00e9dicos y medicinas, as\u00ed como hospitales a medio construir fueron la herencia de gobiernos anteriores.<\/p>\n<p>En el presente, ante el Covid-19, esperamos que la respuesta del sistema de salud responda positivamente al reto. Porque nadie duda de la improvisaci\u00f3n para atender a miles de personas contagiadas.<\/p>\n<p>Desafortunadamente la pesadilla apenas empieza.<\/p>\n<p style=\"text-align: center;\"><strong>El otro virus<\/strong><\/p>\n<p>La econom\u00eda de M\u00e9xico estaba muy mal antes de la llegada del coronavirus. Se encontraba en pleno retroceso.<\/p>\n<p>A ese problema ahora se le deben agregar los problemas derivados de la suspensi\u00f3n de labores en todas partes: escuelas, f\u00e1bricas, comercios, etc.<\/p>\n<p>Las autoridades federales anunciaron la ayuda millonaria para las peque\u00f1as y medianas empresas afectadas por la crisis econ\u00f3mica.<\/p>\n<p>Seguramente funcionar\u00e1, pero en el presente solo vemos puras promesas.<\/p>\n<p>\u00bfSer\u00e1 suficiente el mencionado apoyo para sacar del atolladero a millones de personas? Lo dudo.<\/p>\n<p>Por otra parte, el presidente Andr\u00e9s Manuel L\u00f3pez Obrador anunci\u00f3 ayer mi\u00e9rcoles un plan para atender crisis sanitaria y econ\u00f3mica, que incluye el blindaje a programas sociales.<\/p>\n<p>Como se sabe, la situaci\u00f3n de la econom\u00eda en M\u00e9xico es m\u00e1s que dif\u00edcil y se agrav\u00f3 con la ca\u00edda del precio del barril de petr\u00f3leo.<\/p>\n<p>Seguramente, habr\u00e1 inversiones multimillonarias para salvar a las medianas y peque\u00f1as empresas, pero los beneficios de la ayuda no alcanzar\u00e1n a todas. En t\u00e9rminos generales el futuro se presenta incierto.<\/p>\n<p>La ayuda econ\u00f3mica no alcanzar\u00e1 para rescatar a miles de peque\u00f1as empresas que desde hace dos a\u00f1os viven angustiadas por falta de recursos econ\u00f3micos.<\/p>\n<p>Los planes econ\u00f3micos del gobierno van y vienen y la miseria sigue anclada en los n\u00facleos de gente pobre, de peque\u00f1os empresarios y de comerciantes informales.<\/p>\n<p><span class=\"Apple-converted-space\"><em><u><a href=\"mailto:aco2742@hotmail.com\" target=\"_blank\" rel=\"noopener noreferrer\">aco2742@hotmail.com<\/a><\/u><\/em><\/span><\/p>\n","protected":false},"excerpt":{"rendered":"<p><span style=\"color: #005497;\"><strong>Augusto Corro<\/strong><\/span><\/p>\n","protected":false},"author":3,"featured_media":0,"comment_status":"open","ping_status":"open","sticky":false,"template":"","format":"standard","meta":{"_monsterinsights_skip_tracking":false,"_monsterinsights_sitenote_active":false,"_monsterinsights_sitenote_note":"","_monsterinsights_sitenote_category":0,"footnotes":""},"categories":[157],"tags":[43686,43674,11515],"class_list":["post-466881","post","type-post","status-publish","format-standard","hentry","category-augusto-corro","tag-augusto-corro","tag-opinion","tag-punto-por-punto"],"_links":{"self":[{"href":"https:\/\/www.diarioimagen.net\/index.php?rest_route=\/wp\/v2\/posts\/466881","targetHints":{"allow":["GET"]}}],"collection":[{"href":"https:\/\/www.diarioimagen.net\/index.php?rest_route=\/wp\/v2\/posts"}],"about":[{"href":"https:\/\/www.diarioimagen.net\/index.php?rest_route=\/wp\/v2\/types\/post"}],"author":[{"embeddable":true,"href":"https:\/\/www.diarioimagen.net\/index.php?rest_route=\/wp\/v2\/users\/3"}],"replies":[{"embeddable":true,"href":"https:\/\/www.diarioimagen.net\/index.php?rest_route=%2Fwp%2Fv2%2Fcomments&post=466881"}],"version-history":[{"count":0,"href":"https:\/\/www.diarioimagen.net\/index.php?rest_route=\/wp\/v2\/posts\/466881\/revisions"}],"wp:attachment":[{"href":"https:\/\/www.diarioimagen.net\/index.php?rest_route=%2Fwp%2Fv2%2Fmedia&parent=466881"}],"wp:term":[{"taxonomy":"category","embeddable":true,"href":"https:\/\/www.diarioimagen.net\/index.php?rest_route=%2Fwp%2Fv2%2Fcategories&post=466881"},{"taxonomy":"post_tag","embeddable":true,"href":"https:\/\/www.diarioimagen.net\/index.php?rest_route=%2Fwp%2Fv2%2Ftags&post=466881"}],"curies":[{"name":"wp","href":"https:\/\/api.w.org\/{rel}","templated":true}]}}