{"id":466966,"date":"2020-04-24T00:03:45","date_gmt":"2020-04-24T05:03:45","guid":{"rendered":"https:\/\/www.diarioimagen.net\/?p=466966"},"modified":"2020-04-23T23:54:09","modified_gmt":"2020-04-24T04:54:09","slug":"periodistas-y-la-4t","status":"publish","type":"post","link":"https:\/\/www.diarioimagen.net\/?p=466966","title":{"rendered":"Periodistas y la 4T"},"content":{"rendered":"<h2>Perfiles de M\u00e9xico<\/h2>\n<h5>Armando R\u00edos Ruiz<\/h5>\n<p>&nbsp;<\/p>\n<p>Hace unos d\u00edas circul\u00f3 un video de una de las conferencias presidenciales, en el que una reportera anunci\u00f3 dos preguntas, una de ellas relacionada con el Ej\u00e9rcito, pero como no hab\u00eda nadie de esa instituci\u00f3n, har\u00eda la segunda. El Presidente anunci\u00f3 que estaba \u00e9l. Que la hiciera, pues es el jefe supremo de las Fuerzas Armadas. La periodista dijo: \u201cmejor no. Gracias\u201d. Esboz\u00f3 una sonrisa y prefiri\u00f3 hacer el otro cuestionamiento.<\/p>\n<p>Obviamente, soslay\u00f3 la respuesta ofrecida, porque necesitaba una contestaci\u00f3n certera, de un conocedor, de una persona instruida en cuestiones de las fuerzas armadas y no una que con toda seguridad no le servir\u00eda, porque era evidente que no satisfar\u00eda su necesidad profesional.<\/p>\n<p>El estilo comenz\u00f3 a perfilarse desde el principio. El \u00fanico capaz de responder cualquier duda, del tema de que se trate, por cient\u00edfico que sea, es \u00e9l.<\/p>\n<p>Desde antes de iniciar su ejercicio presidencial, cuando ya sent\u00eda que los aires del triunfo electoral acariciaban su faz y el sentimiento de ganador comenzaba a inflamar su ego, inici\u00f3 tambi\u00e9n un desacuerdo con quienes le hac\u00edan entrevistas en virtud de que se hab\u00eda convertido en noticia m\u00e1s importante que nunca. Pretend\u00eda corregir las preguntas. Las rechazaba. Entablaba pleitos con notoria molestia, porque las interrogantes no eran las que deseaba.<\/p>\n<p>Una vez que asumi\u00f3 el poder comenz\u00f3 a dictar calificativos para los columnistas, principalmente y para algunos diarios. Sus matutinas serv\u00edan para descalificar, con nombre y apellido, a medios y a sus representantes. La Prensa recibi\u00f3 adjetivos como chayotera, fif\u00ed, prensa vendida, prensa neoliberal, prensa conservadora y una retah\u00edla bastante larga de desacreditaciones que no han parado un instante, hasta hoy.<\/p>\n<p>Lo anterior, a pesar de declarar en m\u00faltiples ocasiones que es respetuoso de la libertad de expresi\u00f3n y de que \u00a1jam\u00e1s!, ha ofendido al gremio. Como si la gente no supiera o imaginara con bastante punter\u00eda, que solicit\u00f3 a empresas dedicadas a la informaci\u00f3n, el despido de sus colaboradores, por cierto de gran val\u00eda por su cultura y por su inteligencia. Ejemplos, sobran.<\/p>\n<p>De tanto repetir sus insultos, se convirti\u00f3 en maestro de sus admiradores a ultranza, al grado de que ahora, no es posible decir periodista delante de ellos, porque en autom\u00e1tico agregan la palabra \u201cchayotero\u201d, cuando ayer no ten\u00edan la m\u00e1s remota idea de lo que significa el t\u00e9rmino en el argot del periodismo.<\/p>\n<p>No le gustan los profesionales de la informaci\u00f3n. Hace ver que no sirven para nada, porque publican cosas que no son de su agrado. Pero el periodismo no es para aplaudir mentiras, desatinos, dislexias ni actitudes gubernamentales que a todas luces son errores que encaminan al pa\u00eds a su destrucci\u00f3n. En lugar de criticarlos deber\u00eda escucharlos, para evitar las pifias en que incurre todos los d\u00edas. Podr\u00edan ser sus consejeros m\u00e1s certeros, si les prestara o\u00eddos.<\/p>\n<p>Lejos de eso se erige en un hombre tan sabio como el pueblo que vot\u00f3 por \u00e9l y al mismo que desea mantener a su lado mediante pagos mensuales y bimestrales, para evitar un posible descalabro en futuras elecciones.<\/p>\n<p>Cualquier mexicano con dos dedos de frente, prefiere leer a los \u00faltimos citados en una ma\u00f1anera. Prefiere al director de <em>Excelsior<\/em>, a los articulistas de <em>Reforma<\/em>, a los analistas de muchos otros medios a quienes les correspondieron denuestos, por la simple raz\u00f3n de que realmente informan, orientan y forman opini\u00f3n sin tener que proferir ditirambos s\u00f3lo por estar en la gracia del que manda.<\/p>\n<p>Cit\u00f3 a conocedores. A profesionales. Nadie, en su sano juicio, ser\u00eda capaz de compararlos con los modernos periodistas erigidos en campeones de la informaci\u00f3n de las redes sociales, que aparecieron por todos lados y que dedican su espacio a la lisonja, a la adulaci\u00f3n, al halago marrullero al Presidente. No creo que sea gratis.<\/p>\n<p>\u00bfQu\u00e9 pueden informar periodistas de la talla de uno que se hace llamar <em>El Chapucero<\/em>? \u00bfOtro que se apellida Serrano y muchos m\u00e1s que se han adue\u00f1ado de espacios en la Internet, que nada tienen de periodistas y que m\u00e1s bien representan una verg\u00fcenza para el gremio y una deshonra para la profesi\u00f3n, iguales que los que acuden a las matutinas a hacer preguntas c\u00f3modas?<\/p>\n<p><a href=\"mailto:ariosruiz@gmail.com\" target=\"_blank\" rel=\"noopener noreferrer\"><em>ariosruiz@gmail.com<\/em><\/a><\/p>\n","protected":false},"excerpt":{"rendered":"<p><span style=\"color: #005497;\"><strong>Armando R\u00edos Ruiz<\/strong><\/span><\/p>\n","protected":false},"author":3,"featured_media":0,"comment_status":"open","ping_status":"open","sticky":false,"template":"","format":"standard","meta":{"_monsterinsights_skip_tracking":false,"_monsterinsights_sitenote_active":false,"_monsterinsights_sitenote_note":"","_monsterinsights_sitenote_category":0,"footnotes":""},"categories":[88405],"tags":[88407,43674,88406],"class_list":["post-466966","post","type-post","status-publish","format-standard","hentry","category-armando-rios-ruiz","tag-armando-rios-ruiz","tag-opinion","tag-perfiles-de-mexico"],"_links":{"self":[{"href":"https:\/\/www.diarioimagen.net\/index.php?rest_route=\/wp\/v2\/posts\/466966","targetHints":{"allow":["GET"]}}],"collection":[{"href":"https:\/\/www.diarioimagen.net\/index.php?rest_route=\/wp\/v2\/posts"}],"about":[{"href":"https:\/\/www.diarioimagen.net\/index.php?rest_route=\/wp\/v2\/types\/post"}],"author":[{"embeddable":true,"href":"https:\/\/www.diarioimagen.net\/index.php?rest_route=\/wp\/v2\/users\/3"}],"replies":[{"embeddable":true,"href":"https:\/\/www.diarioimagen.net\/index.php?rest_route=%2Fwp%2Fv2%2Fcomments&post=466966"}],"version-history":[{"count":0,"href":"https:\/\/www.diarioimagen.net\/index.php?rest_route=\/wp\/v2\/posts\/466966\/revisions"}],"wp:attachment":[{"href":"https:\/\/www.diarioimagen.net\/index.php?rest_route=%2Fwp%2Fv2%2Fmedia&parent=466966"}],"wp:term":[{"taxonomy":"category","embeddable":true,"href":"https:\/\/www.diarioimagen.net\/index.php?rest_route=%2Fwp%2Fv2%2Fcategories&post=466966"},{"taxonomy":"post_tag","embeddable":true,"href":"https:\/\/www.diarioimagen.net\/index.php?rest_route=%2Fwp%2Fv2%2Ftags&post=466966"}],"curies":[{"name":"wp","href":"https:\/\/api.w.org\/{rel}","templated":true}]}}