{"id":466970,"date":"2020-04-24T00:03:51","date_gmt":"2020-04-24T05:03:51","guid":{"rendered":"https:\/\/www.diarioimagen.net\/?p=466970"},"modified":"2020-04-24T00:24:49","modified_gmt":"2020-04-24T05:24:49","slug":"sigue-sainete-de-cifras","status":"publish","type":"post","link":"https:\/\/www.diarioimagen.net\/?p=466970","title":{"rendered":"Sigue sainete de cifras"},"content":{"rendered":"<h2>Espacio Electoral<\/h2>\n<h5>Eleazar Flores<\/h5>\n<p><strong>\u00a0<\/strong><\/p>\n<p><strong>BOT\u00d3N-MUESTRA.- <\/strong>En la noble e incansable lucha contra el coronavirus por parte de m\u00e9dicos y param\u00e9dicos del pa\u00eds, \u00e9stos parad\u00f3jicamente son v\u00edctimas por estar desprotegidos de equipos adecuados, al recibir reclamos injustos de enfermos, sus familiares y\u2026<\/p>\n<p>Y si a esto agrega el sainete de cifras de sospechosas, contagiados, entubados y decesos, las cosas empeoran. Las diferencias ya no solo surgen con gobiernos norte\u00f1os, tambi\u00e9n en el Edomex.<\/p>\n<p><strong>CERO Y VAN\u2026-<\/strong> Solamente en las cifras del mi\u00e9rcoles, la Direcci\u00f3n General de Epidemiolog\u00eda del gobierno federal, -l\u00e9ase L\u00f3pez Gatell-, inform\u00f3 que en el estado de M\u00e9xico hab\u00eda 1,593 casos de coronavirus, siendo \u00e9ste el dato m\u00e1s importante, desglos\u00e1ndose en el reporte los sospechosos, los entubados y hasta los recuperados bajo observaci\u00f3n.<\/p>\n<p>Pero la Secretar\u00eda de Salud del estado de M\u00e9xico registra solamente 1,157 casos, 436 menos que los reportados por el gobierno federal. Usted dir\u00e1 que el dato no es para preocupar pero imag\u00ednese que \u00e9stas y muchas \u201cpeque\u00f1as\u201d diferencias de v\u00edctimas del coronavirus en etapa de sospechosos, entubados, dados de alta y en observaci\u00f3n no cuadran, s\u00ed que estamos lucidos.<\/p>\n<p>Por respeto a su tiempo le omito otras cifras, no vayan a ser diferentes entre Edomex-federaci\u00f3n.<\/p>\n<p>El sospechos\u00edsmo, palabra que salt\u00f3 a la palestra del lenguaje pol\u00edtico en la era del panismo, con el nacimiento del siglo y del milenio, no es gratuito, m\u00e1s bien se lo ha ganado a pulso la clase pol\u00edtica\u00a0 de antes y de ahora, que deja mucho qu\u00e9 desear.<\/p>\n<p>Los primeros datos de sospechos\u00edsmo en este sexenio surgieron con la renuncia-denuncia del ex panista reci\u00e9n investido como \u201cmoreno\u201d Germ\u00e1n Mart\u00ednez C\u00e1zares, cuando tras ser maniatado para operar el IMSS como quer\u00eda, dej\u00f3 el cargo sabedor que ten\u00eda otra chamba segura, la de senador plurinominal que ocup\u00f3 de inmediato. Aclaraciones sobraron pero ah\u00ed qued\u00f3 la duda.<\/p>\n<p>Duda relacionada con escasez de insumos en el IMSS, incapacidad para designar delegados y otros funcionarios operativos m\u00e1s, limitante que le pon\u00eda el entonces secretario de Hacienda Carlos Urs\u00faa; y \u00e9ste, para confirmar tantas limitaciones para el trabajo tuvo que renunciarle al mism\u00edsimo padre de la cuarta transformaci\u00f3n. Fueron las dos primeras bajas notorias por diferencia de datos.<\/p>\n<p>Esas diferencias en cifras no desbarrancan a nadie, -y menos en este sexenio-, pero dejan una tela de dudas cada vez m\u00e1s gruesa por no dejar ver la ver lo que realmente se hace, pero sobre todo lo que se deja de hacer o se hace mal, y de esto \u00faltimo jam\u00e1s se habla en las nocturnas y mucho menos\u00a0 en las ma\u00f1aneras, donde micr\u00f3fonos y tiempos son para el lucimiento.<\/p>\n<p><a href=\"mailto:elefa44@gmail.com\" target=\"_blank\" rel=\"noopener noreferrer\"><em>elefa44@gmail.com<\/em><\/a><\/p>\n","protected":false},"excerpt":{"rendered":"<p><span style=\"color: #005497;\"><strong>Eleazar Flores<\/strong><\/span><\/p>\n","protected":false},"author":3,"featured_media":0,"comment_status":"open","ping_status":"open","sticky":false,"template":"","format":"standard","meta":{"_monsterinsights_skip_tracking":false,"_monsterinsights_sitenote_active":false,"_monsterinsights_sitenote_note":"","_monsterinsights_sitenote_category":0,"footnotes":""},"categories":[81743],"tags":[81744,81776,43674],"class_list":["post-466970","post","type-post","status-publish","format-standard","hentry","category-eleazar-flores","tag-eleazar-flores","tag-espacio-electoral","tag-opinion"],"_links":{"self":[{"href":"https:\/\/www.diarioimagen.net\/index.php?rest_route=\/wp\/v2\/posts\/466970","targetHints":{"allow":["GET"]}}],"collection":[{"href":"https:\/\/www.diarioimagen.net\/index.php?rest_route=\/wp\/v2\/posts"}],"about":[{"href":"https:\/\/www.diarioimagen.net\/index.php?rest_route=\/wp\/v2\/types\/post"}],"author":[{"embeddable":true,"href":"https:\/\/www.diarioimagen.net\/index.php?rest_route=\/wp\/v2\/users\/3"}],"replies":[{"embeddable":true,"href":"https:\/\/www.diarioimagen.net\/index.php?rest_route=%2Fwp%2Fv2%2Fcomments&post=466970"}],"version-history":[{"count":0,"href":"https:\/\/www.diarioimagen.net\/index.php?rest_route=\/wp\/v2\/posts\/466970\/revisions"}],"wp:attachment":[{"href":"https:\/\/www.diarioimagen.net\/index.php?rest_route=%2Fwp%2Fv2%2Fmedia&parent=466970"}],"wp:term":[{"taxonomy":"category","embeddable":true,"href":"https:\/\/www.diarioimagen.net\/index.php?rest_route=%2Fwp%2Fv2%2Fcategories&post=466970"},{"taxonomy":"post_tag","embeddable":true,"href":"https:\/\/www.diarioimagen.net\/index.php?rest_route=%2Fwp%2Fv2%2Ftags&post=466970"}],"curies":[{"name":"wp","href":"https:\/\/api.w.org\/{rel}","templated":true}]}}