{"id":466993,"date":"2020-04-24T00:01:28","date_gmt":"2020-04-24T05:01:28","guid":{"rendered":"https:\/\/www.diarioimagen.net\/?p=466993"},"modified":"2020-04-24T02:16:42","modified_gmt":"2020-04-24T07:16:42","slug":"limpieza-en-centro-administrativo-de-tlalnepantla-oriente","status":"publish","type":"post","link":"https:\/\/www.diarioimagen.net\/?p=466993","title":{"rendered":"Limpieza en Centro Administrativo de Tlalnepantla Oriente"},"content":{"rendered":"<p><a href=\"https:\/\/www.diarioimagen.net\/?attachment_id=467060\" rel=\"attachment wp-att-467060\"><img loading=\"lazy\" decoding=\"async\" class=\"aligncenter size-large wp-image-467060\" src=\"https:\/\/www.diarioimagen.net\/wp-content\/uploads\/2020\/04\/tlalnepantla-4-460x259.jpg\" alt=\"\" width=\"460\" height=\"259\" srcset=\"https:\/\/www.diarioimagen.net\/wp-content\/uploads\/2020\/04\/tlalnepantla-4-460x259.jpg 460w, https:\/\/www.diarioimagen.net\/wp-content\/uploads\/2020\/04\/tlalnepantla-4-240x135.jpg 240w, https:\/\/www.diarioimagen.net\/wp-content\/uploads\/2020\/04\/tlalnepantla-4-235x132.jpg 235w, https:\/\/www.diarioimagen.net\/wp-content\/uploads\/2020\/04\/tlalnepantla-4-202x114.jpg 202w, https:\/\/www.diarioimagen.net\/wp-content\/uploads\/2020\/04\/tlalnepantla-4-350x196.jpg 350w, https:\/\/www.diarioimagen.net\/wp-content\/uploads\/2020\/04\/tlalnepantla-4-220x123.jpg 220w, https:\/\/www.diarioimagen.net\/wp-content\/uploads\/2020\/04\/tlalnepantla-4-237x132.jpg 237w, https:\/\/www.diarioimagen.net\/wp-content\/uploads\/2020\/04\/tlalnepantla-4.jpg 480w\" sizes=\"auto, (max-width: 460px) 100vw, 460px\" \/><\/a><\/p>\n<p>&nbsp;<\/p>\n<p><strong>Tlalnepantla, Estado de M\u00e9xico<\/strong><strong>.-<\/strong> El Gobierno que encabeza el Alcalde Raciel P\u00e9rez Cruz, con el apoyo de las empresas Cemex y Tomza, realiz\u00f3 la sanitizaci\u00f3n del interior y las inmediaciones del Centro Administrativo Cristina Pacheco ubicado en San Juan Ixhuatepec, como parte de las medidas de prevenci\u00f3n ante la emergencia sanitaria por Covid-19.<\/p>\n<p>Estos trabajos se llevaron a cabo en las \u00e1reas administrativas y de atenci\u00f3n ciudadana, como DIF, Tesorer\u00eda, Registro Civil, Instituto Municipal para las Mujeres y la Equidad de G\u00e9nero, Subsecretar\u00eda de Gobierno, Coordinaci\u00f3n de Tlalnepantla Oriente, las Direcciones de Transformaci\u00f3n Urbana y Promoci\u00f3n Econ\u00f3mica.<\/p>\n","protected":false},"excerpt":{"rendered":"<p>El Gobierno que encabeza el Alcalde Raciel P\u00e9rez Cruz, con el apoyo de las empresas Cemex y Tomza, realiz\u00f3 la sanitizaci\u00f3n del interior y las inmediaciones del Centro Administrativo Cristina Pacheco ubicado en San Juan Ixhuatepec, como parte de las medidas de prevenci\u00f3n ante la emergencia sanitaria por Covid-19.<\/p>\n","protected":false},"author":3,"featured_media":467060,"comment_status":"open","ping_status":"open","sticky":false,"template":"","format":"standard","meta":{"_monsterinsights_skip_tracking":false,"_monsterinsights_sitenote_active":false,"_monsterinsights_sitenote_note":"","_monsterinsights_sitenote_category":0,"footnotes":""},"categories":[5],"tags":[90852,43675,2007,169],"class_list":["post-466993","post","type-post","status-publish","format-standard","has-post-thumbnail","hentry","category-estado-de-mexico","tag-centro-administrativo","tag-estado-de-mexico","tag-limpieza","tag-tlalnepantla"],"_links":{"self":[{"href":"https:\/\/www.diarioimagen.net\/index.php?rest_route=\/wp\/v2\/posts\/466993","targetHints":{"allow":["GET"]}}],"collection":[{"href":"https:\/\/www.diarioimagen.net\/index.php?rest_route=\/wp\/v2\/posts"}],"about":[{"href":"https:\/\/www.diarioimagen.net\/index.php?rest_route=\/wp\/v2\/types\/post"}],"author":[{"embeddable":true,"href":"https:\/\/www.diarioimagen.net\/index.php?rest_route=\/wp\/v2\/users\/3"}],"replies":[{"embeddable":true,"href":"https:\/\/www.diarioimagen.net\/index.php?rest_route=%2Fwp%2Fv2%2Fcomments&post=466993"}],"version-history":[{"count":0,"href":"https:\/\/www.diarioimagen.net\/index.php?rest_route=\/wp\/v2\/posts\/466993\/revisions"}],"wp:featuredmedia":[{"embeddable":true,"href":"https:\/\/www.diarioimagen.net\/index.php?rest_route=\/wp\/v2\/media\/467060"}],"wp:attachment":[{"href":"https:\/\/www.diarioimagen.net\/index.php?rest_route=%2Fwp%2Fv2%2Fmedia&parent=466993"}],"wp:term":[{"taxonomy":"category","embeddable":true,"href":"https:\/\/www.diarioimagen.net\/index.php?rest_route=%2Fwp%2Fv2%2Fcategories&post=466993"},{"taxonomy":"post_tag","embeddable":true,"href":"https:\/\/www.diarioimagen.net\/index.php?rest_route=%2Fwp%2Fv2%2Ftags&post=466993"}],"curies":[{"name":"wp","href":"https:\/\/api.w.org\/{rel}","templated":true}]}}