{"id":467001,"date":"2020-04-24T00:01:46","date_gmt":"2020-04-24T05:01:46","guid":{"rendered":"https:\/\/www.diarioimagen.net\/?p=467001"},"modified":"2020-04-24T01:16:46","modified_gmt":"2020-04-24T06:16:46","slug":"copa-airlines-y-wingo-realizaron-tres-vuelos-humanitarios-para-repatriar-a-114-ciudadanos-chilenos-a-su-pais","status":"publish","type":"post","link":"https:\/\/www.diarioimagen.net\/?p=467001","title":{"rendered":"<em>Copa Airlines<\/em> y <em>Wingo<\/em> realizaron tres vuelos humanitarios para repatriar a 114 ciudadanos chilenos a su pa\u00eds"},"content":{"rendered":"<h2>De cinco estrellas<\/h2>\n<h5>Victoria Gonz\u00e1lez Prado<\/h5>\n<p>&nbsp;<\/p>\n<ul>\n<li><em><strong>No te pierdas el recorrido virtual 360\u00b0 por zonas arqueol\u00f3gicas del estado de Guanajuato<\/strong><\/em><\/li>\n<li><strong>Airbus A340-300 <em>de <\/em><\/strong><strong>Hi Fly<\/strong><em><strong>, marc\u00f3 r\u00e9cord despu\u00e9s con el vuelo m\u00e1s largo de Montevideo a Australia<\/strong><\/em><\/li>\n<li><strong>Wyndham Hotels &amp; Resorts<\/strong><em><strong> lanz\u00f3 <\/strong><\/em><strong>#EverydayHeroes<\/strong><em><strong> para trabajadores con actividades esenciales obtengan acceso a la membres\u00eda Gold<\/strong><\/em><\/li>\n<\/ul>\n<p>&nbsp;<\/p>\n<div id=\"attachment_467044\" style=\"width: 470px\" class=\"wp-caption aligncenter\"><a href=\"https:\/\/www.diarioimagen.net\/?attachment_id=467044\" rel=\"attachment wp-att-467044\"><img loading=\"lazy\" decoding=\"async\" aria-describedby=\"caption-attachment-467044\" class=\"size-large wp-image-467044\" src=\"https:\/\/www.diarioimagen.net\/wp-content\/uploads\/2020\/04\/turismo-9-460x218.jpg\" alt=\"\" width=\"460\" height=\"218\" srcset=\"https:\/\/www.diarioimagen.net\/wp-content\/uploads\/2020\/04\/turismo-9-460x218.jpg 460w, https:\/\/www.diarioimagen.net\/wp-content\/uploads\/2020\/04\/turismo-9-240x113.jpg 240w, https:\/\/www.diarioimagen.net\/wp-content\/uploads\/2020\/04\/turismo-9.jpg 700w\" sizes=\"auto, (max-width: 460px) 100vw, 460px\" \/><\/a><p id=\"caption-attachment-467044\" class=\"wp-caption-text\">Ambas aerol\u00edneas realizaron vuelos humanitarios.<\/p><\/div>\n<p>&nbsp;<\/p>\n<p>Copa Airlines y Wingo unieron esfuerzos para la operaci\u00f3n de tres vuelos humanitarios que se llevaron a cabo el pasado 10 de abril. En estas operaciones se repatri\u00f3 a 114 ciudadanos chilenos a su pa\u00eds, desde Caracas, Venezuela, y 234 brasile\u00f1os desde distintos pa\u00edses de Centroam\u00e9rica y el Caribe hacia Sao Paulo, Brasil. Esto, luego de verse afectados por las restricciones de vuelos en la regi\u00f3n, para contener la propagaci\u00f3n del Covid-19 en sus territorios.<\/p>\n<p>Estos tres vuelos humanitarios se suman a otros 15 que Copa Airlines y Wingo han gestionado y operado desde el pasado 15 de marzo, en medio de la crisis\u00a0 que afecta a la regi\u00f3n y al mundo, transportando 2 mil 300 pasajeros de Argentina, Brasil, Chile, Colombia, Cuba, Panam\u00e1, Per\u00fa, Rep\u00fablica Dominicana y Venezuela de regreso a sus hogares.<\/p>\n<p>Pedro Heilbron, presidente ejecutivo de la aerol\u00ednea paname\u00f1a dijo:\u00a0 \u201cseguiremos haciendo nuestro mayor esfuerzo por conseguir m\u00e1s permisos de las autoridades de los distintos pa\u00edses, para operar otros vuelos humanitarios y, sumado a otras gestiones que estamos realizando para transportar a m\u00e1s pasajeros de regreso a casa\u201d.<\/p>\n<p>Por su parte, Carolina Cortizo, directora general de Wingo indic\u00f3: \u201cponemos nuestras aeronaves al servicio de nuestros pasajeros y sumamos esfuerzos con nuestra aerol\u00ednea hermana, para llevar a estos viajeros chilenos y brasile\u00f1os da sus lugares de origen\u201d.<\/p>\n<p>\u2730\u2730\u2730\u2730\u2730 Ahora, a la distancia podr\u00e1s disfrutar recorrido virtual 360\u00b0 por las zonas arqueol\u00f3gicas del estado de Guanajuato, a trav\u00e9s de la p\u00e1gina guanajuato.mx, que, por medio a la Secretar\u00eda de Turismo ofrece para experimentar por el Patrimonio Cultural de la Humanidad y disfrutar desde casa la riqueza de los vestigios para que, despu\u00e9s visites el destino y vivas la aventura real.<\/p>\n<p>Al ingresar a http:\/\/guanajuato.mx\/experiencias\/4\/12 descubrir\u00e1s Ca\u00f1ada de la Virgen, en San Miguel de Allende; Peralta, en Abasolo; El C\u00f3poro, en Ocampo; y Plazuelas, en P\u00e9njamo. La Zona Arqueol\u00f3gica de Arroyo Seco, en Victoria, se prepara para que pronto vivas la experiencia.<\/p>\n<p>Durante el recorrido virtual conocer\u00e1s Ca\u00f1ada de la Virgen, asentamiento prehisp\u00e1nico entre los a\u00f1os 600 y 900 d.C. que se sit\u00faa en el epi-cl\u00e1sico mesoamericano y cuyos principales monumentos se utilizaron para realizar observaciones en el cielo, su traza urbana refleja los ciclos c\u00f3smicos a los que se vinculaba la vida de grupos de agricultores que practicaron la recolecci\u00f3n y caza.<\/p>\n<p>Peralta centro ceremonial con varios recintos: el de los Gobernantes o la Mesita, con gran plaza y patios hundidos, donde se han encontrado vestigios de la ancestral tradici\u00f3n de los voladores; y Divisadero, dos templos ante patio hundido.<\/p>\n<p>El C\u00f3poro asentamiento prehisp\u00e1nico habitado entre 500 y 900 d.C., se compone de distintos espacios arquitect\u00f3nicos que sugieren, junto con los objetos de cer\u00e1mica y las herramientas en piedra, afinidad con la regi\u00f3n del Tunal Grande en San Luis Potos\u00ed y fuertes v\u00ednculos con los asentamientos prehisp\u00e1nicos de Zacatecas, Jalisco y El Baj\u00edo guanajuatense.<\/p>\n<p>Plazuelas edificado entre los a\u00f1os 600 y 900 d.C., fue de los centros ceremoniales m\u00e1s complejos de la regi\u00f3n, aqu\u00ed se puede apreciar la belleza del sitio en el edificio Casas Tapadas o en la cancha del juego de pelota, que tuvo como marcadores dos esculturas serpentinas asociadas a la fertilidad.<\/p>\n<p>Esta experiencia virtual es parte de la campa\u00f1a de Guanajuato #So\u00f1amosContigo, estrategia de la Secretar\u00eda de Turismo durante la contingencia del Covid-19. #Qu\u00e9dateEnCasaHoy, #ViajaMa\u00f1ana.<\/p>\n<p>\u2730\u2730\u2730\u2730\u2730 El Airbus A340-300 de Hi Fly, marc\u00f3 r\u00e9cord despu\u00e9s de que realizara el vuelo m\u00e1s largo jam\u00e1s realizado por este modelo de avi\u00f3n. La aeronave vol\u00f3 durante 16 horas y nueve minutos entre el Aeropuerto Internacional de Montevideo, Uruguay y el Internacional de Melbourne, Australia.<\/p>\n<p>El avi\u00f3n intentaba repatriar a 217 ciudadanos australianos varados en Uruguay desde el pasado 27 de marzo, resultado del crucero Greg Morimer que realizaba recorrido por la Ant\u00e1rtida, las islas Malvinas y Ushuaia.<\/p>\n<p>El Airbus A340 es avi\u00f3n cuatrimotor que no se enfrenta a la limitaci\u00f3n de las normativas ETOPS (Extended-range Twin Engine Operation Performance Standards), certificaciones para aeronaves bimotor que solo permite volar por periodo de tiempo mayor a 60 minutos respecto al aeropuerto m\u00e1s cercano en zonas remotas.<\/p>\n<p>As\u00ed, esta aeronave puede desplazarse de forma segura con el motor operativo hasta el pr\u00f3ximo aeropuerto alterno y eso posibilita la realizaci\u00f3n de rutas de largo alcance con eficiencia y seguridad.<\/p>\n<p>Hi Fly aerol\u00ednea portuguesa de vuelos ch\u00e1rter con sede en Lisboa, cuenta con flota unificada con aviones Airbus, dos A319, dos A321, siete A330, seis A340 y un A380.<\/p>\n<p>Hace poco tiempo, la aerol\u00ednea Air Tahiti Nui complet\u00f3 el vuelo de pasajeros m\u00e1s largo hasta el momento por distancia al recorrer 15 mil 715 kil\u00f3metros partiendo desde Papeete en Tahit\u00ed (Polinesia Francesa) y aterrizando en el aeropuerto Charles de Gaulle de Par\u00eds, Francia. As\u00ed, se convirti\u00f3 en el vuelo dom\u00e9stico m\u00e1s largo del mundo.<\/p>\n<p>\u2730\u2730\u2730\u2730\u2730 Wyndham Hotels &amp; Resorts, lanz\u00f3 la iniciativa #EverydayHeroes, que ofrece a todos los trabajadores con actividades esenciales en las primeras l\u00edneas del Covid-19 acceso inmediato, a la membres\u00eda Gold de su programa de lealtad, Wyndham Rewards.<\/p>\n<p>Los trabajadores elegibles son entre otros, conductores de camiones y reparto, trabajadores de almacenes, de construcci\u00f3n, limpieza y supermercados y, empleados del sector salud, podr\u00e1n solicitarla visitando: www.wyndhamrewards.com\/heroes disponible para miembros nuevos y existentes de Wyndham Rewards.<\/p>\n<p>Geoff Ballotti, presidente y CEO de la cadena hotelera dijo: \u201cnos alegra honrar a personas merecedores que han estado realizando su heroico trabajo ante el peligro. Esta es peque\u00f1a forma de ayudar a que su pr\u00f3ximo viaje, ya sea para visitar a seres queridos, amigos o simplemente para fin de semana especial como lo merecen. Se lo han ganado\u201d.<\/p>\n<p>La membres\u00eda brinda a los viajeros gran cantidad de beneficios significativos que incluyen descuentos exclusivos, l\u00ednea de servicios para miembros, habitaciones preferenciales, puntos adicionales y late checkout. Debe solicitarse antes del 30 de septiembre, es v\u00e1lida hasta el 31 de diciembre de 2021 y aplica para estad\u00edas en las 20 marcas de Wyndham Hotels &amp; Resorts.<\/p>\n<p>Adem\u00e1s de reconocer a los que est\u00e1n en las primeras l\u00edneas del Covid-19, la compa\u00f1\u00eda contin\u00faa actualizando sus pol\u00edticas en todo el mundo para proporcionar a los viajeros y miembros del programa de lealtad mayor flexibilidad en su viaje, ajustando las pol\u00edticas de cancelaci\u00f3n, extendiendo los beneficios de membres\u00eda y retrasando el vencimiento de los puntos.\u00a0 M\u00e1s informaci\u00f3n: <em>www.wyndhamhotels.com\/COVID-<\/em><\/p>\n<p><em><span class=\"Apple-converted-space\"><a href=\"mailto:victoriagprado@gmail.com\" target=\"_blank\" rel=\"noopener noreferrer\">victoriagprado@gmail.com<\/a><br \/>\nTwitter: <a href=\"https:\/\/twitter.com\/victoriagprado\" target=\"_blank\" rel=\"noopener noreferrer\">@victoriagprado<\/a><\/span><\/em><\/p>\n","protected":false},"excerpt":{"rendered":"<p>Copa Airlines y Wingo unieron esfuerzos para la operaci\u00f3n de tres vuelos humanitarios que se llevaron a cabo el pasado 10 de abril. En estas operaciones se repatri\u00f3 a 114 ciudadanos chilenos a su pa\u00eds, desde Caracas, Venezuela, y 234 brasile\u00f1os desde distintos pa\u00edses de Centroam\u00e9rica y el Caribe hacia Sao Paulo, Brasil. Esto, luego de verse afectados por las restricciones de vuelos en la regi\u00f3n, para contener la propagaci\u00f3n del Covid-19 en sus territorios.<\/p>\n","protected":false},"author":3,"featured_media":467044,"comment_status":"open","ping_status":"open","sticky":false,"template":"","format":"standard","meta":{"_monsterinsights_skip_tracking":false,"_monsterinsights_sitenote_active":false,"_monsterinsights_sitenote_note":"","_monsterinsights_sitenote_category":0,"footnotes":""},"categories":[11],"tags":[107,43674,43681,106],"class_list":["post-467001","post","type-post","status-publish","format-standard","has-post-thumbnail","hentry","category-turismo","tag-de-cinco-estrellas","tag-opinion","tag-turismo","tag-victoria-gonzalez-prado"],"_links":{"self":[{"href":"https:\/\/www.diarioimagen.net\/index.php?rest_route=\/wp\/v2\/posts\/467001","targetHints":{"allow":["GET"]}}],"collection":[{"href":"https:\/\/www.diarioimagen.net\/index.php?rest_route=\/wp\/v2\/posts"}],"about":[{"href":"https:\/\/www.diarioimagen.net\/index.php?rest_route=\/wp\/v2\/types\/post"}],"author":[{"embeddable":true,"href":"https:\/\/www.diarioimagen.net\/index.php?rest_route=\/wp\/v2\/users\/3"}],"replies":[{"embeddable":true,"href":"https:\/\/www.diarioimagen.net\/index.php?rest_route=%2Fwp%2Fv2%2Fcomments&post=467001"}],"version-history":[{"count":0,"href":"https:\/\/www.diarioimagen.net\/index.php?rest_route=\/wp\/v2\/posts\/467001\/revisions"}],"wp:featuredmedia":[{"embeddable":true,"href":"https:\/\/www.diarioimagen.net\/index.php?rest_route=\/wp\/v2\/media\/467044"}],"wp:attachment":[{"href":"https:\/\/www.diarioimagen.net\/index.php?rest_route=%2Fwp%2Fv2%2Fmedia&parent=467001"}],"wp:term":[{"taxonomy":"category","embeddable":true,"href":"https:\/\/www.diarioimagen.net\/index.php?rest_route=%2Fwp%2Fv2%2Fcategories&post=467001"},{"taxonomy":"post_tag","embeddable":true,"href":"https:\/\/www.diarioimagen.net\/index.php?rest_route=%2Fwp%2Fv2%2Ftags&post=467001"}],"curies":[{"name":"wp","href":"https:\/\/api.w.org\/{rel}","templated":true}]}}