{"id":467088,"date":"2020-04-27T00:04:13","date_gmt":"2020-04-27T05:04:13","guid":{"rendered":"https:\/\/www.diarioimagen.net\/?p=467088"},"modified":"2020-04-27T01:30:16","modified_gmt":"2020-04-27T06:30:16","slug":"entrega-cabildo-de-cuautitlan-despensas-en-varias-comunidades-ante-contingencia","status":"publish","type":"post","link":"https:\/\/www.diarioimagen.net\/?p=467088","title":{"rendered":"Entrega cabildo de Cuautitl\u00e1n despensas en varias comunidades ante contingencia"},"content":{"rendered":"<ul>\n<li style=\"text-align: justify;\"><strong><em>Atienden necesidades de la poblaci\u00f3n<\/em><\/strong><\/li>\n<\/ul>\n<p>&nbsp;<\/p>\n<div id=\"attachment_467169\" style=\"width: 470px\" class=\"wp-caption aligncenter\"><a href=\"https:\/\/www.diarioimagen.net\/?attachment_id=467169\" rel=\"attachment wp-att-467169\"><img loading=\"lazy\" decoding=\"async\" aria-describedby=\"caption-attachment-467169\" class=\"size-large wp-image-467169\" src=\"https:\/\/www.diarioimagen.net\/wp-content\/uploads\/2020\/04\/cuautitlan-7-460x259.jpg\" alt=\"\" width=\"460\" height=\"259\" srcset=\"https:\/\/www.diarioimagen.net\/wp-content\/uploads\/2020\/04\/cuautitlan-7-460x259.jpg 460w, https:\/\/www.diarioimagen.net\/wp-content\/uploads\/2020\/04\/cuautitlan-7-240x135.jpg 240w, https:\/\/www.diarioimagen.net\/wp-content\/uploads\/2020\/04\/cuautitlan-7-235x132.jpg 235w, https:\/\/www.diarioimagen.net\/wp-content\/uploads\/2020\/04\/cuautitlan-7-202x114.jpg 202w, https:\/\/www.diarioimagen.net\/wp-content\/uploads\/2020\/04\/cuautitlan-7-350x196.jpg 350w, https:\/\/www.diarioimagen.net\/wp-content\/uploads\/2020\/04\/cuautitlan-7-220x123.jpg 220w, https:\/\/www.diarioimagen.net\/wp-content\/uploads\/2020\/04\/cuautitlan-7-237x132.jpg 237w, https:\/\/www.diarioimagen.net\/wp-content\/uploads\/2020\/04\/cuautitlan-7.jpg 480w\" sizes=\"auto, (max-width: 460px) 100vw, 460px\" \/><\/a><p id=\"caption-attachment-467169\" class=\"wp-caption-text\">Integrantes del cabildo local encabezados por el alcalde Ariel Ju\u00e1rez Rodr\u00edguez, entregaron despensas en distintas comunidades del municipio.<\/p><\/div>\n<p>&nbsp;<\/p>\n<p><strong>Cuautitl\u00e1n, Estado de M\u00e9xico.- <\/strong>En respuesta a las necesidades de la poblaci\u00f3n que han visto disminuidos sus ingresos familiares con la contingencia sanitaria decretada por autoridades de salud, integrantes del cabildo local encabezados por el presidente municipal Ariel Ju\u00e1rez Rodr\u00edguez, entregaron despensas en distintas comunidades del municipio.<\/p>\n<p>En esta situaci\u00f3n que resulta de las medidas preventivas, hoy se hace entrega de despensas que son parte de las aportaciones voluntarias del 50 por ciento del salario que el presidente municipal, integrantes del cabildo y directores destinaron para la compra de despensas b\u00e1sicas en apoyo a los que menos tienen, asever\u00f3 el alcalde al acudir a una de las comunidades.<\/p>\n<p>Ju\u00e1rez Rodr\u00edguez y regidores hicieron entrega de despensas en el pueblo de San Mateo Ixtacalco, las comunidades de El Machero, La Tabla, Macolo y a vecinos del centro de Cuautitl\u00e1n, ya que cada uno de los beneficiados solicit\u00f3 este recurso en especie que le permitir\u00e1 mejorar las condiciones de alimentaci\u00f3n por algunos d\u00edas m\u00e1s, recalc\u00f3.<\/p>\n<p>Los vecinos que recibieron estos apoyos, se\u00f1alaron en algunos casos que, a consecuencia a la p\u00e9rdida de empleo por haber cerrado los centros de trabajo ante la contingencia, no hab\u00edan logrado realizar la compra de alimentos b\u00e1sicos, por lo que la despensa reci\u00e9n entregada les permitir\u00e1 solventar por unos d\u00edas su preocupaci\u00f3n de llevar comida a la mesa.<\/p>\n<p>Le entrega de despensas, continuar\u00e1 de manera programada en todas las comunidades de Cuautitl\u00e1n, por lo que se espera que en el transcurso del mes sean beneficiadas el mayor n\u00famero de familias que realmente las necesitan.<\/p>\n<p>Adem\u00e1s, se continuar\u00e1 exhortando a la poblaci\u00f3n en general a tomar las medidas preventivas de la Jornada Nacional de Sana Distancia, cierre de centros comerciales, reforzamiento de las acciones sobre horarios de funcionamiento y vigilancia de \u00e1reas p\u00fablicas restringidas para peatones como el Jard\u00edn Principal, Parque de la Cruz, y plazuela Madero.<\/p>\n","protected":false},"excerpt":{"rendered":"<p>En respuesta a las necesidades de la poblaci\u00f3n que han visto disminuidos sus ingresos familiares con la contingencia sanitaria decretada por autoridades de salud, integrantes del cabildo local encabezados por el presidente municipal Ariel Ju\u00e1rez Rodr\u00edguez, entregaron despensas en distintas comunidades del municipio.<\/p>\n","protected":false},"author":3,"featured_media":467169,"comment_status":"open","ping_status":"open","sticky":false,"template":"","format":"standard","meta":{"_monsterinsights_skip_tracking":false,"_monsterinsights_sitenote_active":false,"_monsterinsights_sitenote_note":"","_monsterinsights_sitenote_category":0,"footnotes":""},"categories":[5],"tags":[20966,16796,681,43675],"class_list":["post-467088","post","type-post","status-publish","format-standard","has-post-thumbnail","hentry","category-estado-de-mexico","tag-comunidades","tag-contingencia","tag-cuautitlan","tag-estado-de-mexico"],"_links":{"self":[{"href":"https:\/\/www.diarioimagen.net\/index.php?rest_route=\/wp\/v2\/posts\/467088","targetHints":{"allow":["GET"]}}],"collection":[{"href":"https:\/\/www.diarioimagen.net\/index.php?rest_route=\/wp\/v2\/posts"}],"about":[{"href":"https:\/\/www.diarioimagen.net\/index.php?rest_route=\/wp\/v2\/types\/post"}],"author":[{"embeddable":true,"href":"https:\/\/www.diarioimagen.net\/index.php?rest_route=\/wp\/v2\/users\/3"}],"replies":[{"embeddable":true,"href":"https:\/\/www.diarioimagen.net\/index.php?rest_route=%2Fwp%2Fv2%2Fcomments&post=467088"}],"version-history":[{"count":0,"href":"https:\/\/www.diarioimagen.net\/index.php?rest_route=\/wp\/v2\/posts\/467088\/revisions"}],"wp:featuredmedia":[{"embeddable":true,"href":"https:\/\/www.diarioimagen.net\/index.php?rest_route=\/wp\/v2\/media\/467169"}],"wp:attachment":[{"href":"https:\/\/www.diarioimagen.net\/index.php?rest_route=%2Fwp%2Fv2%2Fmedia&parent=467088"}],"wp:term":[{"taxonomy":"category","embeddable":true,"href":"https:\/\/www.diarioimagen.net\/index.php?rest_route=%2Fwp%2Fv2%2Fcategories&post=467088"},{"taxonomy":"post_tag","embeddable":true,"href":"https:\/\/www.diarioimagen.net\/index.php?rest_route=%2Fwp%2Fv2%2Ftags&post=467088"}],"curies":[{"name":"wp","href":"https:\/\/api.w.org\/{rel}","templated":true}]}}