{"id":467226,"date":"2020-04-28T00:03:03","date_gmt":"2020-04-28T05:03:03","guid":{"rendered":"https:\/\/www.diarioimagen.net\/?p=467226"},"modified":"2020-04-28T00:05:22","modified_gmt":"2020-04-28T05:05:22","slug":"dedo-flamigero-de-munoz-ledo","status":"publish","type":"post","link":"https:\/\/www.diarioimagen.net\/?p=467226","title":{"rendered":"Dedo flam\u00edgero de Mu\u00f1oz Ledo"},"content":{"rendered":"<h2>Espacio Electoral<\/h2>\n<h5>Eleazar Flores<\/h5>\n<p><strong>\u00a0<\/strong><\/p>\n<p><strong>AMLO, NI SUDA NI\u2026<\/strong>&#8211; Protagonista, testigo y v\u00edctima de sucesiones presidenciales anteriores, Porfirio Mu\u00f1oz Ledo sabe del tema m\u00e1s que muchos sexagenarios, o m\u00e1s, de la 4T, por eso hay que atender su dicho \u201clos gobernantes polarizan al pa\u00eds, alto al futurismo pol\u00edtico desembozado\u201d.<\/p>\n<p>Por su innegable cultura sociopol\u00edtica, fama ganada desde el echeverrismo a la fecha y su im\u00e1n medi\u00e1tico, Mu\u00f1oz Ledo de hecho se ha convertido en el \u00fanico ojo cr\u00edtico del due\u00f1o de la cuarta transformaci\u00f3n, confirm\u00e1ndose con esta postura, el dicho del pueblo sabio de que \u201cpara que la cu\u00f1a apriete debe ser del mismo palo\u201d. Silencio sepulcral de este tema en la ma\u00f1anera.<\/p>\n<p>Como secretario de estado, dirigente del poderoso PRI de los setentas, despu\u00e9s dirigente del PRD , -tambi\u00e9n en pleno apogeo-, Mu\u00f1oz Ledo sabe mucho m\u00e1s que los dem\u00e1s integrantes del actual gabinete presidencial, sobrado de a\u00f1os pero falto de experiencia, lo que no importa al tabasque\u00f1o quien pide 90% de lealtad y s\u00f3lo 10% de eficiencia, seg\u00fan sus propias palabras.<\/p>\n<p><strong>DESEMBOZADOS.-<\/strong> \u201cMientras el cuerpo m\u00e9dico se sacrifica y el pueblo sufre, empresarios y gobernantes polarizan al pa\u00eds, alto al futurismo pol\u00edtico desembozado\u201d, declar\u00f3 en su tweet don Porfirio Mu\u00f1oz Ledo, acerca de lo que todos los mexicanos leemos en los medios o vemos y o\u00edmos en los medios electr\u00f3nicos. El gobierno no ve este panorama, s\u00f3lo los datos de las ma\u00f1aneras.<\/p>\n<p>Para reforzar esto, ayer mismo vino la descalificaci\u00f3n presidencial al esfuerzo que los integrantes del Consejo Mexicano de Negocios\u00a0 que lidera Antonio del Valle, que en conjunci\u00f3n con el Banco Interamericano de Desarrollo, BID, logran un financiamiento de 12 mil millones de d\u00f3lares\u00a0 destinados al apoyo de las peque\u00f1as y medianas empresas, MIPYMES.<\/p>\n<p>Lo inconcebible es que este acuerdo, bien visto por el secretario de Relaciones Exteriores Marcelo Ebrard y la secretaria de Econom\u00eda, haya sido cuestionado por el ejecutivo federal.<\/p>\n<p><strong>\u00a0<\/strong><strong>MU\u00d1OZ LEDO-. <\/strong>El enojo inicial del diputado federal que coloc\u00f3 la banda presidencial a L\u00f3pez Obrador el pasado primero de diciembre de 2018, fustig\u00f3 el anuncio presidencial de recortar salarios a altos mandos del gobierno y suspender \u201cvoluntariamente\u201d el aguinaldo, lo que viola la Constituci\u00f3n General de la Rep\u00fablica y la Ley Federal de Trabajo.<\/p>\n<p>\u201cHabiendo tanta tela de donde cortar \u00bfpara qu\u00e9 hacerle ojales?\u201d, no a la reducci\u00f3n de salarios ni a la suspensi\u00f3n de aguinaldos, ser\u00eda violatorio de la ley insisti\u00f3 Mu\u00f1oz Ledo, ampliando sus comentarios al futurismo presidencial dentro del equipo lopezobradorista, que por cierto tiene en este momento pocos prospectos, sobre todo tomando en cuenta la edad de muchos de ellos.<\/p>\n<p>Evito dar nombres para enfriar calenturas pero usted sabe bien cuantos sub 70 hay.<\/p>\n<p><a href=\"mailto:elefa44@gmail.com\" target=\"_blank\" rel=\"noopener noreferrer\"><em>elefa44@gmail.com<\/em><\/a><\/p>\n","protected":false},"excerpt":{"rendered":"<p><span style=\"color: #005497;\"><strong>Eleazar Flores<\/strong><\/span><\/p>\n","protected":false},"author":3,"featured_media":0,"comment_status":"open","ping_status":"open","sticky":false,"template":"","format":"standard","meta":{"_monsterinsights_skip_tracking":false,"_monsterinsights_sitenote_active":false,"_monsterinsights_sitenote_note":"","_monsterinsights_sitenote_category":0,"footnotes":""},"categories":[81743],"tags":[81744,81776,43674],"class_list":["post-467226","post","type-post","status-publish","format-standard","hentry","category-eleazar-flores","tag-eleazar-flores","tag-espacio-electoral","tag-opinion"],"_links":{"self":[{"href":"https:\/\/www.diarioimagen.net\/index.php?rest_route=\/wp\/v2\/posts\/467226","targetHints":{"allow":["GET"]}}],"collection":[{"href":"https:\/\/www.diarioimagen.net\/index.php?rest_route=\/wp\/v2\/posts"}],"about":[{"href":"https:\/\/www.diarioimagen.net\/index.php?rest_route=\/wp\/v2\/types\/post"}],"author":[{"embeddable":true,"href":"https:\/\/www.diarioimagen.net\/index.php?rest_route=\/wp\/v2\/users\/3"}],"replies":[{"embeddable":true,"href":"https:\/\/www.diarioimagen.net\/index.php?rest_route=%2Fwp%2Fv2%2Fcomments&post=467226"}],"version-history":[{"count":0,"href":"https:\/\/www.diarioimagen.net\/index.php?rest_route=\/wp\/v2\/posts\/467226\/revisions"}],"wp:attachment":[{"href":"https:\/\/www.diarioimagen.net\/index.php?rest_route=%2Fwp%2Fv2%2Fmedia&parent=467226"}],"wp:term":[{"taxonomy":"category","embeddable":true,"href":"https:\/\/www.diarioimagen.net\/index.php?rest_route=%2Fwp%2Fv2%2Fcategories&post=467226"},{"taxonomy":"post_tag","embeddable":true,"href":"https:\/\/www.diarioimagen.net\/index.php?rest_route=%2Fwp%2Fv2%2Ftags&post=467226"}],"curies":[{"name":"wp","href":"https:\/\/api.w.org\/{rel}","templated":true}]}}