{"id":467296,"date":"2020-04-29T00:02:13","date_gmt":"2020-04-29T05:02:13","guid":{"rendered":"https:\/\/www.diarioimagen.net\/?p=467296"},"modified":"2020-04-29T00:09:12","modified_gmt":"2020-04-29T05:09:12","slug":"morena-prepara-fast-track-en-san-lazaro","status":"publish","type":"post","link":"https:\/\/www.diarioimagen.net\/?p=467296","title":{"rendered":"Morena prepara <em>fast-track<\/em> en San L\u00e1zaro"},"content":{"rendered":"<h2>La Retaguardia<\/h2>\n<h5>Adriana Moreno Cordero<\/h5>\n<p>&nbsp;<\/p>\n<ul>\n<li><strong><em>A L\u00f3pez Obrador tampoco le gustas moditos de Mu\u00f1oz Ledo<\/em><\/strong><\/li>\n<\/ul>\n<p>&nbsp;<\/p>\n<p>Cuando en M\u00e9xico estamos en plena Fase 3 de la pandemia del Covid-19, el partido en el poder, Morena, prepara otro <em>fasttrack<\/em> para aprobar pr\u00e1cticamente sobre las rodillas que el presidente <strong>Andr\u00e9s Manuel L\u00f3pez Obrador<\/strong> pueda ejercer el Presupuesto a placer y como mejor le venga en gana, \u2014o sea, con la v\u00edscera\u2014, en esta \u00e9poca tan dif\u00edcil de emergencia sanitaria y cuando es \u201cpan de todos los d\u00edas\u201d, las quejas en diferentes hospitales, del IMSS, ISSSTE y salud p\u00fablica, por falta de material para combatir este terrible mal, que adem\u00e1s, ha generado nosocomios\u00a0 ya sin cabida para un enfermo m\u00e1s y de manera contrastante, el Ejecutivo asegur\u00f3 que ya \u201cdom\u00f3\u201d la epidemia.<\/p>\n<p>Y en esta intentona, tal parece que la oposici\u00f3n en el Legislativo, ser\u00e1 sometida a su \u201cprueba de fuego\u201d, con todo y que para aprobar dicha iniciativa presidencial, no se requiere la mayor\u00eda calificada y como en \u00e9pocas pasadas que tanto critica el tabasque\u00f1o, ahora los legisladores morenistas est\u00e1n completamente supeditados a la voluntad de su jefe.<\/p>\n<p>Senadores panistas, como <strong>Erandi Berm\u00fadez M\u00e9ndez,<\/strong> advirtieron algo que cada vez m\u00e1s ven; que el presidente L\u00f3pez Obrador se est\u00e1 aprovechando de la emergencia sanitaria por el Covid-19 para desmantelar a las instituciones mexicanas y construir un proyecto de pa\u00eds autoritario.<\/p>\n<p>Espec\u00edficamente, el senador Berm\u00fadez subray\u00f3 que con raz\u00f3n el mandatario dec\u00eda que la pandemia del coronavirus le ven\u00eda \u201ccomo anillo al dedo\u201d, ya que al fin consigui\u00f3 \u201cgenerar esta tormenta perfecta para que el d\u00eda de ma\u00f1ana \u00e9l pueda tener el control total de todo, para que ma\u00f1ana no haya nadie que pueda ponerse en contra de \u00e9l\u201d, sin duda un sue\u00f1o largamente acariciado por quien hizo una campa\u00f1a de 18 a\u00f1os.<\/p>\n<p>Por su parte, el senador de Movimiento Ciudadano, <strong>Samuel Garc\u00eda<\/strong>, subray\u00f3 que la iniciativa presidencial viola cuatro art\u00edculos de la Constituci\u00f3n. El 126, que tiene que ver con que no podr\u00e1 hacerse pagos no comprendidos en el Presupuesto; el 49 sobre la divisi\u00f3n de Poderes, pues el Ejecutivo quiere adjudicarse decisiones que solo corresponder\u00edan al Legislativo; el 74, referente a la facultad de fiscalizaci\u00f3n exclusiva de los diputados y el 134, sobre los recursos a disposici\u00f3n de la federaci\u00f3n, estados y municipios.<\/p>\n<p>Tambi\u00e9n el senador Samuel Garc\u00eda hizo una advertencia: \u201cNo puede el Presidente usurpar y robarse la tarea del Presupuesto, que es del Poder Legislativo. Lo que no se analiz\u00f3, discuti\u00f3 o vot\u00f3 el a\u00f1o pasado, Presidente, no lo puede gastar, ser\u00eda un delito de peculado, de traici\u00f3n a la patria, si lo hace procederemos en consecuencia\u201d.<\/p>\n<p>\u201cSi (el Presidente) cambia algo se considera partida secreta, tambi\u00e9n es delito. Y el m\u00e1s grave, si esta iniciativa pasa no habr\u00e1 fiscalizaci\u00f3n y todo el dinero que hoy se est\u00e1 llevando de nuestros impuestos los gastar\u00e1 sin escrutinio, sin fiscalizaci\u00f3n y en su caso sanci\u00f3n\u201d.<\/p>\n<p>Y como esta iniciativa tiene que ver tambi\u00e9n con la C\u00e1mara de Diputados, el coordinador de la bancada del PRI en San L\u00e1zaro, <strong>Ren\u00e9 Ju\u00e1rez Cisneros<\/strong>, pidi\u00f3 que su fracci\u00f3n parlamentaria pueda \u201cexpresar lo que creemos, pueden ser argumentos, elementos, aportaciones, propuestas y reflexiones que sirvan para ayudar precisamente a hacerle frente a esta crisis. Ese es el \u00e1nimo que nosotros tenemos.<\/p>\n<p>Y creo que coincidiendo tambi\u00e9n con lo que se ha planteado con algunos coordinadores parlamentarios, hay que cuidar que no se trastoque, que no se vulnere, que no se lastimen las funciones fundamentales de la C\u00e1mara de Diputados\u201d.<\/p>\n<p>No deja de llamar la atenci\u00f3n la actitud del\u00a0 coordinador pri\u00edsta. Est\u00e1 bien que su bancada ya perdi\u00f3 cualquier margen de maniobra en un espacio donde antes fue muy poderosa, pero eso ya qued\u00f3 atr\u00e1s y ahora ser\u00eda muy recomendable que tuvieran una actitud m\u00e1s contundente.<\/p>\n<p>Y esta actitud que le est\u00e1 haciendo tanta falta a los legisladores del Revolucionario Institucional, que tal parece, est\u00e1n sometidos a los designios de las bancada de Morena en el Legislativo, el \u00fanico que la ha tenido, perteneciente a la fracci\u00f3n parlamentaria que tiene el control, es <strong>Porfirio Mu\u00f1oz Ledo<\/strong>, que desde hace alg\u00fan buen tiempo, ha hecho manifiestas sus diferencias con las decisiones, tanto de su bancada, que en San L\u00e1zaro coordina Mario Mart\u00edn Delgado.<\/p>\n<p>Vale decir que lo m\u00e1s seguro es que al presidente L\u00f3pez Obrador no le han gustado \u201clos moditos\u201d del integrante de la mesa de decanos en el Palacio Legislativo de San L\u00e1zaro, que con fundamento, ha cuestionado severamente las decisiones presidenciales, por ejemplo en cuanto a la actitud sumisa que tiene el gobierno de la llamada cuarta transformaci\u00f3n con el de <strong>Donald Trump<\/strong>.<\/p>\n<p>Ahora, con esta nueva intenci\u00f3n del tabasque\u00f1o, Mu\u00f1oz Ledo tambi\u00e9n ha puesto \u201cel dedo en la llaga\u201d lo que, como se se\u00f1al\u00f3, no le ha parecido nada al Presidente, as\u00ed que lo m\u00e1s probable es que a la menor oportunidad, puede que llegue al grado de expulsarlo de las filas del partido, pero eso ser\u00eda lo de menos para Mu\u00f1oz Ledo.<\/p>\n<p style=\"text-align: center;\"><strong>Municiones<\/strong><\/p>\n<p>*** Sin duda alguna, San Luis Potos\u00ed se ha convertido en territorio donde reina la inseguridad. El colmo ha llegado porque se ha incrementado de manera sumamente considerable la violencia, la ola de asaltos a restaurantes y comercios. Y desafortunadamente, ahora es noticia de todos los d\u00edas de primera plana por el robo de pruebas de Covid-19, ni m\u00e1s ni menos que del laboratorio estatal de Salud P\u00fablica. Con una gran facilidad, fueron sustra\u00eddas del lugar donde se resguardan estas importantes pruebas, y con la misma impunidad \u00e9l o los maleantes cometieron el delito y se alejaron sin que hubiera autoridad ninguna en el laboratorio o en las calles que pudieran percatarse de este hecho.\u00a0Hay que recordar que la capital de San Luis Potos\u00ed, fue ubicada entre las 10 m\u00e1s peligrosas del pa\u00eds, de acuerdo a la reciente Encuesta Nacional de Seguridad P\u00fablica (ENSU), por encima de Reynosa, Tijuana y Ciudad Ju\u00e1rez. Por su parte, el alcalde <strong>Xavier Nava<\/strong>, en una actitud muy c\u00f3moda, sigue guardando su sa\u00f1a distancia y confinamiento a los problemas, adem\u00e1s de estar envuelto en un esc\u00e1ndalo por la compra de luminarias a sobrecosto. La pregunta es: \u00bfqui\u00e9n ayuda a los potosinos?<\/p>\n<p><u><a href=\"mailto:morcora@gmail.com\" target=\"_blank\" rel=\"noopener noreferrer\"><em>morcora@gmail.com<\/em><\/a><\/u><\/p>\n","protected":false},"excerpt":{"rendered":"<p><span style=\"color: #005497;\"><strong>Adriana Moreno Cordero<\/strong><\/span><\/p>\n","protected":false},"author":3,"featured_media":0,"comment_status":"open","ping_status":"open","sticky":false,"template":"","format":"standard","meta":{"_monsterinsights_skip_tracking":false,"_monsterinsights_sitenote_active":false,"_monsterinsights_sitenote_note":"","_monsterinsights_sitenote_category":0,"footnotes":""},"categories":[69370],"tags":[69369,69368,43674],"class_list":["post-467296","post","type-post","status-publish","format-standard","hentry","category-adriana-moreno-cordero","tag-adriana-moreno-cordero","tag-la-retaguardia","tag-opinion"],"_links":{"self":[{"href":"https:\/\/www.diarioimagen.net\/index.php?rest_route=\/wp\/v2\/posts\/467296","targetHints":{"allow":["GET"]}}],"collection":[{"href":"https:\/\/www.diarioimagen.net\/index.php?rest_route=\/wp\/v2\/posts"}],"about":[{"href":"https:\/\/www.diarioimagen.net\/index.php?rest_route=\/wp\/v2\/types\/post"}],"author":[{"embeddable":true,"href":"https:\/\/www.diarioimagen.net\/index.php?rest_route=\/wp\/v2\/users\/3"}],"replies":[{"embeddable":true,"href":"https:\/\/www.diarioimagen.net\/index.php?rest_route=%2Fwp%2Fv2%2Fcomments&post=467296"}],"version-history":[{"count":0,"href":"https:\/\/www.diarioimagen.net\/index.php?rest_route=\/wp\/v2\/posts\/467296\/revisions"}],"wp:attachment":[{"href":"https:\/\/www.diarioimagen.net\/index.php?rest_route=%2Fwp%2Fv2%2Fmedia&parent=467296"}],"wp:term":[{"taxonomy":"category","embeddable":true,"href":"https:\/\/www.diarioimagen.net\/index.php?rest_route=%2Fwp%2Fv2%2Fcategories&post=467296"},{"taxonomy":"post_tag","embeddable":true,"href":"https:\/\/www.diarioimagen.net\/index.php?rest_route=%2Fwp%2Fv2%2Ftags&post=467296"}],"curies":[{"name":"wp","href":"https:\/\/api.w.org\/{rel}","templated":true}]}}