{"id":467388,"date":"2020-04-30T00:04:00","date_gmt":"2020-04-30T05:04:00","guid":{"rendered":"https:\/\/www.diarioimagen.net\/?p=467388"},"modified":"2020-04-30T01:00:50","modified_gmt":"2020-04-30T06:00:50","slug":"servicios-de-emergencia-de-cuautitlan-continuan-sus-labores-de-forma-regular","status":"publish","type":"post","link":"https:\/\/www.diarioimagen.net\/?p=467388","title":{"rendered":"Servicios de emergencia de Cuautitl\u00e1n contin\u00faan sus labores de forma regular"},"content":{"rendered":"<ul>\n<li><strong><em>Atenci\u00f3n a la poblaci\u00f3n local y vecina<\/em><\/strong><\/li>\n<\/ul>\n<p>&nbsp;<\/p>\n<div id=\"attachment_467462\" style=\"width: 470px\" class=\"wp-caption aligncenter\"><a href=\"https:\/\/www.diarioimagen.net\/?attachment_id=467462\" rel=\"attachment wp-att-467462\"><img loading=\"lazy\" decoding=\"async\" aria-describedby=\"caption-attachment-467462\" class=\"size-large wp-image-467462\" src=\"https:\/\/www.diarioimagen.net\/wp-content\/uploads\/2020\/04\/cuautitlan-9-460x259.jpg\" alt=\"\" width=\"460\" height=\"259\" srcset=\"https:\/\/www.diarioimagen.net\/wp-content\/uploads\/2020\/04\/cuautitlan-9-460x259.jpg 460w, https:\/\/www.diarioimagen.net\/wp-content\/uploads\/2020\/04\/cuautitlan-9-240x135.jpg 240w, https:\/\/www.diarioimagen.net\/wp-content\/uploads\/2020\/04\/cuautitlan-9-235x132.jpg 235w, https:\/\/www.diarioimagen.net\/wp-content\/uploads\/2020\/04\/cuautitlan-9-202x114.jpg 202w, https:\/\/www.diarioimagen.net\/wp-content\/uploads\/2020\/04\/cuautitlan-9-350x196.jpg 350w, https:\/\/www.diarioimagen.net\/wp-content\/uploads\/2020\/04\/cuautitlan-9-220x123.jpg 220w, https:\/\/www.diarioimagen.net\/wp-content\/uploads\/2020\/04\/cuautitlan-9-237x132.jpg 237w, https:\/\/www.diarioimagen.net\/wp-content\/uploads\/2020\/04\/cuautitlan-9.jpg 480w\" sizes=\"auto, (max-width: 460px) 100vw, 460px\" \/><\/a><p id=\"caption-attachment-467462\" class=\"wp-caption-text\">Seguridad P\u00fablica, Tr\u00e1nsito, Protecci\u00f3n Civil y Bomberos contin\u00faan prestando sus servicios a la poblaci\u00f3n.<\/p><\/div>\n<p>&nbsp;<\/p>\n<p><strong>Cuautitl\u00e1n, Estado de M\u00e9xico<\/strong><strong>.-<\/strong> Elementos de la Direcci\u00f3n de Seguridad P\u00fablica, Tr\u00e1nsito, Protecci\u00f3n Civil y Bomberos, contin\u00faan prestando sus servicios a la poblaci\u00f3n y a otros municipios de forma regular ante cualquier eventualidad, as\u00ed lo dio a conocer el coordinador de PC al se\u00f1alar que han asistido a sofocar incendios en otras demarcaciones.<\/p>\n<p>Dijo que en d\u00edas recientes se recibieron llamados de emergencia de otras corporaciones municipales para el apoyo en incendios, a los que acudieron con elementos, equipo de seguridad y salvamento para apoyar en las maniobras de ataque al fuego, as\u00ed como de asistencia a la poblaci\u00f3n ante estos fen\u00f3menos perturbadores.<\/p>\n<p>Se han apoyado con unidades y elementos de bomberos, en incendios de Teoloyucan y en Cuautitl\u00e1n Izcalli y otros municipios vecinos, lo que permite trabajar en conjunto con otras corporaciones, aun cuando estamos realizando dentro de Cuautitl\u00e1n otras labores tambi\u00e9n importantes, como la limpieza y sanitizaci\u00f3n de \u00e1reas p\u00fablicas en mercados, escuelas, jardines y hospitales.<\/p>\n<p>En estas acciones de limpieza, se\u00a0 aplica una soluci\u00f3n con cloro y el uso de equipo de presi\u00f3n de agua para la desinfecci\u00f3n de espacios, como parte de las acciones que estaremos realizando hasta que permanezca la contingencia y se cambie la fase, pero sobre todo estamos dando servicio en eventos que requieran de nuestro trabajo, ya sea para sofocar incendios, fugas de gas, accidentes o cualquier tipo de emergencia, resalto el coordinador de PC.<\/p>\n<p>Por su parte los elementos de la polic\u00eda municipal de todos los sectores, contin\u00faan realizando de manera coordinada con la Guardia Nacional, operativos de seguridad, como el realizado por la noche en el Fraccionamiento Cebadales, donde se recorrieron los accesos, andadores y vialidades, con el objetivo de inhibir hechos delictivos y malas conductas de vecinos o personas ajenas, asever\u00f3 el encargado del programa.<\/p>\n<p>Cabe se\u00f1alar, ante la declaratoria de la emergencia sanitaria hecha por las autoridades de salud, la Direcci\u00f3n de Seguridad P\u00fablica de Cuautitl\u00e1n, est\u00e1 atenta ante cualquier llamado que pueda poner en riesgo la integridad f\u00edsica de sus habitantes y de su patrimonio, por lo que ha puesto a disposici\u00f3n de la poblaci\u00f3n los n\u00fameros telef\u00f3nicos de atenci\u00f3n del Centro de Mando:2620-0848, 2620-0852 y 26200853.<\/p>\n","protected":false},"excerpt":{"rendered":"<p>Elementos de la Direcci\u00f3n de Seguridad P\u00fablica, Tr\u00e1nsito, Protecci\u00f3n Civil y Bomberos, contin\u00faan prestando sus servicios a la poblaci\u00f3n y a otros municipios de forma regular ante cualquier eventualidad, as\u00ed lo dio a conocer el coordinador de PC al se\u00f1alar que han asistido a sofocar incendios en otras demarcaciones.<\/p>\n","protected":false},"author":3,"featured_media":467462,"comment_status":"open","ping_status":"open","sticky":false,"template":"","format":"standard","meta":{"_monsterinsights_skip_tracking":false,"_monsterinsights_sitenote_active":false,"_monsterinsights_sitenote_note":"","_monsterinsights_sitenote_category":0,"footnotes":""},"categories":[5],"tags":[90869,681,43675,76372],"class_list":["post-467388","post","type-post","status-publish","format-standard","has-post-thumbnail","hentry","category-estado-de-mexico","tag-continuan","tag-cuautitlan","tag-estado-de-mexico","tag-regular"],"_links":{"self":[{"href":"https:\/\/www.diarioimagen.net\/index.php?rest_route=\/wp\/v2\/posts\/467388","targetHints":{"allow":["GET"]}}],"collection":[{"href":"https:\/\/www.diarioimagen.net\/index.php?rest_route=\/wp\/v2\/posts"}],"about":[{"href":"https:\/\/www.diarioimagen.net\/index.php?rest_route=\/wp\/v2\/types\/post"}],"author":[{"embeddable":true,"href":"https:\/\/www.diarioimagen.net\/index.php?rest_route=\/wp\/v2\/users\/3"}],"replies":[{"embeddable":true,"href":"https:\/\/www.diarioimagen.net\/index.php?rest_route=%2Fwp%2Fv2%2Fcomments&post=467388"}],"version-history":[{"count":0,"href":"https:\/\/www.diarioimagen.net\/index.php?rest_route=\/wp\/v2\/posts\/467388\/revisions"}],"wp:featuredmedia":[{"embeddable":true,"href":"https:\/\/www.diarioimagen.net\/index.php?rest_route=\/wp\/v2\/media\/467462"}],"wp:attachment":[{"href":"https:\/\/www.diarioimagen.net\/index.php?rest_route=%2Fwp%2Fv2%2Fmedia&parent=467388"}],"wp:term":[{"taxonomy":"category","embeddable":true,"href":"https:\/\/www.diarioimagen.net\/index.php?rest_route=%2Fwp%2Fv2%2Fcategories&post=467388"},{"taxonomy":"post_tag","embeddable":true,"href":"https:\/\/www.diarioimagen.net\/index.php?rest_route=%2Fwp%2Fv2%2Ftags&post=467388"}],"curies":[{"name":"wp","href":"https:\/\/api.w.org\/{rel}","templated":true}]}}