{"id":467402,"date":"2020-04-30T00:03:44","date_gmt":"2020-04-30T05:03:44","guid":{"rendered":"https:\/\/www.diarioimagen.net\/?p=467402"},"modified":"2020-04-30T00:21:21","modified_gmt":"2020-04-30T05:21:21","slug":"modito-de-andres-hito","status":"publish","type":"post","link":"https:\/\/www.diarioimagen.net\/?p=467402","title":{"rendered":"Modito de Andr\u00e9s-hito"},"content":{"rendered":"<h2>Espacio Electoral<\/h2>\n<h5>Eleazar Flores<\/h5>\n<p><strong>\u00a0<\/strong><\/p>\n<p><strong>VAYA, VAYA.- <\/strong>Desencanto entre directivos, oper\u00e1ticos y reporteros de los medios de comunicaci\u00f3n citadinos, tan pronto se enteraron que ya no ser\u00e1 una, ni dos ni tres, sino cuatro las conferencias entre ma\u00f1anera, vespertinas y nocturnas, por obra y gracia presidencial.<\/p>\n<p>Si a lo anterior a\u00f1ade ahora la consuetudinaria conferencia de la jefa de gobierno Claudia Sheinbaum, sinceramente ya no habr\u00e1 tiempo para m\u00e1s, lo que est\u00e1 por verse pues da la casualidad que la fiscal capitalina Godoy y en ocasiones hasta el jefe de la polic\u00eda Hartuch tienen la ocurrencia, \u00bfo necesidad?, de informar, todo por medio de conferencia, esto aumentar\u00e1.<\/p>\n<p><strong>CONFERENCIAS.- <\/strong>Las conferencias del padre de la cuarta transformaci\u00f3n son un hito, -de ah\u00ed el t\u00edtulo de esta entrega-, no de ahora sino desde que fue jefe de gobierno don Andr\u00e9s. En ese entonces su argumento lo finc\u00f3 en el hecho de que el gobierno federal, -que era priista-, le robaba c\u00e1mara en los medios de comunicaci\u00f3n, lo que era evidente.<\/p>\n<p>Lo que pasa es que en esos tiempos, y hasta antes del actual gobierno federal, la informaci\u00f3n no se centralizaba en el estilo unipersonal del ejecutivo federal, flu\u00eda de las secretar\u00edas de estado, de ah\u00ed la necesidad de las jefaturas de prensa de esas dependencias. Gobernaci\u00f3n, Comunicaciones, Agricultura y dem\u00e1s eran fuentes directas o indirectas de informaci\u00f3n.<\/p>\n<p><strong>RUPESTRE-. <\/strong>Tan pronto gan\u00f3 las elecciones y fue declarado presidente electo por las autoridades correspondientes, el tabasque\u00f1o empez\u00f3 a dar sus tradicionales conferencias ma\u00f1aneras desde su domicilio en la colonia Roma. Estilo rupestre sin las m\u00ednimas atenciones, y menos comodidades, pues en las primeras ocasiones los periodistas permanec\u00edan parados.<\/p>\n<p>Por novedad o lo que quiera los chicos de la fuente aguantaron las incomodidades no obstante que algunos de ellos en voz baja cuchicheaban del primitivismo imperante, como si se tratara del presidente\u2026 municipal de alguna jurisdicci\u00f3n rural.<\/p>\n<p><strong>AHORA CUATRO.- <\/strong>La peligrosa y acelerada propagaci\u00f3n del coronavirus en nuestro pa\u00eds pensar\u00eda que la l\u00f3gica llevar\u00eda a interrumpir las ma\u00f1aneras pero nada de eso, no obstante que la gente se va dando cuenta de lo diferente lo dicho en las conferencias con la triste realidad que sufren parientes y pacientes del coronavirus, incluso m\u00e9dicos y param\u00e9dicos, algunos fallecidos en el cumplimiento del deber.<\/p>\n<p>Las conferencias ser\u00e1n de 7 a 9 la ma\u00f1anera, de 6 a 7 de la tarde sobre econom\u00eda familiar, de 7 a 8 sobre coronavirus y de 8 a 9 sobre pol\u00edtica social.<\/p>\n<p>Yo ya le cari\u00f1o a las ma\u00f1aneras, contest\u00f3 el peje cuando le insinuaron suspenderlas.<\/p>\n<p>En los Estados Unidos los medios anunciaron asistir m\u00e1s a las conferencias de Trump, \u00bfalg\u00fan d\u00eda har\u00e1n lo mismo los de aqu\u00ed?<\/p>\n<p><a href=\"mailto:elefa44@gmail.com\" target=\"_blank\" rel=\"noopener noreferrer\"><em>elefa44@gmail.com<\/em><\/a><\/p>\n","protected":false},"excerpt":{"rendered":"<p><span style=\"color: #005497;\"><strong>Eleazar Flores<\/strong><\/span><\/p>\n","protected":false},"author":3,"featured_media":0,"comment_status":"open","ping_status":"open","sticky":false,"template":"","format":"standard","meta":{"_monsterinsights_skip_tracking":false,"_monsterinsights_sitenote_active":false,"_monsterinsights_sitenote_note":"","_monsterinsights_sitenote_category":0,"footnotes":""},"categories":[81743],"tags":[81744,81776,43674],"class_list":["post-467402","post","type-post","status-publish","format-standard","hentry","category-eleazar-flores","tag-eleazar-flores","tag-espacio-electoral","tag-opinion"],"_links":{"self":[{"href":"https:\/\/www.diarioimagen.net\/index.php?rest_route=\/wp\/v2\/posts\/467402","targetHints":{"allow":["GET"]}}],"collection":[{"href":"https:\/\/www.diarioimagen.net\/index.php?rest_route=\/wp\/v2\/posts"}],"about":[{"href":"https:\/\/www.diarioimagen.net\/index.php?rest_route=\/wp\/v2\/types\/post"}],"author":[{"embeddable":true,"href":"https:\/\/www.diarioimagen.net\/index.php?rest_route=\/wp\/v2\/users\/3"}],"replies":[{"embeddable":true,"href":"https:\/\/www.diarioimagen.net\/index.php?rest_route=%2Fwp%2Fv2%2Fcomments&post=467402"}],"version-history":[{"count":0,"href":"https:\/\/www.diarioimagen.net\/index.php?rest_route=\/wp\/v2\/posts\/467402\/revisions"}],"wp:attachment":[{"href":"https:\/\/www.diarioimagen.net\/index.php?rest_route=%2Fwp%2Fv2%2Fmedia&parent=467402"}],"wp:term":[{"taxonomy":"category","embeddable":true,"href":"https:\/\/www.diarioimagen.net\/index.php?rest_route=%2Fwp%2Fv2%2Fcategories&post=467402"},{"taxonomy":"post_tag","embeddable":true,"href":"https:\/\/www.diarioimagen.net\/index.php?rest_route=%2Fwp%2Fv2%2Ftags&post=467402"}],"curies":[{"name":"wp","href":"https:\/\/api.w.org\/{rel}","templated":true}]}}