{"id":467498,"date":"2020-05-01T00:04:09","date_gmt":"2020-05-01T05:04:09","guid":{"rendered":"https:\/\/www.diarioimagen.net\/?p=467498"},"modified":"2020-05-01T00:10:01","modified_gmt":"2020-05-01T05:10:01","slug":"agresiones-contra-personal-de-salud","status":"publish","type":"post","link":"https:\/\/www.diarioimagen.net\/?p=467498","title":{"rendered":"Agresiones contra personal de salud"},"content":{"rendered":"<h2>Punto por punto<\/h2>\n<h5>Augusto Corro<\/h5>\n<p>&nbsp;<\/p>\n<p>Cuantas veces sea necesario, en este espacio convocaremos a la cordura y a la conducta correcta de la sociedad.<\/p>\n<p>En \u00faltimas fechas, el personal de salud es objeto de agresiones por el simple hecho de portar el uniforme blanco.<\/p>\n<p>Por manifestar que son m\u00e9dicos y est\u00e1n relacionados con la atenci\u00f3n a contagiados por el coronavirus.<\/p>\n<p>Quiz\u00e1 como nunca los galenos y enfermeras exponen su vida al atender a miles de enfermos del coronavirus (Covid-19).<\/p>\n<p>La exhortaci\u00f3n es para todos: vamos a reflexionar para evitar el maltrato hacia los encargados de velar por la salud de miles de enfermos.<\/p>\n<p>Basta con ver el rostro de las enfermeras, exhaustas, tras cumplir horas de trabajo con el m\u00e1ximo de estr\u00e9s.<\/p>\n<p>Sin embargo, ellas se encuentran animadas, con los deseos sinceros de prestar sus servicios para combatir al virus.<\/p>\n<p>Las personas agresivas deben buscar atenci\u00f3n de los especialistas para calmar sus instintos violentos.<\/p>\n<p>Ante esas reacciones de los agresores contra los m\u00e9dicos y enfermeras, es necesario que las autoridades fortalezcan las campa\u00f1as de informaci\u00f3n y solidaridad.<\/p>\n<p>Es importante exhortar a los ciudadanos a ponerse en el lugar del personal de salud y reconocer que su trabajo es digno de aplausos, de agradecimiento total por la manera en que se juegan la vida, en el cumplimiento del deber.<\/p>\n<p style=\"text-align: center;\"><strong>Millones sin chamba<\/strong><\/p>\n<p>Alrededor de 30 millones de personas solicitaron ayuda por desempleo debido a la invasi\u00f3n del coronavirus, en Estados Unidos.<\/p>\n<p>Millones de empleadores cerraron sus negocios y recortaron sus fuerzas laborales.<\/p>\n<p>La semana pasada, por ejemplo, m\u00e1s de 3.8 millones de trabajadores reci\u00e9n despedidos en aquel\u00a0 pa\u00eds, solicitaron beneficios por desempleo.<\/p>\n<p>Lo anterior significa que m\u00e1s de uno de cada seis trabajadores estadounidenses no tiene empleo.<\/p>\n<p>En t\u00e9rminos generales, el problema econ\u00f3mico en EU es complejo y desafortunadamente repercutir\u00e1 en M\u00e9xico.<\/p>\n<p>Si en EU la econom\u00eda se resfr\u00eda, en M\u00e9xico padecemos pulmon\u00eda. Es l\u00f3gico que as\u00ed ocurra debido a la dependencia que mantiene nuestro pa\u00eds con el T\u00edo Sam.<\/p>\n<p>Ya se podr\u00e1 usted imaginar, amable lector, lo que nos espera. Si ya de por s\u00ed M\u00e9xico tiene su propia ca\u00edda en la actividad econ\u00f3mica, lo que suceda en EU nos provocar\u00e1 problemas, indudablemente.<\/p>\n<p>Mientras contin\u00fae la pandemia del Covid-19 estar\u00e1 presente la incertidumbre en el futuro de las econom\u00edas, no solamente de M\u00e9xico y EU, sino de todo el mundo.<\/p>\n<p>Cabe se\u00f1alar que nuestro pa\u00eds se ver\u00e1 en apuros, por disminuir\u00e1 el env\u00edo de remesas de nuestros paisanos en EU. Esa aportaci\u00f3n de d\u00f3lares seguramente se reducir\u00e1 ante el fen\u00f3meno social del desempleo.<\/p>\n<p>Por otra parte, la constante corriente migratoria de latinos a EU disminuir\u00e1 y nuestra frontera norte se convertir\u00e1 en un verdadero conflicto, pues numerosos grupos de centroamericanos no podr\u00e1n pasar a EU.<\/p>\n<p>Lo \u00fanico positivo que se podr\u00eda escuchar por ahora, es que empresarios estadounidenses est\u00e1n urgidos de refacciones que se hacen en M\u00e9xico, para que ellos echen andar sus f\u00e1bricas.<\/p>\n<p>Solo que la cuarentena tiene inactivas a las f\u00e1bricas en M\u00e9xico y no se sabe cu\u00e1ndo se regresar\u00e1 a las actividades diarias, sin exponer a los trabajadores al contagio de Covid-19.<\/p>\n<p style=\"text-align: center;\"><strong>La risa<\/strong><\/p>\n<p>Son muchas las recetas para sobrevivir al aislamiento; pero una me llam\u00f3 mucho la atenci\u00f3n.<\/p>\n<p>Consiste en mantener el buen humor a pesar de la pesadilla que enfrentamos.<\/p>\n<p>La risa es un remedio infalible se dec\u00eda o se dice en una revista. Y s\u00ed, ten\u00eda raz\u00f3n.<\/p>\n<p>Las formas para re\u00edrse son variadas. Cada quien lo podr\u00eda lograr de acuerdo con los medios que dispone.<\/p>\n<p>Le recomendamos una pel\u00edcula de Cantinflas, en las que f\u00e1cilmente re\u00edmos. O las cintas cl\u00e1sicas de humor de \u201cEl Gordo y El Flaco\u201d.<\/p>\n<p>En su hogar debe conservar alguno libro de chistes, el tradicional <em>Don Quijote<\/em>; y si esto no es suficiente, incursione por el Internet, donde encuentra de todo para re\u00edrse.<\/p>\n<p>No se deje llevar por el miedo, la angustia, tristeza o desesperaci\u00f3n. No se estrese. Nada es eterno. Cuide su salud. R\u00eda.<\/p>\n<p><span class=\"Apple-converted-space\"><em><u><a href=\"mailto:aco2742@hotmail.com\" target=\"_blank\" rel=\"noopener noreferrer\">aco2742@hotmail.com<\/a><\/u><\/em><\/span><\/p>\n","protected":false},"excerpt":{"rendered":"<p><span style=\"color: #005497;\"><strong>Augusto Corro<\/strong><\/span><\/p>\n","protected":false},"author":3,"featured_media":0,"comment_status":"open","ping_status":"open","sticky":false,"template":"","format":"standard","meta":{"_monsterinsights_skip_tracking":false,"_monsterinsights_sitenote_active":false,"_monsterinsights_sitenote_note":"","_monsterinsights_sitenote_category":0,"footnotes":""},"categories":[157],"tags":[43686,43674,11515],"class_list":["post-467498","post","type-post","status-publish","format-standard","hentry","category-augusto-corro","tag-augusto-corro","tag-opinion","tag-punto-por-punto"],"_links":{"self":[{"href":"https:\/\/www.diarioimagen.net\/index.php?rest_route=\/wp\/v2\/posts\/467498","targetHints":{"allow":["GET"]}}],"collection":[{"href":"https:\/\/www.diarioimagen.net\/index.php?rest_route=\/wp\/v2\/posts"}],"about":[{"href":"https:\/\/www.diarioimagen.net\/index.php?rest_route=\/wp\/v2\/types\/post"}],"author":[{"embeddable":true,"href":"https:\/\/www.diarioimagen.net\/index.php?rest_route=\/wp\/v2\/users\/3"}],"replies":[{"embeddable":true,"href":"https:\/\/www.diarioimagen.net\/index.php?rest_route=%2Fwp%2Fv2%2Fcomments&post=467498"}],"version-history":[{"count":0,"href":"https:\/\/www.diarioimagen.net\/index.php?rest_route=\/wp\/v2\/posts\/467498\/revisions"}],"wp:attachment":[{"href":"https:\/\/www.diarioimagen.net\/index.php?rest_route=%2Fwp%2Fv2%2Fmedia&parent=467498"}],"wp:term":[{"taxonomy":"category","embeddable":true,"href":"https:\/\/www.diarioimagen.net\/index.php?rest_route=%2Fwp%2Fv2%2Fcategories&post=467498"},{"taxonomy":"post_tag","embeddable":true,"href":"https:\/\/www.diarioimagen.net\/index.php?rest_route=%2Fwp%2Fv2%2Ftags&post=467498"}],"curies":[{"name":"wp","href":"https:\/\/api.w.org\/{rel}","templated":true}]}}