{"id":467622,"date":"2020-05-04T00:04:54","date_gmt":"2020-05-04T05:04:54","guid":{"rendered":"https:\/\/www.diarioimagen.net\/?p=467622"},"modified":"2020-05-04T00:10:27","modified_gmt":"2020-05-04T05:10:27","slug":"covid-19-la-semana-mas-dificil","status":"publish","type":"post","link":"https:\/\/www.diarioimagen.net\/?p=467622","title":{"rendered":"Covid-19: la semana m\u00e1s dif\u00edcil"},"content":{"rendered":"<h2>Punto por punto<\/h2>\n<h5>Augusto Corro<\/h5>\n<p>&nbsp;<\/p>\n<p>La cumbre del contagio del coronavirus (Covid-19) ser\u00e1 el d\u00eda 6 de mayo, o sea ma\u00f1ana martes. As\u00ed lo inform\u00f3 el doctor Hugo L\u00f3pez-Gatell, subsecretario\u00a0 de Prevenci\u00f3n y Promoci\u00f3n de la Salud.<\/p>\n<p>Despu\u00e9s de esa fecha, el contagio empezar\u00e1 a descender, \u201cpero solo si nos mantenemos en casa\u201d. Dijo el funcionario que es important\u00edsimo quedarse en casa, \u201cporque si empezamos a salir, esta proyecci\u00f3n no se va a cumplir y vamos a tener un aumento de contagios\u201d.<\/p>\n<p>Estamos advertidos. Lo que tenemos que hacer es continuar con las disciplinas sanitarias\u00a0 y seguir en la cuarentena.<\/p>\n<p>Si todos cooperamos vamos a disminuir el riesgo de uno mismo y de la familia y de un sinn\u00famero de personas. No olvidar lavarse las manos, al estornudar y toser cubrirse, con el antebrazo; adem\u00e1s guardar la distancia f\u00edsica entre personas.<\/p>\n<p>Sin duda, vivimos momentos dif\u00edciles en los que todos debemos solidarizarnos para enfrentar un enemigo com\u00fan. Como sabemos, el virus no respeta edades y da\u00f1a m\u00e1s directamente a aquellos que padecen alguna enfermedad cr\u00f3nica.<\/p>\n<p>En M\u00e9xico, un considerable porcentaje de su poblaci\u00f3n padece diabetes, obesidad e hipertensi\u00f3n arterial. \u00c9stos, tendr\u00e1n que esmerarse m\u00e1s en el cuidado de su salud para evitar el contagio.<\/p>\n<p>El \u00faltimo informe del Covid-19 (el s\u00e1bado) registr\u00f3 2 mil 61 decesos, 22 mil 68 contagios y 6 mil 580 casos activos.<\/p>\n<p>A\u00fan es tiempo de que las autoridades intensifiquen sus mensajes de orientaci\u00f3n a la sociedad con el prop\u00f3sito de que no se baje la guardia.<\/p>\n<p>No se trata de un juego, nuestra vida est\u00e1 en riesgo. Qu\u00e9date en casa si te sientes mal o tienes fiebre, tos y dificultad para respirar. Busca atenci\u00f3n m\u00e9dica lo antes posible.<\/p>\n<p>Concretamente, en los\u00a0 hospitales con pacientes contagiados, la informaci\u00f3n debe fluir para tranquilizar a los familiares.<\/p>\n<p>Que no se repitan hechos bochornosos como el registrado en el hospital \u201cLas Am\u00e9ricas\u201d, de Ecatepec, donde prevaleci\u00f3 la violencia para conocer el estado de salud de sus parientes.<\/p>\n<p>Lo que\u00a0 ocurri\u00f3 en el mencionado sitio se vio e los videos de las redes sociales. Escenas aterradoras de personas que reclamaban informaci\u00f3n que, inexplicablemente, se les negaba.<\/p>\n<p>En esas grabaciones se ve a los familiares entrar por la fuerza a las \u00e1reas donde estaban las bolsas de cad\u00e1veres, adem\u00e1s de intentar ingresar a la oficina del director, mientras vociferaban contra el personal que intentaba detenerlos.<\/p>\n<p>Lo que ocurri\u00f3 en \u201cLas Am\u00e9ricas\u201d fue el reflejo de la desorganizaci\u00f3n y de la improvisaci\u00f3n. \u00bfC\u00f3mo es posible que en uno de los municipios m\u00e1s poblados de M\u00e9xico,\u00a0 ese hospital solamente contara con un m\u00e9dico para atender a los contagiados de coronavirus?<\/p>\n<p>Es dif\u00edcil entender la conducta de las autoridades. Tras los acontecimientos en Ecatepec volvi\u00f3 la calma y se agilizar\u00e1 la comunicaci\u00f3n entre los directivos m\u00e9dicos y la poblaci\u00f3n.<\/p>\n<p style=\"text-align: center;\"><strong>El virus y los <em>narcos<\/em><\/strong><\/p>\n<p>En este espacio ya informamos sobre la actuaci\u00f3n de los <em>narcos<\/em> en el territorio nacional que reparten despensas entre la poblaci\u00f3n.<\/p>\n<p>Empezamos con el C\u00e1rtel de Sinaloa, donde Alejandrina Guzm\u00e1n, hija de Joaqu\u00edn \u201cEl Chapo\u201d Guzm\u00e1n, reparti\u00f3 cajas de alimentos en Guadalajara, Jalisco.<\/p>\n<p>Le siguieron despu\u00e9s, o quiz\u00e1 al mismo tiempo, la repartici\u00f3n de despensas en Tamaulipas, por parte del C\u00e1rtel del Golfo.<\/p>\n<p>Y en los \u00faltimos d\u00edas los integrantes del C\u00e1rtel de Jalisco\u00a0 Nueva Generaci\u00f3n (CJNG) no quisieron quedarse atr\u00e1s y tambi\u00e9n repartieron v\u00edveres en algunas poblaciones de Jalisco.<\/p>\n<p>Los narcotraficantes aprovecharon la oportunidad, como cualquier partido pol\u00edtico, para hacerse propaganda.<\/p>\n<p>En las cajas con alimentos que entregan a la gente llevan la cara de \u201cEl Chapo\u201d o las siglas del c\u00e1rtel donante.<\/p>\n<p>La repartici\u00f3n se hace a cualquier hora del d\u00eda. No tienen que ocultarse. \u00bfY las autoridades? Pues estas ven como un gesto amable por parte de los delincuentes, que, dicho sea de paso, contin\u00faan con su espiral de violencia en el territorio nacional.<\/p>\n<p><span class=\"Apple-converted-space\"><em><u><a href=\"mailto:aco2742@hotmail.com\" target=\"_blank\" rel=\"noopener noreferrer\">aco2742@hotmail.com<\/a><\/u><\/em><\/span><\/p>\n","protected":false},"excerpt":{"rendered":"<p><span style=\"color: #005497;\"><strong>Augusto Corro<\/strong><\/span><\/p>\n","protected":false},"author":3,"featured_media":0,"comment_status":"open","ping_status":"open","sticky":false,"template":"","format":"standard","meta":{"_monsterinsights_skip_tracking":false,"_monsterinsights_sitenote_active":false,"_monsterinsights_sitenote_note":"","_monsterinsights_sitenote_category":0,"footnotes":""},"categories":[157],"tags":[43686,43674,11515],"class_list":["post-467622","post","type-post","status-publish","format-standard","hentry","category-augusto-corro","tag-augusto-corro","tag-opinion","tag-punto-por-punto"],"_links":{"self":[{"href":"https:\/\/www.diarioimagen.net\/index.php?rest_route=\/wp\/v2\/posts\/467622","targetHints":{"allow":["GET"]}}],"collection":[{"href":"https:\/\/www.diarioimagen.net\/index.php?rest_route=\/wp\/v2\/posts"}],"about":[{"href":"https:\/\/www.diarioimagen.net\/index.php?rest_route=\/wp\/v2\/types\/post"}],"author":[{"embeddable":true,"href":"https:\/\/www.diarioimagen.net\/index.php?rest_route=\/wp\/v2\/users\/3"}],"replies":[{"embeddable":true,"href":"https:\/\/www.diarioimagen.net\/index.php?rest_route=%2Fwp%2Fv2%2Fcomments&post=467622"}],"version-history":[{"count":0,"href":"https:\/\/www.diarioimagen.net\/index.php?rest_route=\/wp\/v2\/posts\/467622\/revisions"}],"wp:attachment":[{"href":"https:\/\/www.diarioimagen.net\/index.php?rest_route=%2Fwp%2Fv2%2Fmedia&parent=467622"}],"wp:term":[{"taxonomy":"category","embeddable":true,"href":"https:\/\/www.diarioimagen.net\/index.php?rest_route=%2Fwp%2Fv2%2Fcategories&post=467622"},{"taxonomy":"post_tag","embeddable":true,"href":"https:\/\/www.diarioimagen.net\/index.php?rest_route=%2Fwp%2Fv2%2Ftags&post=467622"}],"curies":[{"name":"wp","href":"https:\/\/api.w.org\/{rel}","templated":true}]}}