{"id":467709,"date":"2020-05-05T00:05:44","date_gmt":"2020-05-05T05:05:44","guid":{"rendered":"https:\/\/www.diarioimagen.net\/?p=467709"},"modified":"2020-05-05T03:36:12","modified_gmt":"2020-05-05T08:36:12","slug":"geografia-de-uaem-realizo-primera-evaluacion-profesional-en-linea","status":"publish","type":"post","link":"https:\/\/www.diarioimagen.net\/?p=467709","title":{"rendered":"Geograf\u00eda de UAEM realiz\u00f3 primera evaluaci\u00f3n profesional en l\u00ednea"},"content":{"rendered":"<ul>\n<li><em><strong>En medio de la contingencia sanitaria<\/strong><\/em><\/li>\n<\/ul>\n<p>&nbsp;<\/p>\n<div id=\"attachment_467778\" style=\"width: 470px\" class=\"wp-caption aligncenter\"><a href=\"https:\/\/www.diarioimagen.net\/?attachment_id=467778\" rel=\"attachment wp-att-467778\"><img loading=\"lazy\" decoding=\"async\" aria-describedby=\"caption-attachment-467778\" class=\"size-large wp-image-467778\" src=\"https:\/\/www.diarioimagen.net\/wp-content\/uploads\/2020\/05\/UAEM5-460x221.jpg\" alt=\"\" width=\"460\" height=\"221\" srcset=\"https:\/\/www.diarioimagen.net\/wp-content\/uploads\/2020\/05\/UAEM5-460x221.jpg 460w, https:\/\/www.diarioimagen.net\/wp-content\/uploads\/2020\/05\/UAEM5-240x116.jpg 240w, https:\/\/www.diarioimagen.net\/wp-content\/uploads\/2020\/05\/UAEM5.jpg 700w\" sizes=\"auto, (max-width: 460px) 100vw, 460px\" \/><\/a><p id=\"caption-attachment-467778\" class=\"wp-caption-text\">Roc\u00edo Enda\u00f1\u00fa obtuvo el grado de Licenciada en Geograf\u00eda, con la tesis \u201cProblem\u00e1ticas ambientales por conflictos territoriales en el municipio de Zinacantepec\u201d.<\/p><\/div>\n<p>&nbsp;<\/p>\n<p><strong>Toluca, Estado de M\u00e9xico.\u2013 <\/strong>En medio de la contingencia sanitaria por la Covid-19, la Facultad de Geograf\u00eda de la Universidad Aut\u00f3noma del Estado de M\u00e9xico llev\u00f3 a cabo su primera evaluaci\u00f3n profesional en l\u00ednea, a trav\u00e9s de la cual Roc\u00edo Enda\u00f1\u00fa Segundo obtuvo el grado de Licenciada en Geograf\u00eda.<\/p>\n<p>Con la tesis \u201cProblem\u00e1ticas ambientales por conflictos territoriales en el municipio de Zinacantepec\u201d, la universitaria aprob\u00f3 por unanimidad de votos su examen de grado.<\/p>\n<p>Roc\u00edo Enda\u00f1u detall\u00f3 que su trabajo de investigaci\u00f3n tuvo como prop\u00f3sito identificar las zonas de Zinacantepec con problemas ambientales, as\u00ed como aquellas que no se han aprovechado para el desarrollo econ\u00f3mico.<\/p>\n<p>Refiri\u00f3 que alrededor de 60 por ciento del territorio de este municipio forma parte del \u00c1rea Natural Protegida del Nevado de Toluca, zona que registra la mayor parte de las problem\u00e1ticas ambientales de la demarcaci\u00f3n.<\/p>\n<p>Por ejemplo, puntualiz\u00f3, la tala inmoderada y la erosi\u00f3n por actividades agr\u00edcolas, que ocasionan que las zonas de San Juan de las Huertas y Santa Mar\u00eda del Monte, as\u00ed como la cabecera municipal, registren inundaciones, deslizamientos de tierra y desplazamientos de flora y fauna.<\/p>\n<p>Apunt\u00f3 que para comenzar a resolver los retos a los que se enfrenta, con ayuda de especialistas, Zinacantepec debe llevar a cabo un ordenamiento territorial que permitir\u00e1 identificar las zonas de riesgo.<\/p>\n<p>Para realizarlo, abund\u00f3, es fundamental utilizar herramientas tecnol\u00f3gicas que permiten representar, a trav\u00e9s de mapas y de manera clara y precisa, caracter\u00edsticas del territorio como clima, suelo, pendiente y geomorfolog\u00eda.<\/p>\n<p>Roc\u00edo Enda\u00f1\u00fa Segundo manifest\u00f3 que, ante la pandemia, la tecnolog\u00eda debe utilizarse para continuar con tr\u00e1mites acad\u00e9micos y administrativos. \u201cA trav\u00e9s de videollamadas, los universitarios podemos tomar clases, tener asesor\u00eda de trabajos de titulaci\u00f3n e incluso, evaluaciones profesionales, sin importar el lugar donde estemos los involucrados\u201d.<\/p>\n","protected":false},"excerpt":{"rendered":"<p>En medio de la contingencia sanitaria por la Covid-19, la Facultad de Geograf\u00eda de la Universidad Aut\u00f3noma del Estado de M\u00e9xico llev\u00f3 a cabo su primera evaluaci\u00f3n profesional en l\u00ednea, a trav\u00e9s de la cual Roc\u00edo Enda\u00f1\u00fa Segundo obtuvo el grado de Licenciada en Geograf\u00eda.<\/p>\n","protected":false},"author":3,"featured_media":467778,"comment_status":"open","ping_status":"open","sticky":false,"template":"","format":"standard","meta":{"_monsterinsights_skip_tracking":false,"_monsterinsights_sitenote_active":false,"_monsterinsights_sitenote_note":"","_monsterinsights_sitenote_category":0,"footnotes":""},"categories":[5],"tags":[43675,90888,90889,452,1491],"class_list":["post-467709","post","type-post","status-publish","format-standard","has-post-thumbnail","hentry","category-estado-de-mexico","tag-estado-de-mexico","tag-evalucion","tag-profesional","tag-toluca","tag-uaem"],"_links":{"self":[{"href":"https:\/\/www.diarioimagen.net\/index.php?rest_route=\/wp\/v2\/posts\/467709","targetHints":{"allow":["GET"]}}],"collection":[{"href":"https:\/\/www.diarioimagen.net\/index.php?rest_route=\/wp\/v2\/posts"}],"about":[{"href":"https:\/\/www.diarioimagen.net\/index.php?rest_route=\/wp\/v2\/types\/post"}],"author":[{"embeddable":true,"href":"https:\/\/www.diarioimagen.net\/index.php?rest_route=\/wp\/v2\/users\/3"}],"replies":[{"embeddable":true,"href":"https:\/\/www.diarioimagen.net\/index.php?rest_route=%2Fwp%2Fv2%2Fcomments&post=467709"}],"version-history":[{"count":0,"href":"https:\/\/www.diarioimagen.net\/index.php?rest_route=\/wp\/v2\/posts\/467709\/revisions"}],"wp:featuredmedia":[{"embeddable":true,"href":"https:\/\/www.diarioimagen.net\/index.php?rest_route=\/wp\/v2\/media\/467778"}],"wp:attachment":[{"href":"https:\/\/www.diarioimagen.net\/index.php?rest_route=%2Fwp%2Fv2%2Fmedia&parent=467709"}],"wp:term":[{"taxonomy":"category","embeddable":true,"href":"https:\/\/www.diarioimagen.net\/index.php?rest_route=%2Fwp%2Fv2%2Fcategories&post=467709"},{"taxonomy":"post_tag","embeddable":true,"href":"https:\/\/www.diarioimagen.net\/index.php?rest_route=%2Fwp%2Fv2%2Ftags&post=467709"}],"curies":[{"name":"wp","href":"https:\/\/api.w.org\/{rel}","templated":true}]}}