{"id":467754,"date":"2020-05-05T00:03:43","date_gmt":"2020-05-05T05:03:43","guid":{"rendered":"https:\/\/www.diarioimagen.net\/?p=467754"},"modified":"2020-05-05T03:28:27","modified_gmt":"2020-05-05T08:28:27","slug":"policias-y-proteccion-civil-realizan-recorridos-para-evitar-concentraciones-en-tlalnepantla","status":"publish","type":"post","link":"https:\/\/www.diarioimagen.net\/?p=467754","title":{"rendered":"Polic\u00edas y Protecci\u00f3n Civil realizan recorridos para evitar concentraciones en Tlalnepantla"},"content":{"rendered":"<ul>\n<li><strong><em>Acciones de prevenci\u00f3n durante la Fase 3<\/em><\/strong><\/li>\n<\/ul>\n<p><strong>\u00a0<\/strong><\/p>\n<div id=\"attachment_467781\" style=\"width: 310px\" class=\"wp-caption alignleft\"><a href=\"https:\/\/www.diarioimagen.net\/?attachment_id=467781\" rel=\"attachment wp-att-467781\"><img loading=\"lazy\" decoding=\"async\" aria-describedby=\"caption-attachment-467781\" class=\" wp-image-467781\" src=\"https:\/\/www.diarioimagen.net\/wp-content\/uploads\/2020\/05\/Tlalnepantla-2-460x411.jpg\" alt=\"\" width=\"300\" height=\"268\" srcset=\"https:\/\/www.diarioimagen.net\/wp-content\/uploads\/2020\/05\/Tlalnepantla-2-460x411.jpg 460w, https:\/\/www.diarioimagen.net\/wp-content\/uploads\/2020\/05\/Tlalnepantla-2-240x215.jpg 240w, https:\/\/www.diarioimagen.net\/wp-content\/uploads\/2020\/05\/Tlalnepantla-2.jpg 700w\" sizes=\"auto, (max-width: 300px) 100vw, 300px\" \/><\/a><p id=\"caption-attachment-467781\" class=\"wp-caption-text\">Durante los recorridos se verific\u00f3 que s\u00f3lo estuvieran en funcionamiento establecimientos de actividades con productos esenciales.<\/p><\/div>\n<p><strong>Tlalnepantla, Estado de M\u00e9xico.- <\/strong>El Gobierno local contin\u00faa las acciones de prevenci\u00f3n durante la Fase 3 de la emergencia sanitaria con la realizaci\u00f3n de recorridos para evitar concentraciones de personas en diversos puntos del municipio y mitigar la propagaci\u00f3n del Covid-19. Elementos de la Coordinaci\u00f3n Municipal de Protecci\u00f3n Civil, con apoyo de personal de la Subsecretar\u00eda de Gobierno y la Comisar\u00eda General de Seguridad P\u00fablica (CGSP) acudieron a las colonias Miguel Hidalgo, Tlalnepantla Centro, Venustiano Carranza, Jes\u00fas Garc\u00eda Corona, la unidad habitacional El Rosario I Sector II y el pueblo Santa Mar\u00eda Tlayacampa.<\/p>\n<p>Durante los recorridos se verific\u00f3 que s\u00f3lo estuvieran en funcionamiento establecimientos de actividades y productos esenciales, que los locales y puestos de comida \u00fanicamente ofrecieran servicio para llevar, que aplicaran las medidas de sana distancia, el uso de cubrebocas y gel antibacterial.<\/p>\n<p>La administraci\u00f3n que encabeza el Alcalde Raciel P\u00e9rez Cruz aplica acciones de manera permanente, como la sanitizaci\u00f3n de cl\u00ednicas, mercados, espacios p\u00fablicos, oficinas de gobierno, veh\u00edculos de emergencia, as\u00ed como la difusi\u00f3n de las medidas de prevenci\u00f3n a trav\u00e9s de perifoneo, carteles, redes sociales y el sitio web del Gobierno Municipal, entre otros.<\/p>\n","protected":false},"excerpt":{"rendered":"<p>El Gobierno local contin\u00faa las acciones de prevenci\u00f3n durante la Fase 3 de la emergencia sanitaria con la realizaci\u00f3n de recorridos para evitar concentraciones de personas en diversos puntos del municipio y mitigar la propagaci\u00f3n del Covid-19.<\/p>\n","protected":false},"author":3,"featured_media":467781,"comment_status":"open","ping_status":"open","sticky":false,"template":"","format":"standard","meta":{"_monsterinsights_skip_tracking":false,"_monsterinsights_sitenote_active":false,"_monsterinsights_sitenote_note":"","_monsterinsights_sitenote_category":0,"footnotes":""},"categories":[5],"tags":[90890,90891,43675,64913,169],"class_list":["post-467754","post","type-post","status-publish","format-standard","has-post-thumbnail","hentry","category-estado-de-mexico","tag-comisaria-general-de-seguridad-publica","tag-concentraciones","tag-estado-de-mexico","tag-evitar","tag-tlalnepantla"],"_links":{"self":[{"href":"https:\/\/www.diarioimagen.net\/index.php?rest_route=\/wp\/v2\/posts\/467754","targetHints":{"allow":["GET"]}}],"collection":[{"href":"https:\/\/www.diarioimagen.net\/index.php?rest_route=\/wp\/v2\/posts"}],"about":[{"href":"https:\/\/www.diarioimagen.net\/index.php?rest_route=\/wp\/v2\/types\/post"}],"author":[{"embeddable":true,"href":"https:\/\/www.diarioimagen.net\/index.php?rest_route=\/wp\/v2\/users\/3"}],"replies":[{"embeddable":true,"href":"https:\/\/www.diarioimagen.net\/index.php?rest_route=%2Fwp%2Fv2%2Fcomments&post=467754"}],"version-history":[{"count":0,"href":"https:\/\/www.diarioimagen.net\/index.php?rest_route=\/wp\/v2\/posts\/467754\/revisions"}],"wp:featuredmedia":[{"embeddable":true,"href":"https:\/\/www.diarioimagen.net\/index.php?rest_route=\/wp\/v2\/media\/467781"}],"wp:attachment":[{"href":"https:\/\/www.diarioimagen.net\/index.php?rest_route=%2Fwp%2Fv2%2Fmedia&parent=467754"}],"wp:term":[{"taxonomy":"category","embeddable":true,"href":"https:\/\/www.diarioimagen.net\/index.php?rest_route=%2Fwp%2Fv2%2Fcategories&post=467754"},{"taxonomy":"post_tag","embeddable":true,"href":"https:\/\/www.diarioimagen.net\/index.php?rest_route=%2Fwp%2Fv2%2Ftags&post=467754"}],"curies":[{"name":"wp","href":"https:\/\/api.w.org\/{rel}","templated":true}]}}