{"id":467756,"date":"2020-05-05T00:02:59","date_gmt":"2020-05-05T05:02:59","guid":{"rendered":"https:\/\/www.diarioimagen.net\/?p=467756"},"modified":"2020-05-05T03:32:23","modified_gmt":"2020-05-05T08:32:23","slug":"en-huixquilucan-se-deben-respetar-derechos-de-ocio-y-diversion-de-infantes-y-adolescentes","status":"publish","type":"post","link":"https:\/\/www.diarioimagen.net\/?p=467756","title":{"rendered":"En Huixquilucan se deben respetar derechos de ocio y diversi\u00f3n de infantes y adolescentes"},"content":{"rendered":"<ul>\n<li><strong><em>El gobierno municipal inicia campa\u00f1a<\/em><\/strong><\/li>\n<\/ul>\n<p>&nbsp;<\/p>\n<p><strong><a href=\"https:\/\/www.diarioimagen.net\/?attachment_id=467784\" rel=\"attachment wp-att-467784\"><img loading=\"lazy\" decoding=\"async\" class=\" wp-image-467784 alignleft\" src=\"https:\/\/www.diarioimagen.net\/wp-content\/uploads\/2020\/05\/Huixquilucan-1-368x460.jpg\" alt=\"\" width=\"300\" height=\"375\" srcset=\"https:\/\/www.diarioimagen.net\/wp-content\/uploads\/2020\/05\/Huixquilucan-1-368x460.jpg 368w, https:\/\/www.diarioimagen.net\/wp-content\/uploads\/2020\/05\/Huixquilucan-1-192x240.jpg 192w, https:\/\/www.diarioimagen.net\/wp-content\/uploads\/2020\/05\/Huixquilucan-1.jpg 560w\" sizes=\"auto, (max-width: 300px) 100vw, 300px\" \/><\/a>Huixquilucan, Estado de M\u00e9xico<\/strong><strong>.- <\/strong>En cumplimiento a la recomendaci\u00f3n del Comit\u00e9 de los Derechos del Ni\u00f1o de Naciones Unidas, sobre el efecto de la pandemia Covid-19 en ni\u00f1as, ni\u00f1os y adolescentes, que pide a los gobiernos de los distintos pa\u00edses explorar soluciones alternativas y creativas para que los ni\u00f1os disfruten de sus derechos de descanso, ocio, recreaci\u00f3n y actividades culturales y art\u00edsticas, el gobierno municipal, inici\u00f3 con una campa\u00f1a con ideas para realizar en familia.<\/p>\n<p>Durante la contingencia sanitaria por el coronavirus, las actividades no esenciales se han suspendido por lo que ni\u00f1as, ni\u00f1os y adolescentes, han dejado de asistir a las escuelas, adem\u00e1s de que las din\u00e1micas familiares se han visto afectadas ante la indicaci\u00f3n de quedarse en casa, por lo que la interacci\u00f3n con los dem\u00e1s ha sido modificada durante estos d\u00edas.<\/p>\n<p>En el caso de Huixquilucan, Luca lleg\u00f3 desde el inicio de la sana distancia a los hogares para ayudar a los menores durante estos d\u00edas de aislamiento social. \u00c9l ha apoyado a comprender que es coronavirus, ha dado ideas para pasar el tiempo en familia, leer cuentos, realizar actividades divertidas sin salir de casa y reforzar las medidas de higiene como es el lavado de manos.<\/p>\n<p>El gobierno municipal de Huixquilucan encabezado por Enrique Vargas del Villar, continuar\u00e1 pendiente de las necesidades de la ni\u00f1ez y adolescencia, haciendo \u00e9nfasis en el cuidado f\u00edsico, psicol\u00f3gico y emocional.<\/p>\n<p>Adem\u00e1s de los perifoneos que buscan concientizar a toda la poblaci\u00f3n sobre los cuidados que necesitan ni\u00f1as, ni\u00f1os y adolescentes durante estos d\u00edas de permanencia en casa.<\/p>\n<p>&nbsp;<\/p>\n","protected":false},"excerpt":{"rendered":"<p>En cumplimiento a la recomendaci\u00f3n del Comit\u00e9 de los Derechos del Ni\u00f1o de Naciones Unidas, sobre el efecto de la pandemia Covid-19 en ni\u00f1as, ni\u00f1os y adolescentes, que pide a los gobiernos de los distintos pa\u00edses explorar soluciones alternativas y creativas para que los ni\u00f1os disfruten de sus derechos de descanso, ocio, recreaci\u00f3n y actividades culturales y art\u00edsticas, el gobierno municipal, inici\u00f3 con una campa\u00f1a con ideas para realizar en familia.<\/p>\n","protected":false},"author":3,"featured_media":467784,"comment_status":"open","ping_status":"open","sticky":false,"template":"","format":"standard","meta":{"_monsterinsights_skip_tracking":false,"_monsterinsights_sitenote_active":false,"_monsterinsights_sitenote_note":"","_monsterinsights_sitenote_category":0,"footnotes":""},"categories":[5],"tags":[70899,43675,1097,2352,90892],"class_list":["post-467756","post","type-post","status-publish","format-standard","has-post-thumbnail","hentry","category-estado-de-mexico","tag-diversion","tag-estado-de-mexico","tag-huixquilucan","tag-infantes","tag-ocio"],"_links":{"self":[{"href":"https:\/\/www.diarioimagen.net\/index.php?rest_route=\/wp\/v2\/posts\/467756","targetHints":{"allow":["GET"]}}],"collection":[{"href":"https:\/\/www.diarioimagen.net\/index.php?rest_route=\/wp\/v2\/posts"}],"about":[{"href":"https:\/\/www.diarioimagen.net\/index.php?rest_route=\/wp\/v2\/types\/post"}],"author":[{"embeddable":true,"href":"https:\/\/www.diarioimagen.net\/index.php?rest_route=\/wp\/v2\/users\/3"}],"replies":[{"embeddable":true,"href":"https:\/\/www.diarioimagen.net\/index.php?rest_route=%2Fwp%2Fv2%2Fcomments&post=467756"}],"version-history":[{"count":0,"href":"https:\/\/www.diarioimagen.net\/index.php?rest_route=\/wp\/v2\/posts\/467756\/revisions"}],"wp:featuredmedia":[{"embeddable":true,"href":"https:\/\/www.diarioimagen.net\/index.php?rest_route=\/wp\/v2\/media\/467784"}],"wp:attachment":[{"href":"https:\/\/www.diarioimagen.net\/index.php?rest_route=%2Fwp%2Fv2%2Fmedia&parent=467756"}],"wp:term":[{"taxonomy":"category","embeddable":true,"href":"https:\/\/www.diarioimagen.net\/index.php?rest_route=%2Fwp%2Fv2%2Fcategories&post=467756"},{"taxonomy":"post_tag","embeddable":true,"href":"https:\/\/www.diarioimagen.net\/index.php?rest_route=%2Fwp%2Fv2%2Ftags&post=467756"}],"curies":[{"name":"wp","href":"https:\/\/api.w.org\/{rel}","templated":true}]}}