{"id":467818,"date":"2020-05-06T00:12:15","date_gmt":"2020-05-06T05:12:15","guid":{"rendered":"https:\/\/www.diarioimagen.net\/?p=467818"},"modified":"2020-05-06T01:11:36","modified_gmt":"2020-05-06T06:11:36","slug":"despues-de-la-pandemia-surgira-un-nuevo-orden-economico-y-social-cual-hacia-donde","status":"publish","type":"post","link":"https:\/\/www.diarioimagen.net\/?p=467818","title":{"rendered":"Despu\u00e9s de la pandemia, \u00bfsurgir\u00e1 un nuevo orden econ\u00f3mico y social?, \u00bfcu\u00e1l? \u00bfhacia d\u00f3nde?"},"content":{"rendered":"<h2>Tras la puerta del poder<\/h2>\n<h5>Roberto Vizca\u00edno<\/h5>\n<p>&nbsp;<\/p>\n<div id=\"attachment_467879\" style=\"width: 470px\" class=\"wp-caption aligncenter\"><a href=\"https:\/\/www.diarioimagen.net\/?attachment_id=467879\" rel=\"attachment wp-att-467879\"><img loading=\"lazy\" decoding=\"async\" aria-describedby=\"caption-attachment-467879\" class=\"size-large wp-image-467879\" src=\"https:\/\/www.diarioimagen.net\/wp-content\/uploads\/2020\/05\/EL-NEGOCIO-DE-HOY-luis-xavier-460x372.jpg\" alt=\"\" width=\"460\" height=\"372\" srcset=\"https:\/\/www.diarioimagen.net\/wp-content\/uploads\/2020\/05\/EL-NEGOCIO-DE-HOY-luis-xavier-460x372.jpg 460w, https:\/\/www.diarioimagen.net\/wp-content\/uploads\/2020\/05\/EL-NEGOCIO-DE-HOY-luis-xavier-240x194.jpg 240w, https:\/\/www.diarioimagen.net\/wp-content\/uploads\/2020\/05\/EL-NEGOCIO-DE-HOY-luis-xavier-768x621.jpg 768w, https:\/\/www.diarioimagen.net\/wp-content\/uploads\/2020\/05\/EL-NEGOCIO-DE-HOY-luis-xavier.jpg 1200w\" sizes=\"auto, (max-width: 460px) 100vw, 460px\" \/><\/a><p id=\"caption-attachment-467879\" class=\"wp-caption-text\">El negocio de hoy&#8230; | Luis Xavier<\/p><\/div>\n<p>&nbsp;<\/p>\n<p>Mucho se ha dicho que la pandemia del coronavirus alter\u00f3 tantas cosas, que una vez que el mundo regrese a sus puntos de equilibrio, surgir\u00e1n nuevos sistemas en todos los niveles de las relaciones humanas.<\/p>\n<p>Al abordar este tema, el zacatecano <strong>Ricardo Monreal<\/strong> considera que, llegado ese momento a nivel global, surgir\u00e1 un nuevo orden econ\u00f3mico internacional que a su vez impactar\u00e1 a lo social ya que, seg\u00fan ve, \u201cel capitalismo tiene contados sus d\u00edas\u201d.<\/p>\n<p>Para el l\u00edder de la bancada de Morena en el Senado de la Rep\u00fablica y presidente de la Junta de Coordinaci\u00f3n Pol\u00edtica de esa c\u00e1mara, \u00e9ste ser\u00e1 el momento de aprovechar la oportunidad que nos pone el cambio para que M\u00e9xico resurja.<\/p>\n<p>\u201cPorque lo seguro es que vamos a levantarnos, y M\u00e9xico ser\u00e1, de nueva cuenta, el pa\u00eds que todos deseamos y que todos queremos\u201d.<\/p>\n<p><strong>Monreal<\/strong> advierte, como tambi\u00e9n lo ven en China, que el d\u00f3lar -como moneda- dejar\u00e1 de ser el patr\u00f3n en las transacciones comerciales e intercambio de productos, \u201cy en su lugar se colocar\u00e1 una moneda digital (e-RMB) para inscribirla en esa cadena de cambios por venir\u201d.<\/p>\n<p>El zacatecano va m\u00e1s all\u00e1 y considera que la Web y la Inteligencia Artificial, que han revolucionado la tecnolog\u00eda de la informaci\u00f3n, ahora se disparar\u00e1n con la llegada de la banda 5G.<\/p>\n<p>As\u00ed, en el nuevo orden mundial por venir, dice, M\u00e9xico puede tomar ventaja si desde hoy invierte en innovaci\u00f3n y desarrollo, y garantizar el acceso a un internet m\u00e1s potente y masivo.<\/p>\n<p>\u201cNo olvidemos que parte de la ca\u00edda del poderoso Imperio Romano fue su desd\u00e9n por el comercio y su apuesta por la guerra, lo que los fenicios con sus grandes barcos aprovecharon para mercar por todo\u00a0 el mediterr\u00e1neo\u201d, recuerda.<\/p>\n<p>V\u00eda sus redes sociales, considera que el modelo econ\u00f3mico paradigm\u00e1tico fundado en Bretton Woods, y reforzado por el neoliberalismo de los Estados Unidos, e la administraci\u00f3n de <strong>Ronald Reagan<\/strong> y en Reino Unido, en la \u00e9poca de <strong>Margaret Thatcher<\/strong> y luego aplicado en otras partes del mundo, entre ellos en M\u00e9xico, \u201cse ha agotado\u201d.<\/p>\n<p>Desde su c\u00e1tedra de estudios de posgrado de la Facultad de Derecho de la UNAM, <strong>Monreal<\/strong> prev\u00e9 el resurgimiento de pol\u00edticas econ\u00f3micas que apuesten por los\u00a0 mercados internos sobre los globales, una mayor injerencia del Estado en la econom\u00eda y en el gasto de inversi\u00f3n, sin llegar a abandonar por completo los procesos de globalizaci\u00f3n y de comercio internacional.<\/p>\n<p>Igual se pronuncia por el rescate y reforzamiento de la innovaci\u00f3n tecnol\u00f3gica y el desarrollo de las nuevas tecnolog\u00edas de la informaci\u00f3n, desde el registro de los primeros casos, hasta el monitoreo, rastreo, confinaci\u00f3n y atenci\u00f3n en el campo de las v\u00edctimas de esta epidemia, como ejemplo.<\/p>\n<p>El zacatecano apuesta, pues, por las nuevas tecnolog\u00edas que pueden, afirma, utilizarse en el diagn\u00f3stico temprano, hasta la operaci\u00f3n del centro de contactos; desde los monitoreos en tiempo real, de la movilidad de las personas y su transportaci\u00f3n, as\u00ed como el uso de drones de vigilancia epidemiol\u00f3gicos.<\/p>\n<p>Interesante esta nueva gaceta del pol\u00edtico.<\/p>\n<p style=\"text-align: center;\"><strong>Al ataque<\/strong><\/p>\n<p>Desde el lunes, la Facultad de Ciencias Pol\u00edticas y Sociales de la UNAM es conducida de forma interina por la doctora <strong>Carola Garc\u00eda Calder\u00f3n<\/strong>.<\/p>\n<p>Dicen quienes la conocen, que se trata de una muy reconocida acad\u00e9mica, tanto, que la propia UNAM le ha entregado tres premios por la elevada calidad de su trabajo: Medalla Gabino Barreda en estudios de maestr\u00eda; Premio Universidad Nacional a J\u00f3venes Acad\u00e9micos en Docencia y Premio Universidad Nacional en Docencia en Ciencias Sociales.<\/p>\n<p>Sin duda alguna, una acad\u00e9mica de primer\u00edsimo nivel que sin demerito simpatiza con <strong>AMLO<\/strong>.<\/p>\n<p style=\"text-align: center;\"><strong>La COPPPAL felicita al PRD en su 31 aniversario<\/strong><\/p>\n<p>Al fin nuevos tiempos, el campechano <strong>Alejandro Moreno<\/strong> fue el encargado de felicitar ayer al Partido de la Revoluci\u00f3n Democr\u00e1tica en su 31 aniversario de su fundaci\u00f3n.<\/p>\n<p><strong>Moreno,<\/strong> presidente del PRI y de la Conferencia Permanente de Partidos Pol\u00edticos de Am\u00e9rica Latina y el Caribe, transmiti\u00f3 a la dirigencia del PRD los parabienes de los 67 partidos y organizaciones pol\u00edticas que integran a la COPPPAL en el continente.<\/p>\n<p>Y expres\u00f3 el saludo fraterno y solidario de las fuerzas progresistas de Am\u00e9rica Latina y el Caribe, \u201ca un partido hermano al que debemos reconocer su aporte al cambio democr\u00e1tico de M\u00e9xico por la v\u00eda institucional, durante la \u00faltima d\u00e9cada del siglo XX\u201d, indic\u00f3.<\/p>\n<p>Los integrantes de la COPPPAL consideran que el partido creado hace 31 a\u00f1os por Cuauht\u00e9moc C\u00e1rdenas, Porfirio Mu\u00f1oz Ledo e Ifigenia Mart\u00ednez y cientos de dirigentes y militantes de la izquierda hist\u00f3rica de M\u00e9xico, ha sido clave en la lucha por la profundizaci\u00f3n de la democracia social que postulan los principios progresistas de la COPPPAL.<\/p>\n<p>\u201cEstoy cierto que el PRD con sus cuadros y militantes seguir\u00e1 aportando desde su trinchera pol\u00edtica soluciones a los grandes problemas que enfrentan M\u00e9xico, Am\u00e9rica Latina y el Caribe\u201d, indic\u00f3 <strong>Moreno<\/strong>.<\/p>\n<p>Hoy, agreg\u00f3, \u201clos partidos progresistas en M\u00e9xico vivimos una etapa de transformaci\u00f3n profunda de la cual, sin duda, hemos salido fortalecidos para afrontar unidos los grandes retos que enfrentamos en materia econ\u00f3mica, pol\u00edtica y social y\u2026 mientras en otros espacios de la vida p\u00fablica, la intransigencia privilegia la confrontaci\u00f3n y el ideologismo extremo propicia la exclusi\u00f3n, en tanto que el autoritarismo pretende imponer sus designios, juntos los partidos de la COPPPAL trabajamos desde la democracia social para proponer soluciones.<\/p>\n<p>\u201cLos partidos que constituimos la Copppal en Am\u00e9rica del Norte, aportamos nuestra voluntad de acuerdo para lograr la unidad de esfuerzos ante la crisis que vive M\u00e9xico por diferentes factores, entre ellos la pandemia de coronavirus que exige una gesti\u00f3n responsable y profesional, comprometida republicanamente con la salud de la gente, bajo el riesgo de causar graves da\u00f1os en la vida cotidiana de los mexicanos, al igual que en materia econ\u00f3mica, que obligadamente debe ser atendida oportunamente y con criterios de integralidad\u201d.<\/p>\n<p><strong>Moreno<\/strong> consider\u00f3 que a nivel de Am\u00e9rica Latina y el Caribe, la COPPPAL ha establecido un di\u00e1logo y acercamiento con todos los gobiernos y organismos multilaterales de la regi\u00f3n, intercambiando y dise\u00f1ando acciones comunes y pensando c\u00f3mo se van a enfrentar los nuevos desaf\u00edos y efectos posteriores a la pandemia en nuestra regi\u00f3n, siempre en consenso y en unidad.<\/p>\n<p>Destac\u00f3 el nivel de trabajo y colaboraci\u00f3n que desde la COPPPAL se ha venido construyendo con el PRD, con su dirigencia encabezada por <strong>\u00c1ngel \u00c1vila Romero<\/strong>, quien hoy ocupa una vicepresidencia de la Conferencia de Partidos Pol\u00edticos de Am\u00e9rica Latina y el Caribe.<\/p>\n<p>\u201cCon el PRD vamos a seguir trabajando, juntos, de la mano, aliados para construir la agenda progresista para el bienestar de los latinoamericanos y caribe\u00f1os, estamos comprometidos a defender las conquistas democr\u00e1ticas y a profundizar sus instituciones en favor de una democracia completa, no s\u00f3lo electoral, sino tambi\u00e9n que garantice el ejercicio democr\u00e1tico del poder\u201d, dijo.<\/p>\n<p><strong>Manuel Cifuentes<\/strong>, representante del PRD en la COPPPAL, agradeci\u00f3 las felicitaciones transmitidas por <strong>Moreno<\/strong>, y consider\u00f3 que, \u201cen estrecho acompa\u00f1amiento, en momentos dif\u00edciles por los que atraviesa M\u00e9xico, con el trabajo y la voluntad pol\u00edtica de todossaldremos adelante, impulsando nuestra agenda conjunta, en la regional COPPPAL de Am\u00e9rica del Norte.<\/p>\n<p><em><a href=\"mailto:rvizcainoa@gmail.com\" target=\"_blank\" rel=\"noopener noreferrer\">rvizcainoa@gmail.com<\/a><br \/>\n<u><a href=\"http:\/\/endirecto.mx\" target=\"_blank\" rel=\"noopener noreferrer\">www.endirecto.mx<\/a><br \/>\n<a href=\"https:\/\/twitter.com\/_rvizcaino\" target=\"_blank\" rel=\"noopener noreferrer\">@_RVizcaino<\/a><br \/>\n<a href=\"https:\/\/www.facebook.com\/rvizcainoa\" target=\"_blank\" rel=\"noopener noreferrer\">facebook.com\/rvizcainoa<\/a><\/u><\/em><\/p>\n","protected":false},"excerpt":{"rendered":"<p><span style=\"color: #005497;\"><strong>Roberto Vizca\u00edno<\/strong><\/span><br \/>\n<br \/>\nMucho se ha dicho que la pandemia del coronavirus alter\u00f3 tantas cosas, que una vez que el mundo regrese a sus puntos de equilibrio, surgir\u00e1n nuevos sistemas en todos los niveles de las relaciones humanas.<\/p>\n","protected":false},"author":3,"featured_media":467879,"comment_status":"open","ping_status":"open","sticky":false,"template":"","format":"standard","meta":{"_monsterinsights_skip_tracking":false,"_monsterinsights_sitenote_active":false,"_monsterinsights_sitenote_note":"","_monsterinsights_sitenote_category":0,"footnotes":""},"categories":[136],"tags":[43674,93,94],"class_list":["post-467818","post","type-post","status-publish","format-standard","has-post-thumbnail","hentry","category-roberto-vizcaino-opinion","tag-opinion","tag-roberto-vizcaino","tag-tras-la-puerta-del-poder"],"_links":{"self":[{"href":"https:\/\/www.diarioimagen.net\/index.php?rest_route=\/wp\/v2\/posts\/467818","targetHints":{"allow":["GET"]}}],"collection":[{"href":"https:\/\/www.diarioimagen.net\/index.php?rest_route=\/wp\/v2\/posts"}],"about":[{"href":"https:\/\/www.diarioimagen.net\/index.php?rest_route=\/wp\/v2\/types\/post"}],"author":[{"embeddable":true,"href":"https:\/\/www.diarioimagen.net\/index.php?rest_route=\/wp\/v2\/users\/3"}],"replies":[{"embeddable":true,"href":"https:\/\/www.diarioimagen.net\/index.php?rest_route=%2Fwp%2Fv2%2Fcomments&post=467818"}],"version-history":[{"count":0,"href":"https:\/\/www.diarioimagen.net\/index.php?rest_route=\/wp\/v2\/posts\/467818\/revisions"}],"wp:featuredmedia":[{"embeddable":true,"href":"https:\/\/www.diarioimagen.net\/index.php?rest_route=\/wp\/v2\/media\/467879"}],"wp:attachment":[{"href":"https:\/\/www.diarioimagen.net\/index.php?rest_route=%2Fwp%2Fv2%2Fmedia&parent=467818"}],"wp:term":[{"taxonomy":"category","embeddable":true,"href":"https:\/\/www.diarioimagen.net\/index.php?rest_route=%2Fwp%2Fv2%2Fcategories&post=467818"},{"taxonomy":"post_tag","embeddable":true,"href":"https:\/\/www.diarioimagen.net\/index.php?rest_route=%2Fwp%2Fv2%2Ftags&post=467818"}],"curies":[{"name":"wp","href":"https:\/\/api.w.org\/{rel}","templated":true}]}}