{"id":467843,"date":"2020-05-06T00:01:54","date_gmt":"2020-05-06T05:01:54","guid":{"rendered":"https:\/\/www.diarioimagen.net\/?p=467843"},"modified":"2020-05-06T01:26:18","modified_gmt":"2020-05-06T06:26:18","slug":"verifican-uso-de-cubrebocas-en-transporte-publico-en-tultepec","status":"publish","type":"post","link":"https:\/\/www.diarioimagen.net\/?p=467843","title":{"rendered":"Verifican uso de cubrebocas en transporte p\u00fablico, en Tultepec"},"content":{"rendered":"<p><strong> <a href=\"https:\/\/www.diarioimagen.net\/?attachment_id=467912\" rel=\"attachment wp-att-467912\"><img loading=\"lazy\" decoding=\"async\" class=\"aligncenter size-large wp-image-467912\" src=\"https:\/\/www.diarioimagen.net\/wp-content\/uploads\/2020\/05\/CAMACHO6-d-460x259.jpg\" alt=\"\" width=\"460\" height=\"259\" srcset=\"https:\/\/www.diarioimagen.net\/wp-content\/uploads\/2020\/05\/CAMACHO6-d-460x259.jpg 460w, https:\/\/www.diarioimagen.net\/wp-content\/uploads\/2020\/05\/CAMACHO6-d-240x135.jpg 240w, https:\/\/www.diarioimagen.net\/wp-content\/uploads\/2020\/05\/CAMACHO6-d-235x132.jpg 235w, https:\/\/www.diarioimagen.net\/wp-content\/uploads\/2020\/05\/CAMACHO6-d-202x114.jpg 202w, https:\/\/www.diarioimagen.net\/wp-content\/uploads\/2020\/05\/CAMACHO6-d-350x196.jpg 350w, https:\/\/www.diarioimagen.net\/wp-content\/uploads\/2020\/05\/CAMACHO6-d-220x123.jpg 220w, https:\/\/www.diarioimagen.net\/wp-content\/uploads\/2020\/05\/CAMACHO6-d-237x132.jpg 237w, https:\/\/www.diarioimagen.net\/wp-content\/uploads\/2020\/05\/CAMACHO6-d.jpg 480w\" sizes=\"auto, (max-width: 460px) 100vw, 460px\" \/><\/a><\/strong><\/p>\n<p>&nbsp;<\/p>\n<p><strong>Tultepec, Estado de M\u00e9xico.- <\/strong>Personal de la Secretar\u00eda de Movilidad del Estado de M\u00e9xico, en Coordinaci\u00f3n con elementos de la Comisar\u00eda de Seguridad Ciudadana (CSC) y de la direcci\u00f3n de Desarrollo Econ\u00f3mico de Tultepec; realizaron un operativo para verificar que los conductores del transporte p\u00fablico, ll\u00e1mese taxis y combis, utilicen cubrebocas.<\/p>\n<p>En aquellos casos en que los conductores no lo llevan puesto, recibieron una amonestaci\u00f3n verbal y les fue entregado un cubrebocas, tanto a ellos como a los pasajeros que no lo portaran, adem\u00e1s de un llamado para que lo utilicen durante sus trayectos.<\/p>\n","protected":false},"excerpt":{"rendered":"<p>Personal de la Secretar\u00eda de Movilidad del Estado de M\u00e9xico, en Coordinaci\u00f3n con elementos de la Comisar\u00eda de Seguridad Ciudadana (CSC) y de la direcci\u00f3n de Desarrollo Econ\u00f3mico de Tultepec; realizaron un operativo para verificar que los conductores del transporte p\u00fablico, ll\u00e1mese taxis y combis, utilicen cubrebocas.<\/p>\n","protected":false},"author":3,"featured_media":467912,"comment_status":"open","ping_status":"open","sticky":false,"template":"","format":"standard","meta":{"_monsterinsights_skip_tracking":false,"_monsterinsights_sitenote_active":false,"_monsterinsights_sitenote_note":"","_monsterinsights_sitenote_category":0,"footnotes":""},"categories":[5],"tags":[90383,43675,4962,3802],"class_list":["post-467843","post","type-post","status-publish","format-standard","has-post-thumbnail","hentry","category-estado-de-mexico","tag-cubreboca","tag-estado-de-mexico","tag-transporte-publico","tag-tultepec"],"_links":{"self":[{"href":"https:\/\/www.diarioimagen.net\/index.php?rest_route=\/wp\/v2\/posts\/467843","targetHints":{"allow":["GET"]}}],"collection":[{"href":"https:\/\/www.diarioimagen.net\/index.php?rest_route=\/wp\/v2\/posts"}],"about":[{"href":"https:\/\/www.diarioimagen.net\/index.php?rest_route=\/wp\/v2\/types\/post"}],"author":[{"embeddable":true,"href":"https:\/\/www.diarioimagen.net\/index.php?rest_route=\/wp\/v2\/users\/3"}],"replies":[{"embeddable":true,"href":"https:\/\/www.diarioimagen.net\/index.php?rest_route=%2Fwp%2Fv2%2Fcomments&post=467843"}],"version-history":[{"count":0,"href":"https:\/\/www.diarioimagen.net\/index.php?rest_route=\/wp\/v2\/posts\/467843\/revisions"}],"wp:featuredmedia":[{"embeddable":true,"href":"https:\/\/www.diarioimagen.net\/index.php?rest_route=\/wp\/v2\/media\/467912"}],"wp:attachment":[{"href":"https:\/\/www.diarioimagen.net\/index.php?rest_route=%2Fwp%2Fv2%2Fmedia&parent=467843"}],"wp:term":[{"taxonomy":"category","embeddable":true,"href":"https:\/\/www.diarioimagen.net\/index.php?rest_route=%2Fwp%2Fv2%2Fcategories&post=467843"},{"taxonomy":"post_tag","embeddable":true,"href":"https:\/\/www.diarioimagen.net\/index.php?rest_route=%2Fwp%2Fv2%2Ftags&post=467843"}],"curies":[{"name":"wp","href":"https:\/\/api.w.org\/{rel}","templated":true}]}}