{"id":467933,"date":"2020-05-07T00:12:56","date_gmt":"2020-05-07T05:12:56","guid":{"rendered":"https:\/\/www.diarioimagen.net\/?p=467933"},"modified":"2020-05-07T01:47:49","modified_gmt":"2020-05-07T06:47:49","slug":"hay-evidencia-de-que-hay-trafico-con-los-insumos-para-atacar-al-covid-19-munoz-ledo","status":"publish","type":"post","link":"https:\/\/www.diarioimagen.net\/?p=467933","title":{"rendered":"\u201cHay evidencia de que hay tr\u00e1fico con los\u00a0insumos para atacar al Covid-19\u201d: Mu\u00f1oz Ledo"},"content":{"rendered":"<h2>Tras la puerta del poder<\/h2>\n<h5>Roberto Vizca\u00edno<\/h5>\n<p>&nbsp;<\/p>\n<div id=\"attachment_467954\" style=\"width: 470px\" class=\"wp-caption aligncenter\"><a href=\"https:\/\/www.diarioimagen.net\/?attachment_id=467954\" rel=\"attachment wp-att-467954\"><img loading=\"lazy\" decoding=\"async\" aria-describedby=\"caption-attachment-467954\" class=\"size-large wp-image-467954\" src=\"https:\/\/www.diarioimagen.net\/wp-content\/uploads\/2020\/05\/A-LAVAR-SE-HA-DICHO-460x371.jpg\" alt=\"\" width=\"460\" height=\"371\" srcset=\"https:\/\/www.diarioimagen.net\/wp-content\/uploads\/2020\/05\/A-LAVAR-SE-HA-DICHO-460x371.jpg 460w, https:\/\/www.diarioimagen.net\/wp-content\/uploads\/2020\/05\/A-LAVAR-SE-HA-DICHO-240x193.jpg 240w, https:\/\/www.diarioimagen.net\/wp-content\/uploads\/2020\/05\/A-LAVAR-SE-HA-DICHO-768x619.jpg 768w, https:\/\/www.diarioimagen.net\/wp-content\/uploads\/2020\/05\/A-LAVAR-SE-HA-DICHO.jpg 1200w\" sizes=\"auto, (max-width: 460px) 100vw, 460px\" \/><\/a><p id=\"caption-attachment-467954\" class=\"wp-caption-text\">A lavar se ha dicho&#8230; | Jos\u00e9 Luis<\/p><\/div>\n<p>&nbsp;<\/p>\n<p>A sus 86 a\u00f1os y con una vida cumplida en los m\u00e1s altos cargos en el gobierno, aspirante en varias ocasiones a la Presidencia de la Rep\u00fablica, y con un paso como el \u00fanico pol\u00edtico que ha sido presidente de tres partidos pol\u00edticos nacionales, absolutamente consciente de que ya s\u00f3lo le queda pasar a la historia, <strong>Porfirio Mu\u00f1oz Ledo <\/strong>advierte (obviamente a <strong>Andr\u00e9s Manuel L\u00f3pez Obrador<\/strong>): \u201cno soy borrego\u2026 no me van a callar\u201d<\/p>\n<p>Y, v\u00eda su cuenta de Twitter, denuncia:<\/p>\n<p>\u201c\u2026 el imperio de la corrupci\u00f3n se instal\u00f3 en la pandemia; hay evidencias del trafique con los insumos esenciales para atacar al Covid-19\u201d.<\/p>\n<p>Ex presidente de la C\u00e1mara de Diputados en la parte inicial de la LXIV Legislatura, y quien le puso la Banda Presidencial a <strong>L\u00f3pez Obrador<\/strong> para cumplir as\u00ed con la tradici\u00f3n de Declaratoria Presidencial, <strong>Mu\u00f1oz Ledo<\/strong> fue menospreciado por el mandatario al comentar que cualquier pod\u00eda llevarse hoy la nota principal en el diario <em>Reforma<\/em> como ese d\u00eda lo hab\u00eda hecho el diputado con una declaraci\u00f3n donde critic\u00f3 al tabasque\u00f1o.<\/p>\n<p>Al respecto <strong>Mu\u00f1oz Ledo<\/strong> dijo ayer a EFE:<\/p>\n<p>\u201cNo soy discordante, soy opinante. En muchas de sus iniciativas (de <strong>AMLO<\/strong>) estoy de acuerdo, pero hay algunas en las que no lo estoy y no me voy a callar en ning\u00fan momento ni en ninguna circunstancia\u201d.<\/p>\n<p>Dijo luego ver que la crisis provocada por el coronavirus en M\u00e9xico puede dejar en jaque el proyecto pol\u00edtico de Movimiento Regeneraci\u00f3n Nacional, partido con el que <strong>L\u00f3pez Obrador<\/strong> lleg\u00f3 a la Presidencia y que \u00e9l ayud\u00f3 a fundar.<\/p>\n<p>Sin decir el nombre del hijo de <strong>Manuel Bartlett<\/strong>, pero en obvia referencia a \u00e9l, <strong>Mu\u00f1oz Ledo<\/strong> advirti\u00f3 que hoy son inocultable los trafiques que se realizan en el gobierno de <strong>L\u00f3pez Obrador<\/strong> bajo el pretexto de combatir <strong>al Covid-19<\/strong><\/p>\n<p>Por ello, agreg\u00f3, <strong>\u201c<\/strong>es urgente que intervengan la Unidad de Inteligencia Financiera y los \u00d3rganos competentes del Estado para evitar la intermediaci\u00f3n y que se hagan compras directas a los proveedores; ya sean pa\u00edses, gobiernos o compa\u00f1\u00edas\u201d.<\/p>\n<p>En una de sus ma\u00f1aneras recientes, el presidente <strong>L\u00f3pez Obrador<\/strong> revel\u00f3 que la secretar\u00eda de la Funci\u00f3n P\u00fablica investiga ya la compra de ventiladores respiratorios que por asignaci\u00f3n directa hizo el IMSS en Hidalgo a <strong>Le\u00f3n Manuel Bartlett \u00c1lvarez<\/strong>, hijo de <strong>Manuel Bartlett D\u00edaz<\/strong>, <strong>director de la Comisi\u00f3n Federal de Electricidad.<\/strong><\/p>\n<p>Sin embargo una investigaci\u00f3n period\u00edstica realizada por el programa de radio de <strong>Carlos Loret <\/strong>en la W, dej\u00f3 en claro que esa compra por asignaci\u00f3n forma parte de\u00a0 una serie de contratos asignados a Cyber Robotics Solutions, la empresa del hijo de Bartlett, cuya direcci\u00f3n formal es justamente la casa que tiene en las Lomas de Chapultepec el director de la CFE.<\/p>\n<p>Esos 6 contratos -5 de los cuales fueron por asignaci\u00f3n directa- representan ventas a varias dependencias del gobierno de L\u00f3pez Obrador por 162 millones, 240 mil pesos.<\/p>\n<p>La Funci\u00f3n P\u00fablica s\u00f3lo investigar\u00e1 el de 31 millones por los respiradores comprados por el IMSS de Hidalgo.<\/p>\n<p>Los otros 5 contratos por la suma de 131 millones van libres de toda culpa.<\/p>\n<p>Por ello Mu\u00f1oz Ledo afirm\u00f3 que, \u201cel imperio de la corrupci\u00f3n se instal\u00f3 en la pandemia; hay evidencias del trafique con los insumos esenciales para atacar al Covid-19\u201d.<\/p>\n<p>Y por eso tambi\u00e9n afirma que:<\/p>\n<p>\u201cNo soy borrego, no me voy a callar\u201d.<\/p>\n<p>La semana anterior <strong>Mu\u00f1oz Ledo<\/strong> enfrent\u00f3 directa y p\u00fablicamente a <strong>L\u00f3pez Obrador<\/strong> a quien acus\u00f3 de pretender invalidar a la C\u00e1mara de Diputados con una propuesta de reforma a la Ley de Presupuesto y Responsabilidad Hacendaria que le permitir\u00eda gastar sin control ni vigilancia alguna el Presupuesto de la Federaci\u00f3n.<\/p>\n<p>En esta intentona los legisladores del llamado Bloque Opositor -integrado por los grupos del PAN, PRI, MC y PRD en el Congreso- fueron acompa\u00f1ados por el diputado <strong>Mu\u00f1oz Ledo<\/strong> y los senadores <strong>Germ\u00e1n Mart\u00ednez<\/strong> y <strong>Armando Guadiana Tijerina<\/strong> -entre otros-, todos ellos de Morena.<\/p>\n<p>\u201cHay que verlo como un acto fallido que afortunadamente logramos entre muchos que se parara\u201d, se\u00f1al\u00f3 <strong>Mu\u00f1oz Ledo<\/strong>.<\/p>\n<p>La iniciativa, dijeron todos dentro y fuera del gobierno y de M\u00e9xico, daba \u201catribuciones excesivas al presidente, qui\u00e9n no tendr\u00eda ni siquiera la obligaci\u00f3n de rendir cuentas\u201d.<\/p>\n<p>\u201cSe est\u00e1 pretendiendo verdaderamente, lo digo con cuidado, pero con firmeza, violar el art\u00edculo que ordena que nunca haya fusi\u00f3n de poderes\u201d, dijo entonces el diputado opinante.<\/p>\n<p>En este mismo tono, <strong>Mu\u00f1oz Ledo<\/strong> ha cuestionado de frente a sus compa\u00f1eros diputados de Morena a quienes ha calificado de \u201c\u00a1<strong><em>hip\u00f3critas y lambiscones<\/em><\/strong>!\u201d.<\/p>\n<p>Y se queja de que \u201clas propuestas del Ejecutivo son (para estos diputados de Morena) sagradas, y no se les puede a\u00f1adir ni un punto\u201d.<\/p>\n<p>Agrega:<\/p>\n<p>\u201cYo soy miembro de Morena, pero soy <strong>Porfirio Mu\u00f1oz Ledo<\/strong>. No es un privilegio, sino una tarea que el pa\u00eds reconoce, tengo una singularidad y no soy un borrego, no les sigo ni lo har\u00e9\u201d, concluye.<\/p>\n<p style=\"text-align: center;\"><strong>Monreal pide sean reconsideradas<\/strong><\/p>\n<p>Ayer, en el pico de la pandemia, <strong>Ricardo Monreal, <\/strong>coordinador de Morena en el Senado, pidi\u00f3 formalmente al Consejo de Salubridad General y a la Secretar\u00eda de Hacienda, incluir a las industrias del vestido y el calzado, y a las Pymes dedicadas a la textiler\u00eda, como parte de la fabricaci\u00f3n de insumos m\u00e9dicos de car\u00e1cter hospitalario.<\/p>\n<p>V\u00eda redes sociales, el zacatecano explic\u00f3 que su intenci\u00f3n es que este sector sea considerado parte de la actividad esencial durante su proceso de reactivaci\u00f3n econ\u00f3mica.<\/p>\n<p>Se trata de respaldar as\u00ed a millones de mexicanas y mexicanos que dependen de dicha industria, y para ayudar en la elaboraci\u00f3n de insumos y materiales necesarios para superar esta crisis, dijo.<\/p>\n<p>Consider\u00f3 que la crisis generada por el coronavirus representa un gran reto sin precedentes y afirm\u00f3 que la crisis econ\u00f3mica a impactado muy duramente a la industria del calzado y textil del cual dependen directamente miles de familias que hoy tienen ante s\u00ed un panorama desalentador.<\/p>\n<p><strong>Estrictas restricciones<\/strong><\/p>\n<p>La senadora <strong>M\u00f3nica Fern\u00e1ndez<\/strong>, presidenta del Senado instruy\u00f3 a Servicios Generales para que, mientras dure el pico de las infecciones del coronavirus, se restrinja el accesos a este recinto.<\/p>\n<p>Indic\u00f3 que las autoridades de salud han indicado que estos d\u00edas, y las pr\u00f3ximas tres semanas, se registrar\u00e1 el mayor n\u00famero de contagios. Sin vacunas y sin medicinas, la mejor defensa contra el virus es mantenerse en casa y respetar la sana distancia, subray\u00f3.<\/p>\n<p style=\"text-align: center;\"><strong>\u00a1Cuidado!<\/strong><\/p>\n<p>Ante el incremento de saqueos a comercios, robos con violencia a casas habitaci\u00f3n, asalto en el autotransporte, <em>hackeo,<\/em> robo de datos y fraudes por internet, se supone como consecuencia de la pandemia y la crisis econ\u00f3mica consecuente, la Asociaci\u00f3n Mexicana de Empresas de Seguridad Privada recomiendan las siguientes medidas a fin de evitar ser v\u00edctima de la delincuencia:<\/p>\n<p>-Reforzar las medidas de detecci\u00f3n, prevenci\u00f3n y control de accesos en casa; asegurarse que la entrega a domicilio se haga por una sola persona y que muestre identificaci\u00f3n con fotograf\u00eda antes de abrirle la puerta; interrumpir la comunicaci\u00f3n (colgar el tel\u00e9fono) en forma inmediata frente a comunicaciones hostiles; ante escenarios de violencia alejarse inmediatamente y no involucrarse; no detener el veh\u00edculo si recibe un golpe leve o le avisan que su llanta est\u00e1 baja; si su negocio no est\u00e1 operando colocar protecci\u00f3n perimetral y alarmas.<\/p>\n<p><em><a href=\"mailto:rvizcainoa@gmail.com\" target=\"_blank\" rel=\"noopener noreferrer\">rvizcainoa@gmail.com<\/a><br \/>\n<u><a href=\"http:\/\/endirecto.mx\" target=\"_blank\" rel=\"noopener noreferrer\">www.endirecto.mx<\/a><br \/>\n<a href=\"https:\/\/twitter.com\/_rvizcaino\" target=\"_blank\" rel=\"noopener noreferrer\">@_RVizcaino<\/a><br \/>\n<a href=\"https:\/\/www.facebook.com\/rvizcainoa\" target=\"_blank\" rel=\"noopener noreferrer\">facebook.com\/rvizcainoa<\/a><\/u><\/em><\/p>\n","protected":false},"excerpt":{"rendered":"<p><span style=\"color: #005497;\"><strong>Roberto Vizca\u00edno<\/strong><\/span><br \/>\n<br \/>\nA sus 86 a\u00f1os y con una vida cumplida en los m\u00e1s altos cargos en el gobierno, aspirante en varias ocasiones a la Presidencia de la Rep\u00fablica, y con un paso como el \u00fanico pol\u00edtico que ha sido presidente de tres partidos pol\u00edticos nacionales, absolutamente consciente de que ya s\u00f3lo le queda pasar a la historia, <strong>Porfirio Mu\u00f1oz Ledo <\/strong>advierte (obviamente a <strong>Andr\u00e9s Manuel L\u00f3pez Obrador<\/strong>): \u201cno soy borrego\u2026 no me van a callar\u201d<\/p>\n","protected":false},"author":3,"featured_media":467954,"comment_status":"open","ping_status":"open","sticky":false,"template":"","format":"standard","meta":{"_monsterinsights_skip_tracking":false,"_monsterinsights_sitenote_active":false,"_monsterinsights_sitenote_note":"","_monsterinsights_sitenote_category":0,"footnotes":""},"categories":[136],"tags":[43674,93,94],"class_list":["post-467933","post","type-post","status-publish","format-standard","has-post-thumbnail","hentry","category-roberto-vizcaino-opinion","tag-opinion","tag-roberto-vizcaino","tag-tras-la-puerta-del-poder"],"_links":{"self":[{"href":"https:\/\/www.diarioimagen.net\/index.php?rest_route=\/wp\/v2\/posts\/467933","targetHints":{"allow":["GET"]}}],"collection":[{"href":"https:\/\/www.diarioimagen.net\/index.php?rest_route=\/wp\/v2\/posts"}],"about":[{"href":"https:\/\/www.diarioimagen.net\/index.php?rest_route=\/wp\/v2\/types\/post"}],"author":[{"embeddable":true,"href":"https:\/\/www.diarioimagen.net\/index.php?rest_route=\/wp\/v2\/users\/3"}],"replies":[{"embeddable":true,"href":"https:\/\/www.diarioimagen.net\/index.php?rest_route=%2Fwp%2Fv2%2Fcomments&post=467933"}],"version-history":[{"count":0,"href":"https:\/\/www.diarioimagen.net\/index.php?rest_route=\/wp\/v2\/posts\/467933\/revisions"}],"wp:featuredmedia":[{"embeddable":true,"href":"https:\/\/www.diarioimagen.net\/index.php?rest_route=\/wp\/v2\/media\/467954"}],"wp:attachment":[{"href":"https:\/\/www.diarioimagen.net\/index.php?rest_route=%2Fwp%2Fv2%2Fmedia&parent=467933"}],"wp:term":[{"taxonomy":"category","embeddable":true,"href":"https:\/\/www.diarioimagen.net\/index.php?rest_route=%2Fwp%2Fv2%2Fcategories&post=467933"},{"taxonomy":"post_tag","embeddable":true,"href":"https:\/\/www.diarioimagen.net\/index.php?rest_route=%2Fwp%2Fv2%2Ftags&post=467933"}],"curies":[{"name":"wp","href":"https:\/\/api.w.org\/{rel}","templated":true}]}}