{"id":468020,"date":"2020-05-08T00:02:22","date_gmt":"2020-05-08T05:02:22","guid":{"rendered":"https:\/\/www.diarioimagen.net\/?p=468020"},"modified":"2020-05-08T00:13:42","modified_gmt":"2020-05-08T05:13:42","slug":"cifras-de-lopez-gatell-no-son-creibles-frenk-y-narro","status":"publish","type":"post","link":"https:\/\/www.diarioimagen.net\/?p=468020","title":{"rendered":"Cifras de L\u00f3pez-Gatell\u00a0 no son cre\u00edbles: Frenk y Narro"},"content":{"rendered":"<h2>La Retaguardia<\/h2>\n<h5>Adriana Moreno Cordero<\/h5>\n<p><em>\u00a0<\/em><\/p>\n<ul>\n<li><strong><em>Urge reactivaci\u00f3n econ\u00f3mica del pa\u00eds: Ricardo Gallardo<\/em><\/strong><\/li>\n<\/ul>\n<p>&nbsp;<\/p>\n<p>La semana cierra y los atinados manejos del presidente <strong>Andr\u00e9s Manuel L\u00f3pez Obrador<\/strong> han terminado por enfrentarlo con todo mundo, situaci\u00f3n que se polariz\u00f3 a\u00fan m\u00e1s por la\u00a0 pandemia de Covid-19, misma que el tabasque\u00f1o tampoco ha sabido manejar, por eso, destacados exsecretarios de Salud como <strong>Jos\u00e9 Narro Robles<\/strong> y <strong>Julio Frenk<\/strong>, han cuestionado duramente las cifras que maneja en sus conferencias de prensa el subsecretario <strong>Hugo L\u00f3pez-Gatell<\/strong>, que ni son cre\u00edbles y menos a\u00fan, informan de la realidad dram\u00e1tica que se vive. Todo parece indicar que el subsecretario act\u00faa as\u00ed por instrucciones del Presidente y con fines pol\u00edticos muy identificados<\/p>\n<p>El desprecio del Ejecutivo por los empresarios se hizo m\u00e1s que patente y en un acto que pareci\u00f3 hasta grosero, cuando \u00e9stos le presentaron sus 68 puntos para reactivar la econom\u00eda, L\u00f3pez Obrador rechaz\u00f3 recibirlos y los canaliz\u00f3 ni m\u00e1s ni menos que con la flamante secretaria de Econom\u00eda, <strong>Graciela M\u00e1rquez<\/strong>, quien junto con su subsecretario de Industria, Comercio y Competitividad, <strong>Ernesto Acevedo Fern\u00e1ndez,<\/strong> hab\u00eda guardado coincidencias con los proyectos de los empresarios, inclusive cuando la IP negoci\u00f3 con el Banco Interamericano de Desarrollo<\/p>\n<p>En la semana que concluye, en anterior entrega, se destac\u00f3 en este espacio las coincidencias que guardan dicho subsecretario con el ex secretario de Econom\u00eda de la anterior administraci\u00f3n, <strong>Ildefonso Guajardo,<\/strong> y que bien vale la pena recordar:<\/p>\n<p>\u201cResulta que Acevedo Fern\u00e1ndez, considera que la crisis econ\u00f3mica durar\u00e1 algo as\u00ed como 19 meses, porque se trata de una crisis in\u00e9dita, jam\u00e1s vista en la historia del pa\u00eds.<\/p>\n<p>Significativo, sin duda, que en esto coincida Ildefonso Guajardo, secretario de Econom\u00eda, durante la \u00e9poca pe\u00f1ista, y uno de los representante de las tesis neoliberales, que adem\u00e1s advierte que la ca\u00edda del Producto Interno Bruto del pa\u00eds (PIB), (ese mismo indicador que ya le dio por despreciar al presidente para enfocarse en lo espiritual), podr\u00eda ser hasta de 10 por ciento, sobre todo por el periodo que se han mantenido paralizadas las empresas como producto de la pandemia mundial del Covid-19.<\/p>\n<p>Y para sortear esta crisis, Guajardo propone implementar protocolos sanitarios por tipo de empresa para reactivar los trabajos de ellas de manera segura para todos, en lo que coindice tambi\u00e9n, -qu\u00e9 curioso-, la llamada 4T. Estas posturas demuestran que s\u00ed es posible juntar el agua y el aceite. \u00bfSer\u00e1?\u201d.<\/p>\n<p>Por lo menos, un par de miembros del gabinete l\u00f3pezobradorista, saldr\u00e1n rega\u00f1ados porque los v\u00ednculos de su gente solo pueden ser con el \u201cpueblo sabio y bueno\u201d del que tanto echa mano el tabasque\u00f1o.<\/p>\n<p>Y por si alguna duda le quedara a su equipo, el propio Ejecutivo fue el encargado de guardar el pa\u00f1uelo blanco a modo de banderita de paz y afirm\u00f3 que si una empresa quiebra, los empresarios y socios tendr\u00e1n que asumir la responsabilidad, porque el Estado no est\u00e1 para rescatar a quienes llam\u00f3 los \u201cpotentados\u201d y actuar\u00e1 sin otorgar privilegios. Pero eso s\u00ed, cuando se trat\u00f3 de vender boletos para su aberrante rifa\u00a0 del avi\u00f3n no-avi\u00f3n, el tabasque\u00f1o no tuvo empacho alguno para convocarlos y \u201cpasarles la charola\u201d.<\/p>\n<p>Con la pandemia del coronavirus, el presidente encontr\u00f3 la mejor forma de pagarles a los empresarios, dej\u00e1ndolos sin su apoyo.<\/p>\n<p>El discurso del Presidente en su gustad\u00edsimo <em>stand-up<\/em> no tiene desperdicio, pero por las contradicciones y aberraciones en las que cae:<\/p>\n<p>\u201cNosotros no vamos a continuar con m\u00e1s de lo mismo, no van a haber rescates para potentados, si hay quiebra de una empresa, pues que sea el empresario el que asuma la responsabilidad o los socios, o accionistas, porque el Estado tiene que proteger a todos y no actuar otorgando privilegios para nadie.<\/p>\n<p>\u201cEs una gran injusticia, una inmoralidad utilizar al Estado para rescatar a empresas o a instituciones financieras en quiebra, si se trata de rescate pues hay que hacerlo pensando en los que m\u00e1s lo necesitan, no regresar a lo que sucedi\u00f3 en el Fobaproa, de bancos quebrados, banqueros ricos\u201d.<\/p>\n<p>La ruptura pues entre el Presidente y la IP, es irremediable.<\/p>\n<p style=\"text-align: center;\"><strong>Municiones<\/strong><\/p>\n<p>*** Al participar en videoconferencia de prensa, el diputado federal del PVEM, <strong>Ricardo Gallardo Cardona<\/strong> afirm\u00f3 que es urgente que los legisladores se pongan a trabajar para iniciar la reactivaci\u00f3n econ\u00f3mica del pa\u00eds, la recuperaci\u00f3n de empleos, los est\u00edmulos fiscales, y la salud de todos los mexicanos.\u00a0Explic\u00f3 que no se puede trabajar con un presupuesto prepandemia, cuando es otra la realidad cr\u00edtica que se vive en M\u00e9xico. En este sentido, el legislador por San Luis Potos\u00ed, subray\u00f3 que los diputados deben ser punta de lanza ante la pandemia por el Covid-19 y la que se espera sea la recesi\u00f3n m\u00e1s grande de la historia de M\u00e9xico, por lo que se\u00f1al\u00f3 que debe haber una reestructuraci\u00f3n a fondo del presupuesto federal, porque es un tema muy atrasado en el que el Congreso se ha tardado en trabajar.<\/p>\n<p>\u201cEn el Partido Verde estamos a favor de que se haga la modificaci\u00f3n (a la Ley Federal de Presupuesto y Responsabilidad Hacendaria), pero que se haga ya\u201d.\u00a0Argument\u00f3 Gallardo Cardona que es imposible seguir con un presupuesto armado antes de la pandemia, cuando ahora es otra muy diferente la realidad, \u201ca tiempos extraordinarios, estrategias extraordinarias\u201d.\u00a0Urgi\u00f3 el diputado por SLP a una revisi\u00f3n sobre c\u00f3mo est\u00e1n manejando el presupuesto los estados y municipios, ya que lamentablemente no faltan los que est\u00e1n lucrando con la tragedia.\u00a0Un ejemplo palpable de esto \u00faltimo es el caso de la capital potosina donde, como se recordar\u00e1, se prefiri\u00f3 destinar m\u00e1s de 400 millones de pesos para comprar luminarias que no eran necesarias y que adem\u00e1s tienen sobreprecio, acci\u00f3n que el propio Ricardo Gallardo denunciar\u00e1 ante la Secretar\u00eda de la Funci\u00f3n P\u00fablica y la Fiscal\u00eda General de la Republica, para que investiguen esta irregularidad.<\/p>\n<p>*** En esa misma videoconferencia, por otro lado, el diputado Gallardo pidi\u00f3\u00a0el cese del delegado de la Profeco en San Luis Potos\u00ed, <strong>Carlos Rebolledo S\u00e1nchez<\/strong>, por no atender m\u00faltiples denuncias por abusos de gasoliner\u00edas y comercializadoras de productos b\u00e1sicos, como leche y huevo, en plena pandemia. Indic\u00f3 que la Profeco en esa entidad es inoperante y desde el sexenio anterior est\u00e1 a cargo de un panista que es amigo de la mayor\u00eda de los grandes empresarios de la entidad, por lo cual los solapa. Finalmente, el diputado del PVEM, refiri\u00f3 que por ello en San Luis Potos\u00ed, tard\u00f3 m\u00e1s de un mes en bajar el precio de la gasolina, pues cuando en mucho lugares ya se encontraba en 13 pesos, ah\u00ed segu\u00eda en 18, adem\u00e1s de que algunos establecimientos siguen vendiendo litros incompletos, y se han disparado los precios del huevo y la leche.<\/p>\n<p><u><a href=\"mailto:morcora@gmail.com\" target=\"_blank\" rel=\"noopener noreferrer\"><em>morcora@gmail.com<\/em><\/a><\/u><\/p>\n","protected":false},"excerpt":{"rendered":"<p><span style=\"color: #005497;\"><strong>Adriana Moreno Cordero<\/strong><\/span><\/p>\n","protected":false},"author":3,"featured_media":0,"comment_status":"open","ping_status":"open","sticky":false,"template":"","format":"standard","meta":{"_monsterinsights_skip_tracking":false,"_monsterinsights_sitenote_active":false,"_monsterinsights_sitenote_note":"","_monsterinsights_sitenote_category":0,"footnotes":""},"categories":[69370],"tags":[69369,69368,43674],"class_list":["post-468020","post","type-post","status-publish","format-standard","hentry","category-adriana-moreno-cordero","tag-adriana-moreno-cordero","tag-la-retaguardia","tag-opinion"],"_links":{"self":[{"href":"https:\/\/www.diarioimagen.net\/index.php?rest_route=\/wp\/v2\/posts\/468020","targetHints":{"allow":["GET"]}}],"collection":[{"href":"https:\/\/www.diarioimagen.net\/index.php?rest_route=\/wp\/v2\/posts"}],"about":[{"href":"https:\/\/www.diarioimagen.net\/index.php?rest_route=\/wp\/v2\/types\/post"}],"author":[{"embeddable":true,"href":"https:\/\/www.diarioimagen.net\/index.php?rest_route=\/wp\/v2\/users\/3"}],"replies":[{"embeddable":true,"href":"https:\/\/www.diarioimagen.net\/index.php?rest_route=%2Fwp%2Fv2%2Fcomments&post=468020"}],"version-history":[{"count":0,"href":"https:\/\/www.diarioimagen.net\/index.php?rest_route=\/wp\/v2\/posts\/468020\/revisions"}],"wp:attachment":[{"href":"https:\/\/www.diarioimagen.net\/index.php?rest_route=%2Fwp%2Fv2%2Fmedia&parent=468020"}],"wp:term":[{"taxonomy":"category","embeddable":true,"href":"https:\/\/www.diarioimagen.net\/index.php?rest_route=%2Fwp%2Fv2%2Fcategories&post=468020"},{"taxonomy":"post_tag","embeddable":true,"href":"https:\/\/www.diarioimagen.net\/index.php?rest_route=%2Fwp%2Fv2%2Ftags&post=468020"}],"curies":[{"name":"wp","href":"https:\/\/api.w.org\/{rel}","templated":true}]}}