{"id":468072,"date":"2020-05-08T00:02:25","date_gmt":"2020-05-08T05:02:25","guid":{"rendered":"https:\/\/www.diarioimagen.net\/?p=468072"},"modified":"2020-05-08T01:46:00","modified_gmt":"2020-05-08T06:46:00","slug":"tlalnepantla-reitera-que-panteones-estan-cerrados-para-visitas","status":"publish","type":"post","link":"https:\/\/www.diarioimagen.net\/?p=468072","title":{"rendered":"Tlalnepantla reitera que panteones est\u00e1n cerrados para visitas"},"content":{"rendered":"<p><a href=\"https:\/\/www.diarioimagen.net\/?attachment_id=468114\" rel=\"attachment wp-att-468114\"><img loading=\"lazy\" decoding=\"async\" class=\"aligncenter size-large wp-image-468114\" src=\"https:\/\/www.diarioimagen.net\/wp-content\/uploads\/2020\/05\/tlalnepantla-3-460x259.jpg\" alt=\"\" width=\"460\" height=\"259\" srcset=\"https:\/\/www.diarioimagen.net\/wp-content\/uploads\/2020\/05\/tlalnepantla-3-460x259.jpg 460w, https:\/\/www.diarioimagen.net\/wp-content\/uploads\/2020\/05\/tlalnepantla-3-240x135.jpg 240w, https:\/\/www.diarioimagen.net\/wp-content\/uploads\/2020\/05\/tlalnepantla-3-235x132.jpg 235w, https:\/\/www.diarioimagen.net\/wp-content\/uploads\/2020\/05\/tlalnepantla-3-202x114.jpg 202w, https:\/\/www.diarioimagen.net\/wp-content\/uploads\/2020\/05\/tlalnepantla-3-350x196.jpg 350w, https:\/\/www.diarioimagen.net\/wp-content\/uploads\/2020\/05\/tlalnepantla-3-220x123.jpg 220w, https:\/\/www.diarioimagen.net\/wp-content\/uploads\/2020\/05\/tlalnepantla-3-237x132.jpg 237w, https:\/\/www.diarioimagen.net\/wp-content\/uploads\/2020\/05\/tlalnepantla-3.jpg 480w\" sizes=\"auto, (max-width: 460px) 100vw, 460px\" \/><\/a><\/p>\n<p>&nbsp;<\/p>\n<p><strong>Tlalnepantla, Estado de M\u00e9xico<\/strong><strong>.- <\/strong>El Gobierno local reitera que los panteones municipales permanecen cerrados para visitas hasta nuevo aviso como parte de las medidas para evitar la propagaci\u00f3n del COVID-19, por lo que exhorta a la ciudadan\u00eda a no acudir el pr\u00f3ximo 10 de mayo.<\/p>\n<p>Esta medida se aplica para evitar concentraci\u00f3n de personas y reducir la movilidad, ya que mantener la sana distancia es una de las principales acciones de prevenci\u00f3n durante la Fase 3 de la emergencia sanitaria. Para tr\u00e1mites de inhumaci\u00f3n y otros servicios, los ciudadanos deben comunicarse al tel\u00e9fono 555366 3800 ext. 3730, donde se les brindar\u00e1 la informaci\u00f3n correspondiente de los 17 panteones municipales.<\/p>\n","protected":false},"excerpt":{"rendered":"<p>El Gobierno local reitera que los panteones municipales permanecen cerrados para visitas hasta nuevo aviso como parte de las medidas para evitar la propagaci\u00f3n del COVID-19, por lo que exhorta a la ciudadan\u00eda a no acudir el pr\u00f3ximo 10 de mayo.<\/p>\n","protected":false},"author":3,"featured_media":468114,"comment_status":"open","ping_status":"open","sticky":false,"template":"","format":"standard","meta":{"_monsterinsights_skip_tracking":false,"_monsterinsights_sitenote_active":false,"_monsterinsights_sitenote_note":"","_monsterinsights_sitenote_category":0,"footnotes":""},"categories":[5],"tags":[90794,16796,43675,13777,169],"class_list":["post-468072","post","type-post","status-publish","format-standard","has-post-thumbnail","hentry","category-estado-de-mexico","tag-cerrados","tag-contingencia","tag-estado-de-mexico","tag-panteones","tag-tlalnepantla"],"_links":{"self":[{"href":"https:\/\/www.diarioimagen.net\/index.php?rest_route=\/wp\/v2\/posts\/468072","targetHints":{"allow":["GET"]}}],"collection":[{"href":"https:\/\/www.diarioimagen.net\/index.php?rest_route=\/wp\/v2\/posts"}],"about":[{"href":"https:\/\/www.diarioimagen.net\/index.php?rest_route=\/wp\/v2\/types\/post"}],"author":[{"embeddable":true,"href":"https:\/\/www.diarioimagen.net\/index.php?rest_route=\/wp\/v2\/users\/3"}],"replies":[{"embeddable":true,"href":"https:\/\/www.diarioimagen.net\/index.php?rest_route=%2Fwp%2Fv2%2Fcomments&post=468072"}],"version-history":[{"count":0,"href":"https:\/\/www.diarioimagen.net\/index.php?rest_route=\/wp\/v2\/posts\/468072\/revisions"}],"wp:featuredmedia":[{"embeddable":true,"href":"https:\/\/www.diarioimagen.net\/index.php?rest_route=\/wp\/v2\/media\/468114"}],"wp:attachment":[{"href":"https:\/\/www.diarioimagen.net\/index.php?rest_route=%2Fwp%2Fv2%2Fmedia&parent=468072"}],"wp:term":[{"taxonomy":"category","embeddable":true,"href":"https:\/\/www.diarioimagen.net\/index.php?rest_route=%2Fwp%2Fv2%2Fcategories&post=468072"},{"taxonomy":"post_tag","embeddable":true,"href":"https:\/\/www.diarioimagen.net\/index.php?rest_route=%2Fwp%2Fv2%2Ftags&post=468072"}],"curies":[{"name":"wp","href":"https:\/\/api.w.org\/{rel}","templated":true}]}}