{"id":468134,"date":"2020-05-11T00:05:05","date_gmt":"2020-05-11T05:05:05","guid":{"rendered":"https:\/\/www.diarioimagen.net\/?p=468134"},"modified":"2020-05-11T01:31:57","modified_gmt":"2020-05-11T06:31:57","slug":"egresados-de-la-uaem-continuan-titulandose-a-distancia","status":"publish","type":"post","link":"https:\/\/www.diarioimagen.net\/?p=468134","title":{"rendered":"Egresados de la UAEM contin\u00faan titul\u00e1ndose a distancia"},"content":{"rendered":"<ul>\n<li><strong><em>Realizan su evaluaci\u00f3n profesional en l\u00ednea<\/em><\/strong><\/li>\n<\/ul>\n<p>&nbsp;<\/p>\n<div id=\"attachment_468179\" style=\"width: 470px\" class=\"wp-caption aligncenter\"><a href=\"https:\/\/www.diarioimagen.net\/?attachment_id=468179\" rel=\"attachment wp-att-468179\"><img loading=\"lazy\" decoding=\"async\" aria-describedby=\"caption-attachment-468179\" class=\"size-large wp-image-468179\" src=\"https:\/\/www.diarioimagen.net\/wp-content\/uploads\/2020\/05\/UAEM11-460x259.jpg\" alt=\"\" width=\"460\" height=\"259\" srcset=\"https:\/\/www.diarioimagen.net\/wp-content\/uploads\/2020\/05\/UAEM11-460x259.jpg 460w, https:\/\/www.diarioimagen.net\/wp-content\/uploads\/2020\/05\/UAEM11-240x135.jpg 240w, https:\/\/www.diarioimagen.net\/wp-content\/uploads\/2020\/05\/UAEM11-235x132.jpg 235w, https:\/\/www.diarioimagen.net\/wp-content\/uploads\/2020\/05\/UAEM11-202x114.jpg 202w, https:\/\/www.diarioimagen.net\/wp-content\/uploads\/2020\/05\/UAEM11-350x196.jpg 350w, https:\/\/www.diarioimagen.net\/wp-content\/uploads\/2020\/05\/UAEM11-220x123.jpg 220w, https:\/\/www.diarioimagen.net\/wp-content\/uploads\/2020\/05\/UAEM11-237x132.jpg 237w, https:\/\/www.diarioimagen.net\/wp-content\/uploads\/2020\/05\/UAEM11.jpg 480w\" sizes=\"auto, (max-width: 460px) 100vw, 460px\" \/><\/a><p id=\"caption-attachment-468179\" class=\"wp-caption-text\">Egresados realizan su evaluaci\u00f3n profesional en l\u00ednea y se grad\u00faan en la Licenciatura en Arte Digital por la Universidad Aut\u00f3noma del Estado de M\u00e9xico.<\/p><\/div>\n<p>&nbsp;<\/p>\n<p><strong>Toluca, Estado de M\u00e9xico.\u2013 <\/strong>En medio de la pandemia por la Covid-19, Daniela Carrillo Jard\u00f3n y M\u00f3nica Alejandra Gonz\u00e1lez M\u00e1rquez realizaron su evaluaci\u00f3n profesional en l\u00ednea y se graduaron como licenciadas en Arte Digital por la Universidad Aut\u00f3noma del Estado de M\u00e9xico.<\/p>\n<p>Las egresadas de la Facultad de Artes se titularon bajo la modalidad de obra art\u00edstica, mediante el proyecto \u201cLa cosificaci\u00f3n como objeto de goce a trav\u00e9s de los medios de comunicaci\u00f3n\u201d.<\/p>\n<p>El trabajo, enfocado en la cosificaci\u00f3n de las mujeres, consisti\u00f3 en la presentaci\u00f3n y explicaci\u00f3n de siete piezas art\u00edsticas -video instalaciones, mappings, gifs y m\u00e1scaras- que las egresadas realizaron a lo largo de su formaci\u00f3n profesional.<\/p>\n<p>Mediante su trabajo abordan aspectos como la inconformidad con la sociedad, el suicidio, los c\u00e1nones de belleza a lo largo de la historia y las cirug\u00edas pl\u00e1sticas. \u201cAlgunas de las piezas fueron interactivas y los asistentes tuvieron la oportunidad de tener un contacto directo con ellas\u201d.<\/p>\n<p>Carrillo Jard\u00f3n y Gonz\u00e1lez M\u00e1rquez se interesaron en c\u00f3mo, a trav\u00e9s de la tecnolog\u00eda de los dispositivos m\u00f3viles, es muy f\u00e1cil transformar el cuerpo humano y reestructurar nuestra imagen.<\/p>\n<p>\u201cLos filtros de diversas aplicaciones de los tel\u00e9fonos celulares van de la mano de las necesidades de aceptaci\u00f3n de la poblaci\u00f3n y se traducen en m\u00e1s likes, visitas y seguidores\u201d.<\/p>\n<p>El arte, puntualizaron, es una salida, un deshago; permite observar y analizar qu\u00e9 pasa en la sociedad. \u201cEste tema termin\u00f3 siendo muy personal y buscamos evidenciar los estereotipos que persisten en la sociedad\u201d.<\/p>\n<p>Detallaron que el proyecto estuvo acompa\u00f1ado de una investigaci\u00f3n escrita mediante la que abordaron el cuerpo situado como objeto, la mirada y su objetualizaci\u00f3n, la cosificaci\u00f3n llevada a la vida cotidiana, as\u00ed como los medios de comunicaci\u00f3n como precursores de la cosificaci\u00f3n.<\/p>\n<p>Daniela Carrillo Jard\u00f3n y M\u00f3nica Alejandra Gonz\u00e1lez M\u00e1rquez consideraron que una evaluaci\u00f3n en l\u00ednea no se puede comparar con una presencial; sin embargo, es esencial que la academia se adapte a las nuevas formas de vida.<\/p>\n","protected":false},"excerpt":{"rendered":"<p>En medio de la pandemia por la Covid-19, Daniela Carrillo Jard\u00f3n y M\u00f3nica Alejandra Gonz\u00e1lez M\u00e1rquez realizaron su evaluaci\u00f3n profesional en l\u00ednea y se graduaron como licenciadas en Arte Digital por la Universidad Aut\u00f3noma del Estado de M\u00e9xico.<\/p>\n","protected":false},"author":3,"featured_media":468179,"comment_status":"open","ping_status":"open","sticky":false,"template":"","format":"standard","meta":{"_monsterinsights_skip_tracking":false,"_monsterinsights_sitenote_active":false,"_monsterinsights_sitenote_note":"","_monsterinsights_sitenote_category":0,"footnotes":""},"categories":[5],"tags":[90910,43675,90911,452],"class_list":["post-468134","post","type-post","status-publish","format-standard","has-post-thumbnail","hentry","category-estado-de-mexico","tag-en-llinea","tag-estado-de-mexico","tag-titularse","tag-toluca"],"_links":{"self":[{"href":"https:\/\/www.diarioimagen.net\/index.php?rest_route=\/wp\/v2\/posts\/468134","targetHints":{"allow":["GET"]}}],"collection":[{"href":"https:\/\/www.diarioimagen.net\/index.php?rest_route=\/wp\/v2\/posts"}],"about":[{"href":"https:\/\/www.diarioimagen.net\/index.php?rest_route=\/wp\/v2\/types\/post"}],"author":[{"embeddable":true,"href":"https:\/\/www.diarioimagen.net\/index.php?rest_route=\/wp\/v2\/users\/3"}],"replies":[{"embeddable":true,"href":"https:\/\/www.diarioimagen.net\/index.php?rest_route=%2Fwp%2Fv2%2Fcomments&post=468134"}],"version-history":[{"count":0,"href":"https:\/\/www.diarioimagen.net\/index.php?rest_route=\/wp\/v2\/posts\/468134\/revisions"}],"wp:featuredmedia":[{"embeddable":true,"href":"https:\/\/www.diarioimagen.net\/index.php?rest_route=\/wp\/v2\/media\/468179"}],"wp:attachment":[{"href":"https:\/\/www.diarioimagen.net\/index.php?rest_route=%2Fwp%2Fv2%2Fmedia&parent=468134"}],"wp:term":[{"taxonomy":"category","embeddable":true,"href":"https:\/\/www.diarioimagen.net\/index.php?rest_route=%2Fwp%2Fv2%2Fcategories&post=468134"},{"taxonomy":"post_tag","embeddable":true,"href":"https:\/\/www.diarioimagen.net\/index.php?rest_route=%2Fwp%2Fv2%2Ftags&post=468134"}],"curies":[{"name":"wp","href":"https:\/\/api.w.org\/{rel}","templated":true}]}}