{"id":468158,"date":"2020-05-11T00:02:50","date_gmt":"2020-05-11T05:02:50","guid":{"rendered":"https:\/\/www.diarioimagen.net\/?p=468158"},"modified":"2020-05-11T01:45:29","modified_gmt":"2020-05-11T06:45:29","slug":"aplaude-david-parra-sanchez-trabajos-de-gobiernos-locales-contra-covid-19","status":"publish","type":"post","link":"https:\/\/www.diarioimagen.net\/?p=468158","title":{"rendered":"Aplaude David Parra S\u00e1nchez trabajos de gobiernos locales contra Covid-19"},"content":{"rendered":"<ul>\n<li><strong><em>Llamado a la poblaci\u00f3n a permanecer en casa<\/em><\/strong><\/li>\n<\/ul>\n<p>&nbsp;<\/p>\n<div id=\"attachment_468207\" style=\"width: 470px\" class=\"wp-caption aligncenter\"><a href=\"https:\/\/www.diarioimagen.net\/?attachment_id=468207\" rel=\"attachment wp-att-468207\"><img loading=\"lazy\" decoding=\"async\" aria-describedby=\"caption-attachment-468207\" class=\"size-large wp-image-468207\" src=\"https:\/\/www.diarioimagen.net\/wp-content\/uploads\/2020\/05\/naucalpan-4-460x259.jpg\" alt=\"\" width=\"460\" height=\"259\" srcset=\"https:\/\/www.diarioimagen.net\/wp-content\/uploads\/2020\/05\/naucalpan-4-460x259.jpg 460w, https:\/\/www.diarioimagen.net\/wp-content\/uploads\/2020\/05\/naucalpan-4-240x135.jpg 240w, https:\/\/www.diarioimagen.net\/wp-content\/uploads\/2020\/05\/naucalpan-4-235x132.jpg 235w, https:\/\/www.diarioimagen.net\/wp-content\/uploads\/2020\/05\/naucalpan-4-202x114.jpg 202w, https:\/\/www.diarioimagen.net\/wp-content\/uploads\/2020\/05\/naucalpan-4-350x196.jpg 350w, https:\/\/www.diarioimagen.net\/wp-content\/uploads\/2020\/05\/naucalpan-4-220x123.jpg 220w, https:\/\/www.diarioimagen.net\/wp-content\/uploads\/2020\/05\/naucalpan-4-237x132.jpg 237w, https:\/\/www.diarioimagen.net\/wp-content\/uploads\/2020\/05\/naucalpan-4.jpg 480w\" sizes=\"auto, (max-width: 460px) 100vw, 460px\" \/><\/a><p id=\"caption-attachment-468207\" class=\"wp-caption-text\">David Parra S\u00e1nchez hizo un llamado urgente a la poblaci\u00f3n mexiquense a permanecer en casa, as\u00ed como atender las medidas sanitarias con responsabilidad.<\/p><\/div>\n<p>&nbsp;<\/p>\n<p><strong>Naucalpan, Estado de M\u00e9xico<\/strong><strong>.- <\/strong>El l\u00edder social David Parra S\u00e1nchez hizo un llamado urgente a la poblaci\u00f3n mexiquense a permanecer en casa, as\u00ed como atender las medidas sanitarias con responsabilidad y no bajar la guardia de cara a la etapa de mayor contagio.<\/p>\n<p>Parra S\u00e1nchez, reconoci\u00f3 y aplaudi\u00f3 las acciones emprendidas para evitar contagios por el Covid-19, del gobierno del Estado de M\u00e9xico que encabeza el gobernador Alfredo Del Mazo y de la presidenta municipal de Naucalpan, Patricia Dur\u00e1n Reveles, al destacar que \u201cdesde el inicio de esta emergencia sanitaria se han llevado a cabo procesos de supervisi\u00f3n conjunta con el sector Salud y la Secretar\u00eda de Seguridad estatal, sumado al apoyo de instancias federales para evitar el contagio masivo, es por ello qu\u00e9 hay qu\u00e9 seguir las recomendaciones de los tres \u00f3rdenes de gobierno\u201d, dijo.<\/p>\n<p>De igual forma, el asesor general del Sindicato \u00danico de Trabajadores del Estado y sus municipios (SUTEyM) , puntualiz\u00f3 que de acuerdo con el monitoreo y reporte diario que se efect\u00faa desde el Centro de Control, Comando, Comunicaci\u00f3n, Computo y Calidad (C5), la movilidad de la gente ha bajado hasta en un 60 por ciento, lo que sin duda ayudar\u00e1 a evitar el contagio del coronavirus.<\/p>\n<p>\u201cEl Gobierno del Estado de M\u00e9xico y el de Naucalpan, han hecho una buena labor para llamar a la poblaci\u00f3n a quedarse en casa o respetar las medidas como son la sana distancia, lavarse constantemente las manos y usar cubrebocas\u00bb dijo.<\/p>\n<p>El tambien asesor de la CONFEPIDER, reconoci\u00f3 que reducir el volumen de movilidad ha sido un tema dif\u00edcil, pero no imposible, en el que se ha tenido especial cuidado en los 125 municipios de la entidad, dando \u00e9nfasis en zonas de mayor movilidad como Nezahualc\u00f3yotl, Ecatepec, Toluca, la parte central del Valle de Toluca, as\u00ed como Zinacantepec, Amecameca, Chicoloapan y Lerma, entre otros\u00bb, abund\u00f3.<\/p>\n<p>Finalmente, David Parra exhort\u00f3 ante el D\u00eda de la Madre, a la sociedad en general a no bajar la guardia y festejar a distancia, al tiempo de reconocer la responsabilidad con la que autoridades locales y estatales han aceptado que la mayor parte de los panteones de la entidad permanecieran cerrados este 10 de mayo.<\/p>\n","protected":false},"excerpt":{"rendered":"<p>El l\u00edder social David Parra S\u00e1nchez hizo un llamado urgente a la poblaci\u00f3n mexiquense a permanecer en casa, as\u00ed como atender las medidas sanitarias con responsabilidad y no bajar la guardia de cara a la etapa de mayor contagio.<\/p>\n","protected":false},"author":3,"featured_media":468207,"comment_status":"open","ping_status":"open","sticky":false,"template":"","format":"standard","meta":{"_monsterinsights_skip_tracking":false,"_monsterinsights_sitenote_active":false,"_monsterinsights_sitenote_note":"","_monsterinsights_sitenote_category":0,"footnotes":""},"categories":[5],"tags":[90913,90021,29035,43675,970],"class_list":["post-468158","post","type-post","status-publish","format-standard","has-post-thumbnail","hentry","category-estado-de-mexico","tag-aplaude","tag-covid-19","tag-david-parra-sanchez","tag-estado-de-mexico","tag-naucalpan"],"_links":{"self":[{"href":"https:\/\/www.diarioimagen.net\/index.php?rest_route=\/wp\/v2\/posts\/468158","targetHints":{"allow":["GET"]}}],"collection":[{"href":"https:\/\/www.diarioimagen.net\/index.php?rest_route=\/wp\/v2\/posts"}],"about":[{"href":"https:\/\/www.diarioimagen.net\/index.php?rest_route=\/wp\/v2\/types\/post"}],"author":[{"embeddable":true,"href":"https:\/\/www.diarioimagen.net\/index.php?rest_route=\/wp\/v2\/users\/3"}],"replies":[{"embeddable":true,"href":"https:\/\/www.diarioimagen.net\/index.php?rest_route=%2Fwp%2Fv2%2Fcomments&post=468158"}],"version-history":[{"count":0,"href":"https:\/\/www.diarioimagen.net\/index.php?rest_route=\/wp\/v2\/posts\/468158\/revisions"}],"wp:featuredmedia":[{"embeddable":true,"href":"https:\/\/www.diarioimagen.net\/index.php?rest_route=\/wp\/v2\/media\/468207"}],"wp:attachment":[{"href":"https:\/\/www.diarioimagen.net\/index.php?rest_route=%2Fwp%2Fv2%2Fmedia&parent=468158"}],"wp:term":[{"taxonomy":"category","embeddable":true,"href":"https:\/\/www.diarioimagen.net\/index.php?rest_route=%2Fwp%2Fv2%2Fcategories&post=468158"},{"taxonomy":"post_tag","embeddable":true,"href":"https:\/\/www.diarioimagen.net\/index.php?rest_route=%2Fwp%2Fv2%2Ftags&post=468158"}],"curies":[{"name":"wp","href":"https:\/\/api.w.org\/{rel}","templated":true}]}}