{"id":468225,"date":"2020-05-11T00:08:33","date_gmt":"2020-05-11T05:08:33","guid":{"rendered":"https:\/\/www.diarioimagen.net\/?p=468225"},"modified":"2020-05-11T01:55:47","modified_gmt":"2020-05-11T06:55:47","slug":"hector-martinez-serrano-la-leyenda-de-la-radio","status":"publish","type":"post","link":"https:\/\/www.diarioimagen.net\/?p=468225","title":{"rendered":"H\u00e9ctor Mart\u00ednez Serrano, <em>La Leyenda de la radio<\/em>"},"content":{"rendered":"<h2>Detr\u00e1s del Poder<\/h2>\n<h5>Jos\u00e9 Antonio L\u00f3pez Sosa<\/h5>\n<p>&nbsp;<\/p>\n<p>En casa de mis abuelos, como en miles de casas del pa\u00eds all\u00e1 en la d\u00e9cada de los ochenta mi abuela se despertaba con la XEW, en el 900 de amplitud modulada y escuchaba a H\u00e9ctor Mart\u00ednez Serrano. mi abuelo escuchaba a Jos\u00e9 Guti\u00e9rrez Viv\u00f3 y al irse a trabajar, Mart\u00ednez Serrano dominaba la casa con su se\u00f1al.<\/p>\n<p>Generaciones enteras crecimos escuchando a Mart\u00ednez Serrano, ya al crecer a veces de acuerdo con \u00e9l y otras tantas no, pero la magia que tuvo hasta su \u00faltimo programa fue esa m\u00edstica que s\u00f3lo la radio como medio de comunicaci\u00f3n tiene, adem\u00e1s de la inmediatez, la calidez de una voz que te acompa\u00f1a, de una persona que literalmente entra en tu casa y te habla en lo personal, adem\u00e1s de en lo general.<\/p>\n<p>La interacci\u00f3n con su audiencia a trav\u00e9s de las llamadas telef\u00f3nicas y ya en su \u00faltima etapa en Radio Centro, a trav\u00e9s de las plataformas digitales le permiti\u00f3 a H\u00e9ctor Mart\u00ednez Serrano estar cerca de sus escuchas, en una complicidad que s\u00f3lo la radio provee, un c\u00edrculo de ida y vuelta donde se establece un v\u00ednculo de confianza que subsiste por a\u00f1os, tal como Mart\u00ednez Serrano lo tuvo con abuelos, hijos y nietos durante d\u00e9cadas.<\/p>\n<p>Su dominio de la voz como locutor, as\u00ed como su extenso lenguaje siempre aterrizado para hacerse entender, independientemente de la preparaci\u00f3n del radio escucha, le permiti\u00f3 ser atendido desde las clases m\u00e1s populares y menos educadas, hasta la oligarqu\u00eda y la clase pol\u00edtica del pa\u00eds. Siembre claro, conciso y con un comentario positivo atizando a las multitudes para salir adelante.<\/p>\n<p>H\u00e9ctor Mart\u00ednez Serrano es parte de la historia de la radio en M\u00e9xico, ese medio de comunicaci\u00f3n por dem\u00e1s esplendoroso que lejos de morir, se reinventa a trav\u00e9s de las nuevas tecnolog\u00edas, que le han permitido dejar de ser moment\u00e1nea y convertirse en un producto bajo demanda, que permanece en la nube para consulta, informaci\u00f3n o recreo de una gran cantidad de personas. La radio sigue siendo el medio de comunicaci\u00f3n m\u00e1s cercano a la gente por excelencia, la interacci\u00f3n que siempre tuvo H\u00e9ctor Mart\u00ednez Serrano con sus audiencias es ahora incluso m\u00e1s eficaz con tantos canales de comunicaci\u00f3n.<\/p>\n<p>Este reportero se dedica a la radio, del mismo modo que a la prensa escrita. Hay en la historia de este pa\u00eds, \u00edconos que nos hicieron un d\u00eda so\u00f1ar con estar en una cabina radiof\u00f3nica, con conversar con las audiencias y sobre todo, con formar parte de la vida cotidiana de las personas a trav\u00e9s de un aparato receptor de radio, entre esos \u00edconos estuvo el gran H\u00e9ctor Mart\u00ednez Serrano, que en paz descanse.<\/p>\n<p><em><a href=\"http:\/\/www.lopezsosa.com\" target=\"_blank\" rel=\"noopener noreferrer\">www.lopezsosa.com<\/a><\/em><br \/>\n<em><a href=\"mailto:joseantonio@lopezsosa.com\" target=\"_blank\" rel=\"noopener noreferrer\">joseantonio@lopezsosa.com<\/a><\/em><br \/>\n<a href=\"http:\/\/twitter.com\/joseantonio1977\" target=\"_blank\" rel=\"noopener noreferrer\">@joseantonio1977<\/a><\/p>\n","protected":false},"excerpt":{"rendered":"<p><span style=\"color: #005497;\"><strong>Jos\u00e9 Antonio L\u00f3pez Sosa<\/strong><\/span><\/p>\n","protected":false},"author":3,"featured_media":0,"comment_status":"open","ping_status":"open","sticky":false,"template":"","format":"standard","meta":{"_monsterinsights_skip_tracking":false,"_monsterinsights_sitenote_active":false,"_monsterinsights_sitenote_note":"","_monsterinsights_sitenote_category":0,"footnotes":""},"categories":[637],"tags":[638,43690,43674],"class_list":["post-468225","post","type-post","status-publish","format-standard","hentry","category-jose-antonio-lopez-sosa","tag-detras-del-poder","tag-jose-antonio-lopez-sosa","tag-opinion"],"_links":{"self":[{"href":"https:\/\/www.diarioimagen.net\/index.php?rest_route=\/wp\/v2\/posts\/468225","targetHints":{"allow":["GET"]}}],"collection":[{"href":"https:\/\/www.diarioimagen.net\/index.php?rest_route=\/wp\/v2\/posts"}],"about":[{"href":"https:\/\/www.diarioimagen.net\/index.php?rest_route=\/wp\/v2\/types\/post"}],"author":[{"embeddable":true,"href":"https:\/\/www.diarioimagen.net\/index.php?rest_route=\/wp\/v2\/users\/3"}],"replies":[{"embeddable":true,"href":"https:\/\/www.diarioimagen.net\/index.php?rest_route=%2Fwp%2Fv2%2Fcomments&post=468225"}],"version-history":[{"count":0,"href":"https:\/\/www.diarioimagen.net\/index.php?rest_route=\/wp\/v2\/posts\/468225\/revisions"}],"wp:attachment":[{"href":"https:\/\/www.diarioimagen.net\/index.php?rest_route=%2Fwp%2Fv2%2Fmedia&parent=468225"}],"wp:term":[{"taxonomy":"category","embeddable":true,"href":"https:\/\/www.diarioimagen.net\/index.php?rest_route=%2Fwp%2Fv2%2Fcategories&post=468225"},{"taxonomy":"post_tag","embeddable":true,"href":"https:\/\/www.diarioimagen.net\/index.php?rest_route=%2Fwp%2Fv2%2Ftags&post=468225"}],"curies":[{"name":"wp","href":"https:\/\/api.w.org\/{rel}","templated":true}]}}