{"id":468239,"date":"2020-05-12T00:03:14","date_gmt":"2020-05-12T05:03:14","guid":{"rendered":"https:\/\/www.diarioimagen.net\/?p=468239"},"modified":"2020-05-13T01:59:43","modified_gmt":"2020-05-13T06:59:43","slug":"desde-hoy-soldados-y-marinos-a-las-calles-y-podran-detener-en-flagrancia-a-cualquier-ciudadano","status":"publish","type":"post","link":"https:\/\/www.diarioimagen.net\/?p=468239","title":{"rendered":"Desde hoy, soldados y marinos, a las calles y podr\u00e1n detener en flagrancia a cualquier ciudadano"},"content":{"rendered":"<h2 style=\"text-align: center;\">Publican decreto presidencial<\/h2>\n<p>&nbsp;<\/p>\n<ul>\n<li><strong><em>L\u00f3pez Obrador ordena el regreso de militares a tareas de seguridad p\u00fablica, sin exceder un tiempo de 5 a\u00f1os<\/em><\/strong><\/li>\n<\/ul>\n<h6>Jos\u00e9 Luis Monta\u00f1ez<\/h6>\n<p>&nbsp;<\/p>\n<div id=\"attachment_468318\" style=\"width: 470px\" class=\"wp-caption aligncenter\"><a href=\"https:\/\/www.diarioimagen.net\/?attachment_id=468318\" rel=\"attachment wp-att-468318\"><img loading=\"lazy\" decoding=\"async\" aria-describedby=\"caption-attachment-468318\" class=\"size-large wp-image-468318\" src=\"https:\/\/www.diarioimagen.net\/wp-content\/uploads\/2020\/05\/MILITARES12a-460x259.jpg\" alt=\"\" width=\"460\" height=\"259\" srcset=\"https:\/\/www.diarioimagen.net\/wp-content\/uploads\/2020\/05\/MILITARES12a-460x259.jpg 460w, https:\/\/www.diarioimagen.net\/wp-content\/uploads\/2020\/05\/MILITARES12a-240x135.jpg 240w, https:\/\/www.diarioimagen.net\/wp-content\/uploads\/2020\/05\/MILITARES12a-235x132.jpg 235w, https:\/\/www.diarioimagen.net\/wp-content\/uploads\/2020\/05\/MILITARES12a-202x114.jpg 202w, https:\/\/www.diarioimagen.net\/wp-content\/uploads\/2020\/05\/MILITARES12a-350x196.jpg 350w, https:\/\/www.diarioimagen.net\/wp-content\/uploads\/2020\/05\/MILITARES12a-220x123.jpg 220w, https:\/\/www.diarioimagen.net\/wp-content\/uploads\/2020\/05\/MILITARES12a-237x132.jpg 237w, https:\/\/www.diarioimagen.net\/wp-content\/uploads\/2020\/05\/MILITARES12a.jpg 480w\" sizes=\"auto, (max-width: 460px) 100vw, 460px\" \/><\/a><p id=\"caption-attachment-468318\" class=\"wp-caption-text\">Militares volver\u00e1n a participar \u201cde manera extraordinaria\u201d en labores de seguridad p\u00fablica.<\/p><\/div>\n<p>&nbsp;<\/p>\n<p>El presidente Andr\u00e9s Manuel L\u00f3pez Obrador orden\u00f3 el regreso de elementos del Ej\u00e9rcito y la Marina a las calles para participar \u201cde manera extraordinaria\u201d en labores de seguridad p\u00fablica.<\/p>\n<p>En un acuerdo publicado ayeres en el <em>Diario Oficial de la Federaci\u00f3n<\/em>, se indic\u00f3 que la participaci\u00f3n de las instituciones castrenses se realizar\u00e1 de manera extraordinaria, regulada, fiscalizada subordinada y complementaria con la Guardia Nacional en las funciones de seguridad p\u00fablica a cargo de \u00e9sta \u00faltima.<\/p>\n<p>Su presencia en la calles ser\u00e1 hasta que la Guardia Nacional desarrolla su estructura, capacidades e implantaci\u00f3n territorial, \u201csin que dicha participaci\u00f3n exceda de cinco a\u00f1os contados a partir de la entrada en vigor del decreto\u201d.<\/p>\n<p>La Fuerza Armada permanente se regir\u00e1 en todo momento por la estricta observancia y respeto a los derechos humanos, en t\u00e9rminos del art\u00edculo 1 de la Constituci\u00f3n y observar\u00e1 la Ley Nacional Sobre el Uso de la Fuerza y dem\u00e1s ordenamientos en la materia.<\/p>\n","protected":false},"excerpt":{"rendered":"<p><span style=\"color: #005497;\"><strong>Jos\u00e9 Luis Monta\u00f1ez<\/strong><\/span><br \/>\n<br \/>\nEl presidente Andr\u00e9s Manuel L\u00f3pez Obrador orden\u00f3 el regreso de elementos del Ej\u00e9rcito y la Marina a las calles para participar \u201cde manera extraordinaria\u201d en labores de seguridad p\u00fablica.<\/p>\n","protected":false},"author":3,"featured_media":468318,"comment_status":"open","ping_status":"open","sticky":false,"template":"","format":"standard","meta":{"_monsterinsights_skip_tracking":false,"_monsterinsights_sitenote_active":false,"_monsterinsights_sitenote_note":"","_monsterinsights_sitenote_category":0,"footnotes":""},"categories":[3],"tags":[2545,74622,90918,5011,89099,90917],"class_list":["post-468239","post","type-post","status-publish","format-standard","has-post-thumbnail","hentry","category-nacional","tag-amlo","tag-decreto","tag-desarrolla","tag-diario-oficial-de-la-federacion","tag-guarcia-nacional","tag-solados"],"_links":{"self":[{"href":"https:\/\/www.diarioimagen.net\/index.php?rest_route=\/wp\/v2\/posts\/468239","targetHints":{"allow":["GET"]}}],"collection":[{"href":"https:\/\/www.diarioimagen.net\/index.php?rest_route=\/wp\/v2\/posts"}],"about":[{"href":"https:\/\/www.diarioimagen.net\/index.php?rest_route=\/wp\/v2\/types\/post"}],"author":[{"embeddable":true,"href":"https:\/\/www.diarioimagen.net\/index.php?rest_route=\/wp\/v2\/users\/3"}],"replies":[{"embeddable":true,"href":"https:\/\/www.diarioimagen.net\/index.php?rest_route=%2Fwp%2Fv2%2Fcomments&post=468239"}],"version-history":[{"count":0,"href":"https:\/\/www.diarioimagen.net\/index.php?rest_route=\/wp\/v2\/posts\/468239\/revisions"}],"wp:featuredmedia":[{"embeddable":true,"href":"https:\/\/www.diarioimagen.net\/index.php?rest_route=\/wp\/v2\/media\/468318"}],"wp:attachment":[{"href":"https:\/\/www.diarioimagen.net\/index.php?rest_route=%2Fwp%2Fv2%2Fmedia&parent=468239"}],"wp:term":[{"taxonomy":"category","embeddable":true,"href":"https:\/\/www.diarioimagen.net\/index.php?rest_route=%2Fwp%2Fv2%2Fcategories&post=468239"},{"taxonomy":"post_tag","embeddable":true,"href":"https:\/\/www.diarioimagen.net\/index.php?rest_route=%2Fwp%2Fv2%2Ftags&post=468239"}],"curies":[{"name":"wp","href":"https:\/\/api.w.org\/{rel}","templated":true}]}}