{"id":468246,"date":"2020-05-12T00:04:30","date_gmt":"2020-05-12T05:04:30","guid":{"rendered":"https:\/\/www.diarioimagen.net\/?p=468246"},"modified":"2020-05-12T01:41:03","modified_gmt":"2020-05-12T06:41:03","slug":"rindio-protesta-la-nueva-titular-de-la-oficina-de-presidencia-en-cuautitlan-izcalli","status":"publish","type":"post","link":"https:\/\/www.diarioimagen.net\/?p=468246","title":{"rendered":"Rindi\u00f3 protesta la nueva titular de la oficina de Presidencia en Cuautitl\u00e1n Izcalli"},"content":{"rendered":"<ul>\n<li><strong><em>Emma Elizabeth Salazar releva a Hurado Orozco<\/em><\/strong><\/li>\n<\/ul>\n<p><strong>\u00a0<\/strong><\/p>\n<div id=\"attachment_468328\" style=\"width: 470px\" class=\"wp-caption aligncenter\"><a href=\"https:\/\/www.diarioimagen.net\/?attachment_id=468328\" rel=\"attachment wp-att-468328\"><img loading=\"lazy\" decoding=\"async\" aria-describedby=\"caption-attachment-468328\" class=\"size-large wp-image-468328\" src=\"https:\/\/www.diarioimagen.net\/wp-content\/uploads\/2020\/05\/izcalli-2-460x259.jpg\" alt=\"\" width=\"460\" height=\"259\" srcset=\"https:\/\/www.diarioimagen.net\/wp-content\/uploads\/2020\/05\/izcalli-2-460x259.jpg 460w, https:\/\/www.diarioimagen.net\/wp-content\/uploads\/2020\/05\/izcalli-2-240x135.jpg 240w, https:\/\/www.diarioimagen.net\/wp-content\/uploads\/2020\/05\/izcalli-2-235x132.jpg 235w, https:\/\/www.diarioimagen.net\/wp-content\/uploads\/2020\/05\/izcalli-2-202x114.jpg 202w, https:\/\/www.diarioimagen.net\/wp-content\/uploads\/2020\/05\/izcalli-2-350x196.jpg 350w, https:\/\/www.diarioimagen.net\/wp-content\/uploads\/2020\/05\/izcalli-2-220x123.jpg 220w, https:\/\/www.diarioimagen.net\/wp-content\/uploads\/2020\/05\/izcalli-2-237x132.jpg 237w, https:\/\/www.diarioimagen.net\/wp-content\/uploads\/2020\/05\/izcalli-2.jpg 480w\" sizes=\"auto, (max-width: 460px) 100vw, 460px\" \/><\/a><p id=\"caption-attachment-468328\" class=\"wp-caption-text\">Luego de ser aprobada, Emma Elizabeth Salazar Calder\u00f3n rindi\u00f3 protesta de ley como nueva titular de la Oficina de Presidencia.<\/p><\/div>\n<p>&nbsp;<\/p>\n<p><strong>Cuautitl\u00e1n Izcalli, Estado de M\u00e9xico.- <\/strong>Derivado de la renuncia de Jos\u00e9 Luis Hurtado Orozco a la Oficina de Presidencia, el alcalde Ricardo N\u00fa\u00f1ez Ayala propuso a Emma Elizabeth Salazar Calder\u00f3n para ocupar el cargo ante los integrantes del Cabildo durante la sexag\u00e9sima tercera sesi\u00f3n ordinaria. Luego de ser aprobada, rindi\u00f3 protesta de ley.<\/p>\n<p>En la sesi\u00f3n que se desarroll\u00f3 una vez m\u00e1s por medio de la herramienta tecnol\u00f3gica \u201cCisco Webex Meettings\u201d y\/o \u201cwebex.com.mx\u201d, N\u00fa\u00f1ez Ayala inform\u00f3 a los ediles que, en cumplimiento de las medidas emitidas por la Secretar\u00eda de Salud, el Comit\u00e9 de Salubridad General del Gobierno Federal, el Gobernador del Estado de M\u00e9xico, as\u00ed como de la Secretar\u00eda del Trabajo del Estado de M\u00e9xico, a trav\u00e9s del Tribunal Estatal de Conciliaci\u00f3n y Arbitraje y de las Juntas Locales de Conciliaci\u00f3n y Arbitraje, acerca de la suspensi\u00f3n de actividades no esenciales del Ayuntamiento, destacando que no existieron en abril del a\u00f1o 2020 litigios laborales contra del Ayuntamiento, Municipio ni entidades municipales.<\/p>\n<p>En abril del a\u00f1o en curso tampoco existieron casos de terminaci\u00f3n ni rescisi\u00f3n de relaciones laborales, conserv\u00e1ndose la plantilla laboral del Ayuntamiento, as\u00ed como de los organismos auxiliares.<\/p>\n<p>En relaci\u00f3n con la emergencia sanitaria que azota al pa\u00eds, el presidente Municipal inform\u00f3 las acciones realizadas para enfrentar la pandemia Covid-19 por direcciones y organismos desconcentrados de la administraci\u00f3n p\u00fablica.<\/p>\n<p>Detall\u00f3 la atenci\u00f3n que fue brindada a la poblaci\u00f3n vulnerable dentro del municipio en acci\u00f3n coordinada por las diferentes \u00e1reas que integran a la Administraci\u00f3n, lo que permiti\u00f3 la actualizaci\u00f3n del Padr\u00f3n de Beneficiarios, para entregar apoyos y donaciones.<\/p>\n<p>N\u00fa\u00f1ez Ayala tambi\u00e9n detall\u00f3 los operativos especiales de concientizaci\u00f3n y resguardo domiciliario de la poblaci\u00f3n, sin descuidar las labores propias de seguridad p\u00fablica, en lo que va del confinamiento debido a la pandemia. Cabe destacar que las operaciones de la administraci\u00f3n p\u00fablica municipal incorporan acciones complementarias ante la contingencia, principalmente en lo que se refiere a la protecci\u00f3n de usuarios y servidores p\u00fablicos, por lo que se ha realizado la compra de casi 20 mil piezas de equipamiento, como caretas, cubre bocas, overoles, etc.<\/p>\n","protected":false},"excerpt":{"rendered":"<p>Derivado de la renuncia de Jos\u00e9 Luis Hurtado Orozco a la Oficina de Presidencia, el alcalde Ricardo N\u00fa\u00f1ez Ayala propuso a Emma Elizabeth Salazar Calder\u00f3n para ocupar el cargo ante los integrantes del Cabildo durante la sexag\u00e9sima tercera sesi\u00f3n ordinaria. Luego de ser aprobada, rindi\u00f3 protesta de ley.<\/p>\n","protected":false},"author":3,"featured_media":468328,"comment_status":"open","ping_status":"open","sticky":false,"template":"","format":"standard","meta":{"_monsterinsights_skip_tracking":false,"_monsterinsights_sitenote_active":false,"_monsterinsights_sitenote_note":"","_monsterinsights_sitenote_category":0,"footnotes":""},"categories":[5],"tags":[971,43675,81038,83228],"class_list":["post-468246","post","type-post","status-publish","format-standard","has-post-thumbnail","hentry","category-estado-de-mexico","tag-cuautitlan-izcalli","tag-estado-de-mexico","tag-ricardo-nunez-ayala","tag-titular"],"_links":{"self":[{"href":"https:\/\/www.diarioimagen.net\/index.php?rest_route=\/wp\/v2\/posts\/468246","targetHints":{"allow":["GET"]}}],"collection":[{"href":"https:\/\/www.diarioimagen.net\/index.php?rest_route=\/wp\/v2\/posts"}],"about":[{"href":"https:\/\/www.diarioimagen.net\/index.php?rest_route=\/wp\/v2\/types\/post"}],"author":[{"embeddable":true,"href":"https:\/\/www.diarioimagen.net\/index.php?rest_route=\/wp\/v2\/users\/3"}],"replies":[{"embeddable":true,"href":"https:\/\/www.diarioimagen.net\/index.php?rest_route=%2Fwp%2Fv2%2Fcomments&post=468246"}],"version-history":[{"count":0,"href":"https:\/\/www.diarioimagen.net\/index.php?rest_route=\/wp\/v2\/posts\/468246\/revisions"}],"wp:featuredmedia":[{"embeddable":true,"href":"https:\/\/www.diarioimagen.net\/index.php?rest_route=\/wp\/v2\/media\/468328"}],"wp:attachment":[{"href":"https:\/\/www.diarioimagen.net\/index.php?rest_route=%2Fwp%2Fv2%2Fmedia&parent=468246"}],"wp:term":[{"taxonomy":"category","embeddable":true,"href":"https:\/\/www.diarioimagen.net\/index.php?rest_route=%2Fwp%2Fv2%2Fcategories&post=468246"},{"taxonomy":"post_tag","embeddable":true,"href":"https:\/\/www.diarioimagen.net\/index.php?rest_route=%2Fwp%2Fv2%2Ftags&post=468246"}],"curies":[{"name":"wp","href":"https:\/\/api.w.org\/{rel}","templated":true}]}}