{"id":468248,"date":"2020-05-12T00:03:36","date_gmt":"2020-05-12T05:03:36","guid":{"rendered":"https:\/\/www.diarioimagen.net\/?p=468248"},"modified":"2020-05-12T01:42:11","modified_gmt":"2020-05-12T06:42:11","slug":"patricia-duran-expresa-su-solidaridad-con-familiares-de-victimas-de-covid-19","status":"publish","type":"post","link":"https:\/\/www.diarioimagen.net\/?p=468248","title":{"rendered":"Patricia Dur\u00e1n expresa su solidaridad con familiares de v\u00edctimas de Covid-19"},"content":{"rendered":"<ul>\n<li><strong><em>Mensaje en redes sociales del gobierno municipal<\/em><\/strong><\/li>\n<\/ul>\n<p><strong>\u00a0<\/strong><\/p>\n<div id=\"attachment_468331\" style=\"width: 470px\" class=\"wp-caption aligncenter\"><a href=\"https:\/\/www.diarioimagen.net\/?attachment_id=468331\" rel=\"attachment wp-att-468331\"><img loading=\"lazy\" decoding=\"async\" aria-describedby=\"caption-attachment-468331\" class=\"size-large wp-image-468331\" src=\"https:\/\/www.diarioimagen.net\/wp-content\/uploads\/2020\/05\/naucalpan-5-460x259.jpg\" alt=\"\" width=\"460\" height=\"259\" srcset=\"https:\/\/www.diarioimagen.net\/wp-content\/uploads\/2020\/05\/naucalpan-5-460x259.jpg 460w, https:\/\/www.diarioimagen.net\/wp-content\/uploads\/2020\/05\/naucalpan-5-240x135.jpg 240w, https:\/\/www.diarioimagen.net\/wp-content\/uploads\/2020\/05\/naucalpan-5-235x132.jpg 235w, https:\/\/www.diarioimagen.net\/wp-content\/uploads\/2020\/05\/naucalpan-5-202x114.jpg 202w, https:\/\/www.diarioimagen.net\/wp-content\/uploads\/2020\/05\/naucalpan-5-350x196.jpg 350w, https:\/\/www.diarioimagen.net\/wp-content\/uploads\/2020\/05\/naucalpan-5-220x123.jpg 220w, https:\/\/www.diarioimagen.net\/wp-content\/uploads\/2020\/05\/naucalpan-5-237x132.jpg 237w, https:\/\/www.diarioimagen.net\/wp-content\/uploads\/2020\/05\/naucalpan-5.jpg 480w\" sizes=\"auto, (max-width: 460px) 100vw, 460px\" \/><\/a><p id=\"caption-attachment-468331\" class=\"wp-caption-text\">La alcaldesa Patricia Dur\u00e1n Reveles, se solidariz\u00f3 con las familias que han sufrido la p\u00e9rdida de alg\u00fan ser querido a causa del coronavirus.<\/p><\/div>\n<p>&nbsp;<\/p>\n<p><strong>Naucalpan, Estado de M\u00e9xico.- <\/strong>La Presidenta Municipal Patricia Dur\u00e1n Reveles se solidariz\u00f3 con las familias que han sufrido la p\u00e9rdida de alg\u00fan ser querido a causa del coronavirus.<\/p>\n<p>\u201cLa etapa que estamos atravesando es una de las m\u00e1s dif\u00edciles en la historia de la humanidad. Son miles las vidas que el coronavirus se ha llevado, y millones las y los enfermos en todo el mundo.<\/p>\n<p>\u201cDesde Naucalpan, env\u00edo mis condolencias a las familias que han perdido a alguien en esta pandemia\u201d, se\u00f1al\u00f3 Dur\u00e1n Reveles a trav\u00e9s de un mensaje difundido en las redes sociales del Gobierno Municipal.<\/p>\n<p>Asimismo, record\u00f3 que Naucalpan cuenta con un M\u00f3dulo de Atenci\u00f3n Covid-19 para valorar posibles contagios de coronavirus. Con el servicio que se presta, se busca evitar la saturaci\u00f3n de la infraestructura hospitalaria.<\/p>\n<p>\u201cLa atenci\u00f3n de primer contacto es fundamental. Les pido que si tienen dolor de cabeza, fiebre, tos seca y fluido nasal, se acerquen para una valoraci\u00f3n\u201d, indic\u00f3. Al 9 de mayo, el M\u00f3dulo de Atenci\u00f3n ha brindado 272 consultas.<\/p>\n<p>\u201cRecuerden que en estos d\u00edas habr\u00e1 m\u00e1s enfermos y necesitaremos lugares para atenderlos.<\/p>\n<p>\u201cLes pido no saturar los hospitales si no es una emergencia. As\u00ed, contribuimos a que el personal m\u00e9dico siga dedicado a la gente que est\u00e1 internada\u201d, coment\u00f3 Dur\u00e1n Reveles.<\/p>\n<p>Por su parte, el director del Instituto Municipal de Atenci\u00f3n a la Salud (IMAS), Eduardo V\u00e1zquez Celis, invit\u00f3 a la poblaci\u00f3n a estar atentos a sus s\u00edntomas, en caso de presentar un cuadro de enfermedad respiratoria.<\/p>\n<p>\u201cAl hospital tiene que llegar un paciente previo a hospitalizarse, no un paciente que acude a consulta normal. Nosotros tenemos, adem\u00e1s de este m\u00f3dulo, once consultorios perif\u00e9ricos y dos consultorios centrales para hacer valoraciones.<\/p>\n<p>\u201cQuiero aclarar que este consultorio no hace pruebas COVID, eso lo hace la Jurisdicci\u00f3n Sanitaria de los casos que nosotros mandamos. La funci\u00f3n principal de M\u00f3dulo COVID es ayudar al Sistema de Salud estatal a desahogar los hospitales\u201d, puntualiz\u00f3.<\/p>\n<p>El M\u00f3dulo ofrece atenci\u00f3n gratuita de lunes a viernes, de 9:00 a 15:00 horas, sin necesidad de previa cita.<\/p>\n","protected":false},"excerpt":{"rendered":"<p>La Presidenta Municipal Patricia Dur\u00e1n Reveles se solidariz\u00f3 con las familias que han sufrido la p\u00e9rdida de alg\u00fan ser querido a causa del coronavirus.<\/p>\n","protected":false},"author":3,"featured_media":468331,"comment_status":"open","ping_status":"open","sticky":false,"template":"","format":"standard","meta":{"_monsterinsights_skip_tracking":false,"_monsterinsights_sitenote_active":false,"_monsterinsights_sitenote_note":"","_monsterinsights_sitenote_category":0,"footnotes":""},"categories":[5],"tags":[90021,43675,970,81467,5499],"class_list":["post-468248","post","type-post","status-publish","format-standard","has-post-thumbnail","hentry","category-estado-de-mexico","tag-covid-19","tag-estado-de-mexico","tag-naucalpan","tag-patricia-duran-reveles","tag-victimas"],"_links":{"self":[{"href":"https:\/\/www.diarioimagen.net\/index.php?rest_route=\/wp\/v2\/posts\/468248","targetHints":{"allow":["GET"]}}],"collection":[{"href":"https:\/\/www.diarioimagen.net\/index.php?rest_route=\/wp\/v2\/posts"}],"about":[{"href":"https:\/\/www.diarioimagen.net\/index.php?rest_route=\/wp\/v2\/types\/post"}],"author":[{"embeddable":true,"href":"https:\/\/www.diarioimagen.net\/index.php?rest_route=\/wp\/v2\/users\/3"}],"replies":[{"embeddable":true,"href":"https:\/\/www.diarioimagen.net\/index.php?rest_route=%2Fwp%2Fv2%2Fcomments&post=468248"}],"version-history":[{"count":0,"href":"https:\/\/www.diarioimagen.net\/index.php?rest_route=\/wp\/v2\/posts\/468248\/revisions"}],"wp:featuredmedia":[{"embeddable":true,"href":"https:\/\/www.diarioimagen.net\/index.php?rest_route=\/wp\/v2\/media\/468331"}],"wp:attachment":[{"href":"https:\/\/www.diarioimagen.net\/index.php?rest_route=%2Fwp%2Fv2%2Fmedia&parent=468248"}],"wp:term":[{"taxonomy":"category","embeddable":true,"href":"https:\/\/www.diarioimagen.net\/index.php?rest_route=%2Fwp%2Fv2%2Fcategories&post=468248"},{"taxonomy":"post_tag","embeddable":true,"href":"https:\/\/www.diarioimagen.net\/index.php?rest_route=%2Fwp%2Fv2%2Ftags&post=468248"}],"curies":[{"name":"wp","href":"https:\/\/api.w.org\/{rel}","templated":true}]}}