{"id":468297,"date":"2020-05-12T00:02:41","date_gmt":"2020-05-12T05:02:41","guid":{"rendered":"https:\/\/www.diarioimagen.net\/?p=468297"},"modified":"2020-05-12T00:03:37","modified_gmt":"2020-05-12T05:03:37","slug":"todos-menos-bonilla-aplauden-fallo-de-scjn","status":"publish","type":"post","link":"https:\/\/www.diarioimagen.net\/?p=468297","title":{"rendered":"Todos, menos Bonilla, aplauden fallo de SCJN"},"content":{"rendered":"<h2>La Retaguardia<\/h2>\n<h5>Adriana Moreno Cordero<\/h5>\n<p>&nbsp;<\/p>\n<ul>\n<li><strong><em>Ram\u00edrez Cu\u00e9llar ocupar\u00eda a gobernador de BC como su operador?<\/em><\/strong><\/li>\n<\/ul>\n<p>&nbsp;<\/p>\n<p>\u00bfEn verdad est\u00e1 convencido de que no pasa nada? Esa fue la primera reacci\u00f3n del gobernador de Baja California, <strong>Jaime Bonilla Valdez<\/strong>, en cuanto se enter\u00f3 que la Suprema Corte de Justicia de la Naci\u00f3n, en un fallo aplaudido y reconocido hasta por los de Morena, ech\u00f3 por tierra los afanes del mandatario estatal de permanecer al frente de su estado por cinco y no por dos a\u00f1os como lo marca la Constituci\u00f3n.<\/p>\n<p>Bonilla pens\u00f3 que las v\u00edspera del fallo de la SCJN, acciones como el\u00a0 cateo a la casa del exgobernador del estado, <strong>Francisco \u201cKiko\u201d Vega<\/strong> y ahora resulta que hasta el Covid-19 abonar\u00eda para que el mandatario estatal lograra su tan personal objetivo en el que presuntamente, -se dice no solo en la entidad-, habr\u00eda comprado voluntades de los diputados locales panistas de la anterior Legislatura.<\/p>\n<p>Horas antes de este hist\u00f3rico fallo, tambi\u00e9n, el secretario de Gobierno, Amador Rodr\u00edguez Lozano hab\u00eda declarado que si la Corte fallaba en contra de Bonilla, entonces quedar\u00edan truncos una serie de proyectos que hab\u00eda echado a andar.<\/p>\n<p>Llama la atenci\u00f3n, sin embargo, que, acaso como muestra de su gran decepci\u00f3n ante la resoluci\u00f3n tomada por la SCJN, declar\u00f3 a un medio local que est\u00e1 pensando seriamente en solicitar una licencia al cargo que ostenta para sumarse a la campa\u00f1a de quien resulte ser el candidato de Morena y se convierta en su sucesor en las elecciones de 2021.<\/p>\n<p>Esto \u00faltimo porque, explic\u00f3: \u201cyo me compromet\u00ed con el proyecto, con el Presidente y con la presidenta de mi partido a llevar adelante al partido\u201d. \u00bfLa presidenta de su partido?, qu\u00e9, \u00bfnadie le habr\u00e1 avisado a Bonilla que ahora es <strong>Alfonso Ram\u00edrez Cuellar<\/strong> el nuevo l\u00edder morenista y no <strong>Yeidckol Polevnsky<\/strong>?, y por cierto, el diputado con licencia se\u00f1al\u00f3 por las \u201cbenditas redes\u201d que, \u201cno pod\u00eda permitirse una reforma ilegal con la que se violaba la voluntad del pueblo de Baja California. Esta decisi\u00f3n afirma el respeto al orden jur\u00eddico y fortalece la certeza de las instituciones mexicanas\u201d.<\/p>\n<p>Entonces, no solo en Baja California, ya se empiezan a preguntar qu\u00e9 ser\u00eda lo que le prometi\u00f3 la se\u00f1ora Polevnsky a Bonilla Valdez y que a la hora de la hora, por lo visto, no le pudo cumplir, porque hay que ver c\u00f3mo la ex dirigente morenista defendi\u00f3 la permanencia del gobernador a la voz de que la ciudadan\u00eda bajacaliforniana, estaba \u201ccansada de tanta elecci\u00f3n y yo creo que eso tendr\u00eda que cambiar\u201d.<\/p>\n<p>Antes del rev\u00e9s que sufriera el gobernador, manejaba como su carta favorita para sucederlo, ni m\u00e1s ni menos que al propio <strong>Amador Rodr\u00edguez Lozano<\/strong>, pero en el caso de que Bonilla tome la decisi\u00f3n de pedir licencia a su cargo para apoyar a los candidatos de Morena en las elecciones del a\u00f1o entrante, probablemente quien tenga que ocupar su lugar sea Rodr\u00edguez Lozano, as\u00ed que, \u00bfqu\u00e9 tanto saldr\u00eda beneficiado o no este personaje?<\/p>\n<p>Ahora bien, si el actual presidente del CEN de Morena, Ram\u00edrez Cu\u00e9llar, fue de los que se opuso a extender el mandato de Jaime Bonilla en la gubernatura de BC, \u00bfser\u00e1 que lo ocupe como operador en los comicios de 2021?, sobre todo luego de la imagen que le qued\u00f3 al mandatario estatal despu\u00e9s de este largo conflicto, que al fin, se resolvi\u00f3 favorablemente.<\/p>\n<p>Por lo pronto, el gobernador Bonilla estar\u00e1 esperando que su tan amigo, el presidente Andr\u00e9s Manuel L\u00f3pez Obrador, le d\u00e9 alguna explicaci\u00f3n, porque es evidente que el tabasque\u00f1o sabe apoyar \u201ccontra viento y marea\u201d a sus amigos; ah\u00ed est\u00e1 el caso de Manuel Bartlett, \u00bfpor qu\u00e9 no es lo mismo con Bonilla Valdez que tantos favores le ha hecho al Presidente\u201d<\/p>\n<p style=\"text-align: center;\"><strong>Municiones<\/strong><\/p>\n<p>*** Mal empieza la prometida lucha contra la corrupci\u00f3n cuando el organismo encargado de vigilar el correcto manejo de los recursos, es el que recurre a las compras irregulares. \u00c9ste es el caso de Puebla de <strong>Luis Miguel Barbosa<\/strong>, donde se descubri\u00f3 que la Auditor\u00eda Superior del Estado (ASE) asigna contratos hasta por un mill\u00f3n de pesos a empresas que no tienen registro alguno en el sistema de compras p\u00fablicas y, peor a\u00fan, sin recurrir a concurso o licitaci\u00f3n.\u00a0 Resulta que, el pasado 5 de marzo de 2020, la ASE, <strong>de Francisco Romero Serrano,<\/strong> adjudic\u00f3 de manera directa un contrato por casi un mill\u00f3n de pesos a la desconocida firma Lleida Administradora de Negocios SA de CV; \u00e9sta representada por una profesora de nombre <strong>Flor Areli Hern\u00e1ndez Hern\u00e1ndez<\/strong>, que tendr\u00eda a su cargo ni m\u00e1s ni menos que el \u201cServicio para la elaboraci\u00f3n de evaluaci\u00f3n del dise\u00f1o e implementaci\u00f3n de control interno\u201d. El procedimiento de asignaci\u00f3n, identificado con el folio CAD\/001\/MAR\/DGA2020, viol\u00f3 todas las disposiciones de la Ley de Adquisiciones, Arrendamientos y Servicios del Sector P\u00fablico Estatal y Municipal del Estado de Puebla y, por si fuera poco, se cotiz\u00f3 a un monto tres veces m\u00e1s elevado que el promedio de los contratos que se firman en el sector p\u00fablico para similares servicios. Veremos si el Congreso local, que encabeza el morenista Gabriel Biestro, se decide, valga la redundancia, a auditar al organismo auditor, o si de lo contrario el titular de la Auditor\u00eda tiene una inmunidad semejante a la de Manuel Bartlett.<\/p>\n<p>*** Para el presidente de la Junta de Coordinaci\u00f3n Pol\u00edtica del Senado de la Rep\u00fablica, <strong>Ricardo Monreal \u00c1vila<\/strong>, la decisi\u00f3n tomada por la Corte en relaci\u00f3n a la \u201cLey Bonilla\u201d, fue muy afortunada \u201cporque se fueron por el suelo, se derribaron todos los argumentos de descalificaci\u00f3n, de dudas, de escepticismo, de considerar que la Corte estaba subordinada al Ejecutivo y que s\u00f3lo recibir\u00eda \u00f3rdenes de \u00e9l. Se equivocaron, por fortuna, y esto pone de cuerpo completo, dibuja de cuerpo completo al poder Judicial; pero tambi\u00e9n al poder Ejecutivo, que no intervino y que no intervendr\u00e1 en ninguna decisi\u00f3n de este algo \u00f3rgano de justicia\u201d. Agreg\u00f3 el legislador zacatecano que \u201clo mismo sucede con el poder Legislativo. Debemos aplaudir que el principio de legalidad, que la divisi\u00f3n de poderes garantizan la plenitud del Estado de Derecho en M\u00e9xico. Me alegra, por ser miembro de uno de los poderes y que, me consta, el respeto que el Ejecutivo, el Presidente L\u00f3pez Obrador, ha tenido siempre por el Legislativo\u201d.<\/p>\n<p><u><a href=\"mailto:morcora@gmail.com\" target=\"_blank\" rel=\"noopener noreferrer\"><em>morcora@gmail.com<\/em><\/a><\/u><\/p>\n","protected":false},"excerpt":{"rendered":"<p><span style=\"color: #005497;\"><strong>Adriana Moreno Cordero<\/strong><\/span><\/p>\n","protected":false},"author":3,"featured_media":0,"comment_status":"open","ping_status":"open","sticky":false,"template":"","format":"standard","meta":{"_monsterinsights_skip_tracking":false,"_monsterinsights_sitenote_active":false,"_monsterinsights_sitenote_note":"","_monsterinsights_sitenote_category":0,"footnotes":""},"categories":[69370],"tags":[69369,69368,43674],"class_list":["post-468297","post","type-post","status-publish","format-standard","hentry","category-adriana-moreno-cordero","tag-adriana-moreno-cordero","tag-la-retaguardia","tag-opinion"],"_links":{"self":[{"href":"https:\/\/www.diarioimagen.net\/index.php?rest_route=\/wp\/v2\/posts\/468297","targetHints":{"allow":["GET"]}}],"collection":[{"href":"https:\/\/www.diarioimagen.net\/index.php?rest_route=\/wp\/v2\/posts"}],"about":[{"href":"https:\/\/www.diarioimagen.net\/index.php?rest_route=\/wp\/v2\/types\/post"}],"author":[{"embeddable":true,"href":"https:\/\/www.diarioimagen.net\/index.php?rest_route=\/wp\/v2\/users\/3"}],"replies":[{"embeddable":true,"href":"https:\/\/www.diarioimagen.net\/index.php?rest_route=%2Fwp%2Fv2%2Fcomments&post=468297"}],"version-history":[{"count":0,"href":"https:\/\/www.diarioimagen.net\/index.php?rest_route=\/wp\/v2\/posts\/468297\/revisions"}],"wp:attachment":[{"href":"https:\/\/www.diarioimagen.net\/index.php?rest_route=%2Fwp%2Fv2%2Fmedia&parent=468297"}],"wp:term":[{"taxonomy":"category","embeddable":true,"href":"https:\/\/www.diarioimagen.net\/index.php?rest_route=%2Fwp%2Fv2%2Fcategories&post=468297"},{"taxonomy":"post_tag","embeddable":true,"href":"https:\/\/www.diarioimagen.net\/index.php?rest_route=%2Fwp%2Fv2%2Ftags&post=468297"}],"curies":[{"name":"wp","href":"https:\/\/api.w.org\/{rel}","templated":true}]}}