{"id":468474,"date":"2020-05-14T00:04:24","date_gmt":"2020-05-14T05:04:24","guid":{"rendered":"https:\/\/www.diarioimagen.net\/?p=468474"},"modified":"2020-05-14T01:18:57","modified_gmt":"2020-05-14T06:18:57","slug":"suman-tres-festejos-disueltos-por-la-policia-en-naucalpan-ante-emergencia","status":"publish","type":"post","link":"https:\/\/www.diarioimagen.net\/?p=468474","title":{"rendered":"Suman tres festejos disueltos por la polic\u00eda en Naucalpan, ante emergencia"},"content":{"rendered":"<ul>\n<li><strong><em>Por alta concentraci\u00f3n de personas<\/em><\/strong><\/li>\n<\/ul>\n<p>&nbsp;<\/p>\n<div id=\"attachment_468552\" style=\"width: 470px\" class=\"wp-caption aligncenter\"><a href=\"https:\/\/www.diarioimagen.net\/?attachment_id=468552\" rel=\"attachment wp-att-468552\"><img loading=\"lazy\" decoding=\"async\" aria-describedby=\"caption-attachment-468552\" class=\"size-large wp-image-468552\" src=\"https:\/\/www.diarioimagen.net\/wp-content\/uploads\/2020\/05\/naucalpan-7-460x259.jpg\" alt=\"\" width=\"460\" height=\"259\" srcset=\"https:\/\/www.diarioimagen.net\/wp-content\/uploads\/2020\/05\/naucalpan-7-460x259.jpg 460w, https:\/\/www.diarioimagen.net\/wp-content\/uploads\/2020\/05\/naucalpan-7-240x135.jpg 240w, https:\/\/www.diarioimagen.net\/wp-content\/uploads\/2020\/05\/naucalpan-7-235x132.jpg 235w, https:\/\/www.diarioimagen.net\/wp-content\/uploads\/2020\/05\/naucalpan-7-202x114.jpg 202w, https:\/\/www.diarioimagen.net\/wp-content\/uploads\/2020\/05\/naucalpan-7-350x196.jpg 350w, https:\/\/www.diarioimagen.net\/wp-content\/uploads\/2020\/05\/naucalpan-7-220x123.jpg 220w, https:\/\/www.diarioimagen.net\/wp-content\/uploads\/2020\/05\/naucalpan-7-237x132.jpg 237w, https:\/\/www.diarioimagen.net\/wp-content\/uploads\/2020\/05\/naucalpan-7.jpg 480w\" sizes=\"auto, (max-width: 460px) 100vw, 460px\" \/><\/a><p id=\"caption-attachment-468552\" class=\"wp-caption-text\">La polic\u00eda impidi\u00f3 la realizaci\u00f3n de tres eventos con alta concentraci\u00f3n de personas, en las comunidades de Santiago Ahuizotla, San Francisco Chimalpa y La Mancha III.<\/p><\/div>\n<p>&nbsp;<\/p>\n<p><strong>Naucalpan, Estado de M\u00e9xico.- <\/strong>El \u00faltimo fin de semana, la Direcci\u00f3n General de Seguridad Ciudadana y Tr\u00e1nsito Municipal impidi\u00f3 la realizaci\u00f3n de tres eventos con alta concentraci\u00f3n de personas, en las comunidades de Santiago Ahuizotla, San Francisco Chimalpa y La Mancha III.<\/p>\n<p>La dispersi\u00f3n responde a las disposiciones de las autoridades sanitarias federales y estatales, para mitigar el riesgo de contagio de coronavirus.<\/p>\n<p>En la colonia Ahuizotla, las patrullas municipales fueron agredidas por los habitantes que organizaron el llamado COVID Fest, evento musical callejero. Por los da\u00f1os fueron detenidos Eduardo Daniel \u201cN\u201d, de 17 a\u00f1os, y Jos\u00e9 \u201cN\u201d, de 50 a\u00f1os, quienes fueron trasladados al Ministerio P\u00fablico por su probable responsabilidad en los delitos de desobediencia y da\u00f1os a la propiedad municipal.<\/p>\n<p>En el barrio Tres Piedras, en San Francisco Chimalpa, los agentes impidieron la realizaci\u00f3n de una carrera de caballos, luego de que habitantes de la localidad dieran aviso a las autoridades.<\/p>\n<p>Al lugar llegaron los agentes municipales, quienes exhortaron a los asistentes para que se retiraran del lugar y permanecieran en sus hogares. La disoluci\u00f3n del evento se realiz\u00f3 de forma pac\u00edfica.<\/p>\n<p>Mientras que en la colonia La Mancha III, elementos de la corporaci\u00f3n acudieron tras una llamada de ayuda de vecinos que, preocupados por la dispersi\u00f3n del coronavirus, solicitaron a los agentes su apoyo para la disoluci\u00f3n de una fiesta callejera.<\/p>\n<p>El titular de Seguridad Ciudadana, L\u00e1zaro Gayt\u00e1n Aguirre, pidi\u00f3 a la ciudadan\u00eda mantenerse en sus casas y reportar cualquier incidente o congregaci\u00f3n, a trav\u00e9s del tel\u00e9fono de emergencias del C4 municipal, 5371 2250, para brindarles el apoyo oportuno.<\/p>\n","protected":false},"excerpt":{"rendered":"<p>El \u00faltimo fin de semana, la Direcci\u00f3n General de Seguridad Ciudadana y Tr\u00e1nsito Municipal impidi\u00f3 la realizaci\u00f3n de tres eventos con alta concentraci\u00f3n de personas, en las comunidades de Santiago Ahuizotla, San Francisco Chimalpa y La Mancha III.<\/p>\n","protected":false},"author":3,"featured_media":468552,"comment_status":"open","ping_status":"open","sticky":false,"template":"","format":"standard","meta":{"_monsterinsights_skip_tracking":false,"_monsterinsights_sitenote_active":false,"_monsterinsights_sitenote_note":"","_monsterinsights_sitenote_category":0,"footnotes":""},"categories":[5],"tags":[13050,43675,970,29516,687],"class_list":["post-468474","post","type-post","status-publish","format-standard","has-post-thumbnail","hentry","category-estado-de-mexico","tag-emergencia","tag-estado-de-mexico","tag-naucalpan","tag-pandemia","tag-policia"],"_links":{"self":[{"href":"https:\/\/www.diarioimagen.net\/index.php?rest_route=\/wp\/v2\/posts\/468474","targetHints":{"allow":["GET"]}}],"collection":[{"href":"https:\/\/www.diarioimagen.net\/index.php?rest_route=\/wp\/v2\/posts"}],"about":[{"href":"https:\/\/www.diarioimagen.net\/index.php?rest_route=\/wp\/v2\/types\/post"}],"author":[{"embeddable":true,"href":"https:\/\/www.diarioimagen.net\/index.php?rest_route=\/wp\/v2\/users\/3"}],"replies":[{"embeddable":true,"href":"https:\/\/www.diarioimagen.net\/index.php?rest_route=%2Fwp%2Fv2%2Fcomments&post=468474"}],"version-history":[{"count":0,"href":"https:\/\/www.diarioimagen.net\/index.php?rest_route=\/wp\/v2\/posts\/468474\/revisions"}],"wp:featuredmedia":[{"embeddable":true,"href":"https:\/\/www.diarioimagen.net\/index.php?rest_route=\/wp\/v2\/media\/468552"}],"wp:attachment":[{"href":"https:\/\/www.diarioimagen.net\/index.php?rest_route=%2Fwp%2Fv2%2Fmedia&parent=468474"}],"wp:term":[{"taxonomy":"category","embeddable":true,"href":"https:\/\/www.diarioimagen.net\/index.php?rest_route=%2Fwp%2Fv2%2Fcategories&post=468474"},{"taxonomy":"post_tag","embeddable":true,"href":"https:\/\/www.diarioimagen.net\/index.php?rest_route=%2Fwp%2Fv2%2Ftags&post=468474"}],"curies":[{"name":"wp","href":"https:\/\/api.w.org\/{rel}","templated":true}]}}