{"id":468485,"date":"2020-05-14T00:04:07","date_gmt":"2020-05-14T05:04:07","guid":{"rendered":"https:\/\/www.diarioimagen.net\/?p=468485"},"modified":"2020-05-14T01:34:17","modified_gmt":"2020-05-14T06:34:17","slug":"regreso-a-la-nueva-normalidad","status":"publish","type":"post","link":"https:\/\/www.diarioimagen.net\/?p=468485","title":{"rendered":"Regreso a la \u201cnueva\u201d normalidad"},"content":{"rendered":"<h2>Punto por punto<\/h2>\n<h5>Augusto Corro<\/h5>\n<p>&nbsp;<\/p>\n<p>El gobierno inform\u00f3 sobre las tres etapas para reapertura denominada \u201cRegreso a la nueva normalidad\u201d en funci\u00f3n del confinamiento efectuado por la invasi\u00f3n del mort\u00edfero coronavirus (Covid-19).<\/p>\n<p>Primera etapa. Inicia el 18 de mayo en 269 municipios de 15 estados.<\/p>\n<p>Segunda etapa. Del 18 al 31 de mayo se preparar\u00e1 la reapertura de actividades esenciales, construcci\u00f3n, miner\u00eda y fabricaci\u00f3n de equipo de transporte.<\/p>\n<p>Tercera etapa. El 1 de junio se establecer\u00e1 un sistema de sem\u00e1foro por regiones para reiniciar actividades sociales, educativas y econ\u00f3micas.<\/p>\n<p>El plan, seg\u00fan las autoridades, debe seguir un camino gradual, ordena y cauto para alcanzar los objetivos planteados ante la crisis por el Covid-19.<\/p>\n<p>Las autoridades educativas declararon que el regreso a clases s\u00f3lo se realizar\u00e1 cuando sea seguro para los ni\u00f1os y para la comunidad escolar.<\/p>\n<p>Los planteles educativos se abrir\u00e1n cuando las comunidades est\u00e9n en sem\u00e1foro verde, seg\u00fan las indicaciones de la autoridad sanitaria.<\/p>\n<p>En t\u00e9rminos, fue se\u00f1alado el rumbo a seguir para\u00a0 superar la pandemia del Covid-19. Ahora tendremos que esperar, con paciencia, los resultados.<\/p>\n<p>Como se vea, el regreso a las actividades tiene una dosis considerable de riesgo, debido a que a\u00fan no se tiene la medicina para matar al virus.<\/p>\n<p>Es nuestra responsabilidad colaborar con las autoridades para detener la cadena de contagios con la aplicaci\u00f3n de las medidas sanitarias y el confinamiento.<\/p>\n<p>No ser\u00e1 f\u00e1cil, porque amplios sectores de la poblaci\u00f3n se resisten a la aplicaci\u00f3n de medidas preventivas y sin precauci\u00f3n alguna se mezclan, por ejemplo, entre las personas que usan el transporte colectivo.<\/p>\n<p>Tendr\u00e1n que intensificarse las exhortaciones para el cumplimiento de las medidas sanitarias. Es muy importante que no se baje la guardia. Si alguien siente los s\u00edntomas provocados por el virus, debe aislarse, sin demora.<\/p>\n<p>Esta recomendaci\u00f3n va directamente a los miles de usuarios del transporte p\u00fablico de la Ciudad de M\u00e9xico y municipios circunvecinos del Estado de M\u00e9xico (Edomex).<\/p>\n<p>La necesidad de regresar a las actividades no debe ser motivo para bajar la guardia frente al coronavirus. La pandemia todav\u00eda no pasa. Los resultados del regreso a la nueva normalidad no ser\u00e1n inmediatos.<\/p>\n<p>No olvidar que en algunos pa\u00edses donde se declar\u00f3 controlado el virus tuvieron un resurgimiento del problema.<\/p>\n<p>Si bien es cierto que la industria tiene que reanudar labores para cumplir compromisos, es muy importante que los trabajadores tengan la protecci\u00f3n adecuada.<\/p>\n<p>La salud est\u00e1 por encima de todo. El coronavirus no distingue a sus v\u00edctimas.<\/p>\n<p>Tras las medidas se\u00f1aladas por la autoridad para salir poco a poco del aislamiento, queda pendiente el problema de la pobreza.<\/p>\n<p>Por la p\u00e9rdida del empleo o la reducci\u00f3n del sueldo se complicar\u00e1 la vida de amplios sectores de la poblaci\u00f3n.<\/p>\n<p>Millones de personas no contar\u00e1n con los recursos suficientes para adquirir una canasta alimentaria, bienes y servicios b\u00e1sicos.<\/p>\n<p>Por esas razones era urgente reanudar actividades. Por supuesto, que la reactivaci\u00f3n econ\u00f3mica no ser\u00e1 tan r\u00e1pida. Adem\u00e1s crecer\u00e1 el empleo informal.<\/p>\n<p>Siempre que trato el tema del coronavirus aprovecho la oportunidad para pedirle a todo mundo: hombres, mujeres, j\u00f3venes, etc., que se cuiden, que lleven a cabo el aislamiento al pie de la letra.<\/p>\n<p>Como se sabe, M\u00e9xico es uno de los pa\u00edses que ocupa los primeros lugares en obesidad, diabetes y enfermedades cardiovasculares.<\/p>\n<p>Y precisamente aquellos con esos problemas de salud son presa f\u00e1cil del coronavirus. Tambi\u00e9n se debe incluir a las personas de la tercera edad con riesgos altos de contagiarse.<\/p>\n<p>En fin, estamos en la ruta hacia la nueva normalidad para superar la crisis a la que nos llev\u00f3 el Covid-19. Mucho depender\u00e1 de nosotros tener resultados provechosos o insatisfactorios. \u00bfUsted qu\u00e9\u00a0 opina amble lector?<\/p>\n<p><span class=\"Apple-converted-space\"><em><u><a href=\"mailto:aco2742@hotmail.com\" target=\"_blank\" rel=\"noopener noreferrer\">aco2742@hotmail.com<\/a><\/u><\/em><\/span><\/p>\n","protected":false},"excerpt":{"rendered":"<p><span style=\"color: #005497;\"><strong>Augusto Corro<\/strong><\/span><\/p>\n","protected":false},"author":3,"featured_media":0,"comment_status":"open","ping_status":"open","sticky":false,"template":"","format":"standard","meta":{"_monsterinsights_skip_tracking":false,"_monsterinsights_sitenote_active":false,"_monsterinsights_sitenote_note":"","_monsterinsights_sitenote_category":0,"footnotes":""},"categories":[157],"tags":[43686,43674,11515],"class_list":["post-468485","post","type-post","status-publish","format-standard","hentry","category-augusto-corro","tag-augusto-corro","tag-opinion","tag-punto-por-punto"],"_links":{"self":[{"href":"https:\/\/www.diarioimagen.net\/index.php?rest_route=\/wp\/v2\/posts\/468485","targetHints":{"allow":["GET"]}}],"collection":[{"href":"https:\/\/www.diarioimagen.net\/index.php?rest_route=\/wp\/v2\/posts"}],"about":[{"href":"https:\/\/www.diarioimagen.net\/index.php?rest_route=\/wp\/v2\/types\/post"}],"author":[{"embeddable":true,"href":"https:\/\/www.diarioimagen.net\/index.php?rest_route=\/wp\/v2\/users\/3"}],"replies":[{"embeddable":true,"href":"https:\/\/www.diarioimagen.net\/index.php?rest_route=%2Fwp%2Fv2%2Fcomments&post=468485"}],"version-history":[{"count":0,"href":"https:\/\/www.diarioimagen.net\/index.php?rest_route=\/wp\/v2\/posts\/468485\/revisions"}],"wp:attachment":[{"href":"https:\/\/www.diarioimagen.net\/index.php?rest_route=%2Fwp%2Fv2%2Fmedia&parent=468485"}],"wp:term":[{"taxonomy":"category","embeddable":true,"href":"https:\/\/www.diarioimagen.net\/index.php?rest_route=%2Fwp%2Fv2%2Fcategories&post=468485"},{"taxonomy":"post_tag","embeddable":true,"href":"https:\/\/www.diarioimagen.net\/index.php?rest_route=%2Fwp%2Fv2%2Ftags&post=468485"}],"curies":[{"name":"wp","href":"https:\/\/api.w.org\/{rel}","templated":true}]}}