{"id":468567,"date":"2020-05-15T00:04:13","date_gmt":"2020-05-15T05:04:13","guid":{"rendered":"https:\/\/www.diarioimagen.net\/?p=468567"},"modified":"2020-05-15T03:43:04","modified_gmt":"2020-05-15T08:43:04","slug":"estan-en-cuarentena-los-bomberos-de-tultepec-por-dar-positivo-a-covid-19","status":"publish","type":"post","link":"https:\/\/www.diarioimagen.net\/?p=468567","title":{"rendered":"Est\u00e1n en cuarentena los bomberos de Tultepec por dar positivo a Covid-19"},"content":{"rendered":"<ul>\n<li><strong><em>Dos, fueron aislados en La Saucera<\/em><\/strong><\/li>\n<\/ul>\n<p>&nbsp;<\/p>\n<div id=\"attachment_468666\" style=\"width: 470px\" class=\"wp-caption aligncenter\"><a href=\"https:\/\/www.diarioimagen.net\/?attachment_id=468666\" rel=\"attachment wp-att-468666\"><img loading=\"lazy\" decoding=\"async\" aria-describedby=\"caption-attachment-468666\" class=\"size-large wp-image-468666\" src=\"https:\/\/www.diarioimagen.net\/wp-content\/uploads\/2020\/05\/tultepec-4-460x259.jpg\" alt=\"\" width=\"460\" height=\"259\" srcset=\"https:\/\/www.diarioimagen.net\/wp-content\/uploads\/2020\/05\/tultepec-4-460x259.jpg 460w, https:\/\/www.diarioimagen.net\/wp-content\/uploads\/2020\/05\/tultepec-4-240x135.jpg 240w, https:\/\/www.diarioimagen.net\/wp-content\/uploads\/2020\/05\/tultepec-4-235x132.jpg 235w, https:\/\/www.diarioimagen.net\/wp-content\/uploads\/2020\/05\/tultepec-4-202x114.jpg 202w, https:\/\/www.diarioimagen.net\/wp-content\/uploads\/2020\/05\/tultepec-4-350x196.jpg 350w, https:\/\/www.diarioimagen.net\/wp-content\/uploads\/2020\/05\/tultepec-4-220x123.jpg 220w, https:\/\/www.diarioimagen.net\/wp-content\/uploads\/2020\/05\/tultepec-4-237x132.jpg 237w, https:\/\/www.diarioimagen.net\/wp-content\/uploads\/2020\/05\/tultepec-4.jpg 480w\" sizes=\"auto, (max-width: 460px) 100vw, 460px\" \/><\/a><p id=\"caption-attachment-468666\" class=\"wp-caption-text\">Miembros de la Coordinaci\u00f3n de Protecci\u00f3n Civil y Bomberos resultaron positivo a a Covid-19, por lo que fueron puestos en cuarentena en sus casas y dos de ellos en la estaci\u00f3n La Saucera.<\/p><\/div>\n<p>&nbsp;<\/p>\n<p><strong>Tultepec, Estado de M\u00e9xico<\/strong><strong>.- <\/strong>Ante la sospecha de que elementos de la Coordinaci\u00f3n de Protecci\u00f3n Civil y Bomberos resultaron positivo a la prueba de Covid-19, fueron puestos en cuarentena en sus casas y dos de ellos en la estaci\u00f3n de la dependencia ubicada en La Saucera, para evitar que pudieran afectar a sus familias, donde son atendidos y monitoreados permanentemente.<\/p>\n<p>La prueba a los 26 elementos de la corporaci\u00f3n se realiz\u00f3 de manera rutinaria, para cumplir el protocolo sugerido por el gobierno del Estado de M\u00e9xico, debido a que por la actividad que desempe\u00f1an son m\u00e1s susceptibles de contagio, sin embargo, hasta ese momento ninguno de quienes resultaron positivo a la prueba presentaban s\u00edntomas de la enfermedad.<\/p>\n<p>La aplicaci\u00f3n de la prueba a todo el personal de la corporaci\u00f3n se realiz\u00f3 en el Centro de Atenci\u00f3n Primaria a la Salud (CEAPS) de Tultepec, ubicado en Colonia Oxtoc, el 4 de mayo y el pasado martes 12, tras la entrega de los resultados se confirm\u00f3 que 8 de los 26 elementos dieron positivo.<\/p>\n<p>Desde el inicio de la emergencia sanitaria, el gobierno municipal dot\u00f3 a cada uno de los elementos de equipo de protecci\u00f3n, el cual consiste en overoles Tyvek, guantes, goggles normales y termo sellados, mascarillas N-95, cubrebocas y botas desechables para cubrir el calzado, as\u00ed como term\u00f3metros infrarrojos para tomar la temperatura de los pacientes a distancia.<\/p>\n<p>A la corporaci\u00f3n se le dot\u00f3 al menos de 50 equipos completos, con el objetivo de que una vez atendida una emergencia de posible sospecha de COVID-19, \u00e9stos fueran desechados por uno nuevo, y mantener en la medida de lo posible suficientemente protegido al personal de la Coordinaci\u00f3n de Protecci\u00f3n Civil y Bomberos de Tultepec.<\/p>\n<p>Israel Carrizosa, titular de la dependencia, dijo desconocer c\u00f3mo fue que resultaron contagiados los elementos, dado que por la responsabilidad social que tienen, ellos han continuado realizando su trabajo de atenci\u00f3n m\u00e9dica y traslados aplicando protocolos de prevenci\u00f3n con normalidad.<\/p>\n<p>La instrucci\u00f3n del alcalde es que, por la responsabilidad social del \u00e1rea no se quede ning\u00fan servicio sin atender, con el pretexto de falta de equipo, \u201cnos hemos ajustado a los protocolos de prevenci\u00f3n en la atenci\u00f3n de cada emergencia para una mayor seguridad del personal precisamente ante la pandemia que se vive en todo el mundo y de la cual M\u00e9xico no est\u00e1 exento\u201d, asegur\u00f3.<\/p>\n<p>Precis\u00f3 adem\u00e1s que, ante la falta de personal por este motivo, en todo momento hay una buena coordinaci\u00f3n con las unidades de protecci\u00f3n civil de los municipios vecinos, para que en caso de que se presente alguna emergencia mayor se tenga el apoyo de otras corporaciones.<\/p>\n<p>Cabe se\u00f1alar que previo a la realizaci\u00f3n de la prueba y hasta el momento, solo uno de los elementos que dieron positivo present\u00f3 s\u00edntomas fuertes, aunque ya muestra una acentuada mejor\u00eda, sin embargo, por responsabilidad y conciencia social cada uno de ellos est\u00e1 siendo observado y monitoreado, para brindarles una atenci\u00f3n m\u00e9dica m\u00e1s especializada en caso de que as\u00ed lo requieran.<\/p>\n<p>Tras la realizaci\u00f3n de la prueba, el resultado de la misma les fue notificado v\u00eda telef\u00f3nica por el CEAPS a cada uno de los elementos de la corporaci\u00f3n, sin mayor protocolo que la sugerencia de permanecer en cuarentena en sus domicilios, con la promesa de que este mismo se les entregar\u00eda por escrito en alrededor de cinco d\u00edas h\u00e1biles.<\/p>\n<p>El alcalde Armando Portuguez Fuentes llam\u00f3 personalmente a cada uno de los elementos que resultaron positivo para solidarizarse con ellos y sus familias, haci\u00e9ndoles saber que no est\u00e1n solos y que ser\u00e1n respaldados por el gobierno municipal en todo momento, mientras dure la crisis que est\u00e1n pasando, sin descartar la entrega de apoyos sociales a sus familias.<\/p>\n<p>Por lo pronto, a los familiares de los elementos tambi\u00e9n se les est\u00e1 realizando la prueba de COVID-19 en el Centro de Atenci\u00f3n Primaria a la Salud (CEAPS) de Tultepec, a fin de descartar que hayan resultado contagiados, y en su caso mantenerlos en observaci\u00f3n y bridarles el seguimiento necesario.<\/p>\n","protected":false},"excerpt":{"rendered":"<p>Ante la sospecha de que elementos de la Coordinaci\u00f3n de Protecci\u00f3n Civil y Bomberos resultaron positivo a la prueba de Covid-19, fueron puestos en cuarentena en sus casas y dos de ellos en la estaci\u00f3n de la dependencia ubicada en La Saucera, para evitar que pudieran afectar a sus familias, donde son atendidos y monitoreados permanentemente.<\/p>\n","protected":false},"author":3,"featured_media":468666,"comment_status":"open","ping_status":"open","sticky":false,"template":"","format":"standard","meta":{"_monsterinsights_skip_tracking":false,"_monsterinsights_sitenote_active":false,"_monsterinsights_sitenote_note":"","_monsterinsights_sitenote_category":0,"footnotes":""},"categories":[5],"tags":[58,90021,43675,3802],"class_list":["post-468567","post","type-post","status-publish","format-standard","has-post-thumbnail","hentry","category-estado-de-mexico","tag-bomberos","tag-covid-19","tag-estado-de-mexico","tag-tultepec"],"_links":{"self":[{"href":"https:\/\/www.diarioimagen.net\/index.php?rest_route=\/wp\/v2\/posts\/468567","targetHints":{"allow":["GET"]}}],"collection":[{"href":"https:\/\/www.diarioimagen.net\/index.php?rest_route=\/wp\/v2\/posts"}],"about":[{"href":"https:\/\/www.diarioimagen.net\/index.php?rest_route=\/wp\/v2\/types\/post"}],"author":[{"embeddable":true,"href":"https:\/\/www.diarioimagen.net\/index.php?rest_route=\/wp\/v2\/users\/3"}],"replies":[{"embeddable":true,"href":"https:\/\/www.diarioimagen.net\/index.php?rest_route=%2Fwp%2Fv2%2Fcomments&post=468567"}],"version-history":[{"count":0,"href":"https:\/\/www.diarioimagen.net\/index.php?rest_route=\/wp\/v2\/posts\/468567\/revisions"}],"wp:featuredmedia":[{"embeddable":true,"href":"https:\/\/www.diarioimagen.net\/index.php?rest_route=\/wp\/v2\/media\/468666"}],"wp:attachment":[{"href":"https:\/\/www.diarioimagen.net\/index.php?rest_route=%2Fwp%2Fv2%2Fmedia&parent=468567"}],"wp:term":[{"taxonomy":"category","embeddable":true,"href":"https:\/\/www.diarioimagen.net\/index.php?rest_route=%2Fwp%2Fv2%2Fcategories&post=468567"},{"taxonomy":"post_tag","embeddable":true,"href":"https:\/\/www.diarioimagen.net\/index.php?rest_route=%2Fwp%2Fv2%2Ftags&post=468567"}],"curies":[{"name":"wp","href":"https:\/\/api.w.org\/{rel}","templated":true}]}}