{"id":468569,"date":"2020-05-15T00:03:19","date_gmt":"2020-05-15T05:03:19","guid":{"rendered":"https:\/\/www.diarioimagen.net\/?p=468569"},"modified":"2020-05-15T03:44:41","modified_gmt":"2020-05-15T08:44:41","slug":"reconocen-a-tlalnepantla-por-aceptar-recomendacion-general-sobre-coronavirus","status":"publish","type":"post","link":"https:\/\/www.diarioimagen.net\/?p=468569","title":{"rendered":"Reconocen a Tlalnepantla por aceptar recomendaci\u00f3n general sobre coronavirus"},"content":{"rendered":"<ul>\n<li><strong><em>Por parte de la Codhem<\/em><\/strong><\/li>\n<\/ul>\n<p>&nbsp;<\/p>\n<div id=\"attachment_468669\" style=\"width: 470px\" class=\"wp-caption aligncenter\"><a href=\"https:\/\/www.diarioimagen.net\/?attachment_id=468669\" rel=\"attachment wp-att-468669\"><img loading=\"lazy\" decoding=\"async\" aria-describedby=\"caption-attachment-468669\" class=\"size-large wp-image-468669\" src=\"https:\/\/www.diarioimagen.net\/wp-content\/uploads\/2020\/05\/tlalnepantla-6-460x259.jpg\" alt=\"\" width=\"460\" height=\"259\" srcset=\"https:\/\/www.diarioimagen.net\/wp-content\/uploads\/2020\/05\/tlalnepantla-6-460x259.jpg 460w, https:\/\/www.diarioimagen.net\/wp-content\/uploads\/2020\/05\/tlalnepantla-6-240x135.jpg 240w, https:\/\/www.diarioimagen.net\/wp-content\/uploads\/2020\/05\/tlalnepantla-6-235x132.jpg 235w, https:\/\/www.diarioimagen.net\/wp-content\/uploads\/2020\/05\/tlalnepantla-6-202x114.jpg 202w, https:\/\/www.diarioimagen.net\/wp-content\/uploads\/2020\/05\/tlalnepantla-6-350x196.jpg 350w, https:\/\/www.diarioimagen.net\/wp-content\/uploads\/2020\/05\/tlalnepantla-6-220x123.jpg 220w, https:\/\/www.diarioimagen.net\/wp-content\/uploads\/2020\/05\/tlalnepantla-6-237x132.jpg 237w, https:\/\/www.diarioimagen.net\/wp-content\/uploads\/2020\/05\/tlalnepantla-6.jpg 480w\" sizes=\"auto, (max-width: 460px) 100vw, 460px\" \/><\/a><p id=\"caption-attachment-468669\" class=\"wp-caption-text\">La Codhem reconoci\u00f3 al gobierno de Tlalnepantla como uno de los primeros municipios en aceptar la recomendaci\u00f3n general 1\/2020 sobre atenci\u00f3n a la pandemia del Covid-19.<\/p><\/div>\n<p>&nbsp;<\/p>\n<p><strong>Tlalnepantla, Estado de M\u00e9xico.- <\/strong>La Comisi\u00f3n de Derechos Humanos del Estado de M\u00e9xico (Codhem) reconoci\u00f3 al Gobierno local como uno de los primeros municipios en aceptar la recomendaci\u00f3n general 1\/2020 sobre atenci\u00f3n a la pandemia del COVID-19 con perspectiva de derechos humanos.<\/p>\n<p>En un comunicado, el organismo estatal inform\u00f3 que el Presidente Municipal Raciel P\u00e9rez Cruz y su hom\u00f3logo de San Felipe del Progreso, Alejandro Tenorio Esquivel, fueron los primeros ediles en enviar oficios de aceptaci\u00f3n a esta recomendaci\u00f3n emitida el 11 de mayo, dirigida a los Poderes Ejecutivo, Judicial, los 125 municipios y la Fiscal\u00eda General de Justicia.<\/p>\n<p>En la recomendaci\u00f3n, el Presidente de la Codhem, Jorge Olvera Garc\u00eda, solicit\u00f3 a las autoridades locales privilegiar la m\u00e1xima protecci\u00f3n a las personas y grupos en situaci\u00f3n de vulnerabilidad y reforzar la concientizaci\u00f3n para cumplir con la Jornada Nacional de Sana Distancia.<\/p>\n<p>De acuerdo con el organismo, el Edil de Tlalnepantla indic\u00f3 que exhort\u00f3 a \u201clas personas servidoras p\u00fablicas a realizar acciones conforme a las competencias, funciones y atribuciones conferidas, en estricto apego al respeto a los derechos humanos, con la implementaci\u00f3n de estrategias eficaces y el fortalecimiento de las medidas de prevenci\u00f3n, contenci\u00f3n y atenci\u00f3n a la pandemia por COVID-19, en el marco de la protecci\u00f3n de los derechos de quienes habitan y transitan por el territorio local\u201d.<\/p>\n<p>Adem\u00e1s, se establece en el comunicado, ambos ediles se\u00f1alan que \u201chan tomado las medidas necesarias para salvaguardar la protecci\u00f3n e integridad de las personas, por medio de la promoci\u00f3n, difusi\u00f3n, respeto y defensa de la dignidad humana y se comprometen a concientizar a los habitantes de sus demarcaciones sobre el cumplimiento de la Jornada Nacional de Sana Distancia\u201d.<\/p>\n","protected":false},"excerpt":{"rendered":"<p>La Comisi\u00f3n de Derechos Humanos del Estado de M\u00e9xico (Codhem) reconoci\u00f3 al Gobierno local como uno de los primeros municipios en aceptar la recomendaci\u00f3n general 1\/2020 sobre atenci\u00f3n a la pandemia del COVID-19 con perspectiva de derechos humanos.<\/p>\n","protected":false},"author":3,"featured_media":468669,"comment_status":"open","ping_status":"open","sticky":false,"template":"","format":"standard","meta":{"_monsterinsights_skip_tracking":false,"_monsterinsights_sitenote_active":false,"_monsterinsights_sitenote_note":"","_monsterinsights_sitenote_category":0,"footnotes":""},"categories":[5],"tags":[89658,43675,169],"class_list":["post-468569","post","type-post","status-publish","format-standard","has-post-thumbnail","hentry","category-estado-de-mexico","tag-coronavirus","tag-estado-de-mexico","tag-tlalnepantla"],"_links":{"self":[{"href":"https:\/\/www.diarioimagen.net\/index.php?rest_route=\/wp\/v2\/posts\/468569","targetHints":{"allow":["GET"]}}],"collection":[{"href":"https:\/\/www.diarioimagen.net\/index.php?rest_route=\/wp\/v2\/posts"}],"about":[{"href":"https:\/\/www.diarioimagen.net\/index.php?rest_route=\/wp\/v2\/types\/post"}],"author":[{"embeddable":true,"href":"https:\/\/www.diarioimagen.net\/index.php?rest_route=\/wp\/v2\/users\/3"}],"replies":[{"embeddable":true,"href":"https:\/\/www.diarioimagen.net\/index.php?rest_route=%2Fwp%2Fv2%2Fcomments&post=468569"}],"version-history":[{"count":0,"href":"https:\/\/www.diarioimagen.net\/index.php?rest_route=\/wp\/v2\/posts\/468569\/revisions"}],"wp:featuredmedia":[{"embeddable":true,"href":"https:\/\/www.diarioimagen.net\/index.php?rest_route=\/wp\/v2\/media\/468669"}],"wp:attachment":[{"href":"https:\/\/www.diarioimagen.net\/index.php?rest_route=%2Fwp%2Fv2%2Fmedia&parent=468569"}],"wp:term":[{"taxonomy":"category","embeddable":true,"href":"https:\/\/www.diarioimagen.net\/index.php?rest_route=%2Fwp%2Fv2%2Fcategories&post=468569"},{"taxonomy":"post_tag","embeddable":true,"href":"https:\/\/www.diarioimagen.net\/index.php?rest_route=%2Fwp%2Fv2%2Ftags&post=468569"}],"curies":[{"name":"wp","href":"https:\/\/api.w.org\/{rel}","templated":true}]}}