{"id":468693,"date":"2020-05-18T00:05:31","date_gmt":"2020-05-18T05:05:31","guid":{"rendered":"https:\/\/www.diarioimagen.net\/?p=468693"},"modified":"2020-05-18T23:29:38","modified_gmt":"2020-05-19T04:29:38","slug":"delinean-el-perfil-del-turista-post-covid-19","status":"publish","type":"post","link":"https:\/\/www.diarioimagen.net\/?p=468693","title":{"rendered":"Delinean el perfil del turista post Covid-19"},"content":{"rendered":"<ul>\n<li><em><strong>Investigaci\u00f3n de acad\u00e9mica de UAEM<\/strong><\/em><\/li>\n<\/ul>\n<p>&nbsp;<\/p>\n<div id=\"attachment_468765\" style=\"width: 470px\" class=\"wp-caption aligncenter\"><a href=\"https:\/\/www.diarioimagen.net\/?attachment_id=468765\" rel=\"attachment wp-att-468765\"><img loading=\"lazy\" decoding=\"async\" aria-describedby=\"caption-attachment-468765\" class=\"size-large wp-image-468765\" src=\"https:\/\/www.diarioimagen.net\/wp-content\/uploads\/2020\/05\/UAEM-1-460x259.jpg\" alt=\"\" width=\"460\" height=\"259\" srcset=\"https:\/\/www.diarioimagen.net\/wp-content\/uploads\/2020\/05\/UAEM-1-460x259.jpg 460w, https:\/\/www.diarioimagen.net\/wp-content\/uploads\/2020\/05\/UAEM-1-240x135.jpg 240w, https:\/\/www.diarioimagen.net\/wp-content\/uploads\/2020\/05\/UAEM-1-235x132.jpg 235w, https:\/\/www.diarioimagen.net\/wp-content\/uploads\/2020\/05\/UAEM-1-202x114.jpg 202w, https:\/\/www.diarioimagen.net\/wp-content\/uploads\/2020\/05\/UAEM-1-350x196.jpg 350w, https:\/\/www.diarioimagen.net\/wp-content\/uploads\/2020\/05\/UAEM-1-220x123.jpg 220w, https:\/\/www.diarioimagen.net\/wp-content\/uploads\/2020\/05\/UAEM-1-237x132.jpg 237w, https:\/\/www.diarioimagen.net\/wp-content\/uploads\/2020\/05\/UAEM-1.jpg 480w\" sizes=\"auto, (max-width: 460px) 100vw, 460px\" \/><\/a><p id=\"caption-attachment-468765\" class=\"wp-caption-text\">La mayor\u00eda de los potenciales turistas esperan protocolos de seguridad y certificados que avalen que los hospedajes est\u00e9n libres del nuevo virus<\/p><\/div>\n<p>&nbsp;<\/p>\n<p><strong>Toluca, Estado de M\u00e9xico.\u2013 <\/strong>La acad\u00e9mica de la Universidad Aut\u00f3noma del Estado de M\u00e9xico, Mar\u00eda Elena Delgado Ayala, inici\u00f3 el trabajo de investigaci\u00f3n \u201cPerfil del turista post Covid-19 y su importancia en la toma de decisiones para la reactivaci\u00f3n del turismo\u201d.<\/p>\n<p>La catedr\u00e1tica de la Facultad de Turismo y Gastronom\u00eda de la UAEM detall\u00f3 que en el marco de este trabajo realiz\u00f3 las primeras 600 entrevistas a potenciales turistas mexicanos, muchos de ellos habitantes del centro del pa\u00eds.<\/p>\n<p>La mayor\u00eda, precis\u00f3, pertenecen a las generaciones X y Millennial; son profesionistas independientes, empleados y estudiantes; viajan en pareja o familia, 57 por ciento utiliza efectivo para pagar sus viajes y 80 por ciento revisa previamente su destino por internet.<\/p>\n<p>Abund\u00f3 que 44 por ciento expres\u00f3 que el temor a contagiarse de Covid-19 es la principal raz\u00f3n para considerar vacacionar una vez concluida la contingencia sanitaria, mientras que 40 por ciento destac\u00f3 la falta de solvencia econ\u00f3mica. De igual manera, puntualiz\u00f3 Delgado Ayala, 85 por ciento de los entrevistados est\u00e1 interesado en visitar un destino nacional tras la cuarentena, 10 por ciento al extranjero y 5 por ciento no planea ning\u00fan viaje.<\/p>\n<p>La investigadora enfatiz\u00f3 que 44 por ciento de los entrevistados tiene previsto, una vez concluido el confinamiento por la contingencia sanitaria, realizar su primer viaje entre noviembre y diciembre de 2020.<\/p>\n<p>Adem\u00e1s, dijo, 39 por ciento de los potenciales turistas manifest\u00f3 que esperan protocolos de seguridad y certificados que avalen que los hospedajes est\u00e9n libres del virus que provoca la Covid-19, que garanticen estrictas medidas sanitarias en servicios de bebidas y alimentos, as\u00ed como una mayor separaci\u00f3n entre los usuarios de las terminales a\u00e9reas y de autobuses. Mar\u00eda Elena Delgado Ayala indic\u00f3 que m\u00e1s de 50 por ciento de los participantes en las encuestas de la investigaci\u00f3n prev\u00e9n su primer viaje tur\u00edstico a la playa, siendo los principales destinos la Riviera Maya, Acapulco y Oaxaca.<\/p>\n","protected":false},"excerpt":{"rendered":"<p>La acad\u00e9mica de la Universidad Aut\u00f3noma del Estado de M\u00e9xico, Mar\u00eda Elena Delgado Ayala, inici\u00f3 el trabajo de investigaci\u00f3n \u201cPerfil del turista post Covid-19 y su importancia en la toma de decisiones para la reactivaci\u00f3n del turismo\u201d.<\/p>\n","protected":false},"author":3,"featured_media":468765,"comment_status":"open","ping_status":"open","sticky":false,"template":"","format":"standard","meta":{"_monsterinsights_skip_tracking":false,"_monsterinsights_sitenote_active":false,"_monsterinsights_sitenote_note":"","_monsterinsights_sitenote_category":0,"footnotes":""},"categories":[5],"tags":[90021,43675,29516,452,43681],"class_list":["post-468693","post","type-post","status-publish","format-standard","has-post-thumbnail","hentry","category-estado-de-mexico","tag-covid-19","tag-estado-de-mexico","tag-pandemia","tag-toluca","tag-turismo"],"_links":{"self":[{"href":"https:\/\/www.diarioimagen.net\/index.php?rest_route=\/wp\/v2\/posts\/468693","targetHints":{"allow":["GET"]}}],"collection":[{"href":"https:\/\/www.diarioimagen.net\/index.php?rest_route=\/wp\/v2\/posts"}],"about":[{"href":"https:\/\/www.diarioimagen.net\/index.php?rest_route=\/wp\/v2\/types\/post"}],"author":[{"embeddable":true,"href":"https:\/\/www.diarioimagen.net\/index.php?rest_route=\/wp\/v2\/users\/3"}],"replies":[{"embeddable":true,"href":"https:\/\/www.diarioimagen.net\/index.php?rest_route=%2Fwp%2Fv2%2Fcomments&post=468693"}],"version-history":[{"count":0,"href":"https:\/\/www.diarioimagen.net\/index.php?rest_route=\/wp\/v2\/posts\/468693\/revisions"}],"wp:featuredmedia":[{"embeddable":true,"href":"https:\/\/www.diarioimagen.net\/index.php?rest_route=\/wp\/v2\/media\/468765"}],"wp:attachment":[{"href":"https:\/\/www.diarioimagen.net\/index.php?rest_route=%2Fwp%2Fv2%2Fmedia&parent=468693"}],"wp:term":[{"taxonomy":"category","embeddable":true,"href":"https:\/\/www.diarioimagen.net\/index.php?rest_route=%2Fwp%2Fv2%2Fcategories&post=468693"},{"taxonomy":"post_tag","embeddable":true,"href":"https:\/\/www.diarioimagen.net\/index.php?rest_route=%2Fwp%2Fv2%2Ftags&post=468693"}],"curies":[{"name":"wp","href":"https:\/\/api.w.org\/{rel}","templated":true}]}}