{"id":468709,"date":"2020-05-18T00:01:22","date_gmt":"2020-05-18T05:01:22","guid":{"rendered":"https:\/\/www.diarioimagen.net\/?p=468709"},"modified":"2020-05-18T02:11:47","modified_gmt":"2020-05-18T07:11:47","slug":"brinda-instituto-de-la-mujer-en-atizapan-apoyo-psicologico-y-talleres-via-zoom","status":"publish","type":"post","link":"https:\/\/www.diarioimagen.net\/?p=468709","title":{"rendered":"Brinda Instituto de la Mujer en Atizap\u00e1n apoyo psicol\u00f3gico y talleres v\u00eda Zoom"},"content":{"rendered":"<p><a href=\"https:\/\/www.diarioimagen.net\/?attachment_id=468783\" rel=\"attachment wp-att-468783\"><img loading=\"lazy\" decoding=\"async\" class=\"aligncenter size-large wp-image-468783\" src=\"https:\/\/www.diarioimagen.net\/wp-content\/uploads\/2020\/05\/atizapan-3-460x234.jpg\" alt=\"\" width=\"460\" height=\"234\" srcset=\"https:\/\/www.diarioimagen.net\/wp-content\/uploads\/2020\/05\/atizapan-3-460x234.jpg 460w, https:\/\/www.diarioimagen.net\/wp-content\/uploads\/2020\/05\/atizapan-3-240x122.jpg 240w, https:\/\/www.diarioimagen.net\/wp-content\/uploads\/2020\/05\/atizapan-3.jpg 640w\" sizes=\"auto, (max-width: 460px) 100vw, 460px\" \/><\/a><\/p>\n<p>&nbsp;<\/p>\n<p><strong>Atizap\u00e1n, Estado de M\u00e9xico<\/strong><strong>.- <\/strong>Ante el riesgo de que mujeres, ni\u00f1as, ni\u00f1os y adolescentes sean v\u00edctimas de violencia intrafamiliar durante el confinamiento por la emergencia sanitaria, el gobierno municipal, a trav\u00e9s del Instituto de la Mujer de Atizap\u00e1n, ofrece asistencia psicol\u00f3gica y jur\u00eddica v\u00eda telef\u00f3nica o mediante la aplicaci\u00f3n de videollamadas Zoom.<\/p>\n<p>El Instituto de la Mujer apunt\u00f3 que la violencia no es normal y no tienen ninguna justificaci\u00f3n, por lo que si alguna persona teme de la situaci\u00f3n que vive, no debe dudar en llamar a la dependencia para pedir orientaci\u00f3n o ayuda.<\/p>\n","protected":false},"excerpt":{"rendered":"<p>Ante el riesgo de que mujeres, ni\u00f1as, ni\u00f1os y adolescentes sean v\u00edctimas de violencia intrafamiliar durante el confinamiento por la emergencia sanitaria, el gobierno municipal, a trav\u00e9s del Instituto de la Mujer de Atizap\u00e1n, ofrece asistencia psicol\u00f3gica y jur\u00eddica v\u00eda telef\u00f3nica o mediante la aplicaci\u00f3n de videollamadas Zoom.<\/p>\n","protected":false},"author":3,"featured_media":468783,"comment_status":"open","ping_status":"open","sticky":false,"template":"","format":"standard","meta":{"_monsterinsights_skip_tracking":false,"_monsterinsights_sitenote_active":false,"_monsterinsights_sitenote_note":"","_monsterinsights_sitenote_category":0,"footnotes":""},"categories":[5],"tags":[2701,969,43675,78354,47121],"class_list":["post-468709","post","type-post","status-publish","format-standard","has-post-thumbnail","hentry","category-estado-de-mexico","tag-apoyo","tag-atizapan","tag-estado-de-mexico","tag-psicologico","tag-talleres"],"_links":{"self":[{"href":"https:\/\/www.diarioimagen.net\/index.php?rest_route=\/wp\/v2\/posts\/468709","targetHints":{"allow":["GET"]}}],"collection":[{"href":"https:\/\/www.diarioimagen.net\/index.php?rest_route=\/wp\/v2\/posts"}],"about":[{"href":"https:\/\/www.diarioimagen.net\/index.php?rest_route=\/wp\/v2\/types\/post"}],"author":[{"embeddable":true,"href":"https:\/\/www.diarioimagen.net\/index.php?rest_route=\/wp\/v2\/users\/3"}],"replies":[{"embeddable":true,"href":"https:\/\/www.diarioimagen.net\/index.php?rest_route=%2Fwp%2Fv2%2Fcomments&post=468709"}],"version-history":[{"count":0,"href":"https:\/\/www.diarioimagen.net\/index.php?rest_route=\/wp\/v2\/posts\/468709\/revisions"}],"wp:featuredmedia":[{"embeddable":true,"href":"https:\/\/www.diarioimagen.net\/index.php?rest_route=\/wp\/v2\/media\/468783"}],"wp:attachment":[{"href":"https:\/\/www.diarioimagen.net\/index.php?rest_route=%2Fwp%2Fv2%2Fmedia&parent=468709"}],"wp:term":[{"taxonomy":"category","embeddable":true,"href":"https:\/\/www.diarioimagen.net\/index.php?rest_route=%2Fwp%2Fv2%2Fcategories&post=468709"},{"taxonomy":"post_tag","embeddable":true,"href":"https:\/\/www.diarioimagen.net\/index.php?rest_route=%2Fwp%2Fv2%2Ftags&post=468709"}],"curies":[{"name":"wp","href":"https:\/\/api.w.org\/{rel}","templated":true}]}}