{"id":468730,"date":"2020-05-18T00:03:34","date_gmt":"2020-05-18T05:03:34","guid":{"rendered":"https:\/\/www.diarioimagen.net\/?p=468730"},"modified":"2020-07-05T09:27:48","modified_gmt":"2020-07-05T14:27:48","slug":"solo-malas-noticias","status":"publish","type":"post","link":"https:\/\/www.diarioimagen.net\/?p=468730","title":{"rendered":"S\u00f3lo malas noticias"},"content":{"rendered":"<h2>Perfil de M\u00e9xico<\/h2>\n<h5>Armando R\u00edos Ruiz<\/h5>\n<p>&nbsp;<\/p>\n<p>Desde que inici\u00f3 la 4T, los mexicanos han estado lejos de escuchar una noticia digna de aplauso, tanto por \u201cchairos\u201d como por \u201cfif\u00eds\u201d, aunque eso no importa. Con que los convencidos del Presidente est\u00e9n conformes, es suficiente. Aqu\u00ed se gobierna s\u00f3lo para unos, para los que aplauden la comunicaci\u00f3n m\u00e1s insignificante, siempre y cuando la haga su maestro y gu\u00eda.<\/p>\n<p>\u00bfQui\u00e9nes aplauden? Los improductivos, que reciben dinero como vendedores de votos, que defienden la cancelaci\u00f3n del Aeropuerto de Texcoco, siempre con el mismo argumento: ellos no usan aviones. Sin pensar que el proyecto abrir\u00eda oportunidades comerciales. Que no s\u00f3lo servir\u00eda para llevar y traer gente, sino tambi\u00e9n para el intercambio de mercanc\u00edas con muchos lugares.<\/p>\n<p>Aplauden como si alguien les dictara el libreto, la libertad de \u201cEl Chapito\u201d, la cancelaci\u00f3n de varias reformas ya aprobadas con antelaci\u00f3n, como la de educaci\u00f3n, que seguramente colocar\u00e1 a nuestros paisanos entre los peores educados del mundo. Entre otros puntos, desapareci\u00f3 el Instituto Nacional para la Evaluaci\u00f3n de la Educaci\u00f3n (INEE).<\/p>\n<p>Aplauden su viaje a la sierra de Sinaloa a saludar a la madre de quien fuera el narcotraficante m\u00e1s famoso del mundo, Joaqu\u00edn Guzm\u00e1n Loera; la p\u00e9sima negociaci\u00f3n de la secretaria Roc\u00edo Nahle con los pa\u00edses miembros de la OPEP, quien se exhibi\u00f3 como aut\u00e9ntica ignorante en la materia y hace todo lo posible porque, adem\u00e1s de los mexicanos pensantes, los extranjeros la vean tambi\u00e9n como una inepta fosforescente.<\/p>\n<p>Ahora, es tiempo de aplaudir tambi\u00e9n la decisi\u00f3n de frenar las inversiones en energ\u00edas limpias o renovables y utilizar las contrarias o sucias, mucho m\u00e1s caras. Por lo mismo, tendremos que pagar recibos m\u00e1s altos, adem\u00e1s de que contaminar\u00e1n m\u00e1s el medio ambiente<\/p>\n<p>Muchos nos preguntamos si estas conductas contrarias a lo que significa el progreso de un pa\u00eds son ordenadas por el Presidente de Estados Unidos, \u00fanico a quien el nuestro hace caso hasta el punto de tirarse de un precipicio. Aunque nadie podr\u00eda adivinar a qu\u00e9 obedecer\u00eda una orden de este tama\u00f1o. La decisi\u00f3n traer\u00e1 consigo una avalancha de denuncias de muchos pa\u00edses del mundo que tienen\u00a0 negocios aqu\u00ed, adem\u00e1s de pagos millonarios por las cancelaciones.<\/p>\n<p>A lo mejor se trata de una aversi\u00f3n natural a la clase empresarial, como siempre ha demostrado que la tiene, aunque esto conlleve perder dinero tan escaso y que escasear\u00e1 m\u00e1s, una vez que comiencen a sentirse los estragos de la pandemia y el p\u00e9simo manejo de nuestra econom\u00eda.<\/p>\n<p>Parece que nuestros funcionarios est\u00e1n empecinados en llevar a M\u00e9xico a toda prisa, en reversa, sin ninguna expectativa futurista, que prevenga el fin de la energ\u00eda no renovable y que sea sustituida por la solar y la e\u00f3lica, mucho menos caras y relevos ideales por sus bondades indiscutibles. Cada d\u00eda se habla del final de los yacimientos de petr\u00f3leo, del da\u00f1o que hace junto con otras, como el carb\u00f3n y del inminente sustituto con otras que son menos perjudiciales.<\/p>\n<p>Lo \u00fanico que podemos ganar con semejantes actos, es la total desconfianza de los inversionistas extranjeros e inclusive nacionales, siempre ninguneados y temerosos de invertir en su propio pa\u00eds. Ya hubo una muestra con la cervecera Constellation Brands. Esta es otra demostraci\u00f3n plena de que a nuestro gobierno le interesa un bledo la inversi\u00f3n p\u00fablica. Con esas credenciales, sabemos hacia d\u00f3nde vamos sin freno.<\/p>\n<p>Dijo nuestro mandatario hace varios meses, que los aparatos que generan la energ\u00eda e\u00f3lica afean el paisaje y por eso, mejor no permitirlos. Debe ser un argumento de mucho peso para eliminarlos, aunque el servicio que proporcionan sea impresionantemente efectivo. En muchos lugares del mundo, Estados Unidos, por ejemplo, abundan y nadie ha comentado que las h\u00e9lices est\u00e1n feas. Pero con semejante an\u00e1lisis, ni quien discuta.<\/p>\n<p><a href=\"mailto:ariosruiz@gmail.com\" target=\"_blank\" rel=\"noopener noreferrer\"><em>ariosruiz@gmail.com<\/em><\/a><\/p>\n","protected":false},"excerpt":{"rendered":"<p><span style=\"color: #005497;\"><strong>Armando R\u00edos Ruiz<\/strong><\/span><\/p>\n","protected":false},"author":3,"featured_media":0,"comment_status":"open","ping_status":"open","sticky":false,"template":"","format":"standard","meta":{"_monsterinsights_skip_tracking":false,"_monsterinsights_sitenote_active":false,"_monsterinsights_sitenote_note":"","_monsterinsights_sitenote_category":0,"footnotes":""},"categories":[88405],"tags":[88407,43674,88406],"class_list":["post-468730","post","type-post","status-publish","format-standard","hentry","category-armando-rios-ruiz","tag-armando-rios-ruiz","tag-opinion","tag-perfiles-de-mexico"],"_links":{"self":[{"href":"https:\/\/www.diarioimagen.net\/index.php?rest_route=\/wp\/v2\/posts\/468730","targetHints":{"allow":["GET"]}}],"collection":[{"href":"https:\/\/www.diarioimagen.net\/index.php?rest_route=\/wp\/v2\/posts"}],"about":[{"href":"https:\/\/www.diarioimagen.net\/index.php?rest_route=\/wp\/v2\/types\/post"}],"author":[{"embeddable":true,"href":"https:\/\/www.diarioimagen.net\/index.php?rest_route=\/wp\/v2\/users\/3"}],"replies":[{"embeddable":true,"href":"https:\/\/www.diarioimagen.net\/index.php?rest_route=%2Fwp%2Fv2%2Fcomments&post=468730"}],"version-history":[{"count":0,"href":"https:\/\/www.diarioimagen.net\/index.php?rest_route=\/wp\/v2\/posts\/468730\/revisions"}],"wp:attachment":[{"href":"https:\/\/www.diarioimagen.net\/index.php?rest_route=%2Fwp%2Fv2%2Fmedia&parent=468730"}],"wp:term":[{"taxonomy":"category","embeddable":true,"href":"https:\/\/www.diarioimagen.net\/index.php?rest_route=%2Fwp%2Fv2%2Fcategories&post=468730"},{"taxonomy":"post_tag","embeddable":true,"href":"https:\/\/www.diarioimagen.net\/index.php?rest_route=%2Fwp%2Fv2%2Ftags&post=468730"}],"curies":[{"name":"wp","href":"https:\/\/api.w.org\/{rel}","templated":true}]}}