{"id":468832,"date":"2020-05-19T00:02:08","date_gmt":"2020-05-19T05:02:08","guid":{"rendered":"https:\/\/www.diarioimagen.net\/?p=468832"},"modified":"2020-05-19T01:34:08","modified_gmt":"2020-05-19T06:34:08","slug":"ramirez-cuellar-se-ofrecio-a-hacerle-el-trabajo-sucio-a-lopez-obrador","status":"publish","type":"post","link":"https:\/\/www.diarioimagen.net\/?p=468832","title":{"rendered":"\u00bfRam\u00edrez Cu\u00e9llar se ofreci\u00f3 a hacerle el trabajo sucio a L\u00f3pez Obrador?"},"content":{"rendered":"<h2>La Retaguardia<\/h2>\n<h5>Adriana Moreno Cordero<\/h5>\n<p>&nbsp;<\/p>\n<p>Vaya tormenta que desat\u00f3 ni m\u00e1s ni menos que el flamante dirigente de Morena, <strong>Alfonso Ram\u00edrez Cu\u00e9llar<\/strong>, al presentar, m\u00e1s que una propuesta, una locura, al demandar que el Inegi se meta en las casas de todos los mexicanos para indagar sus bienes y accesar incluso hasta a las cuentas bancarias.<\/p>\n<p>En el mejor de los casos, todo indica que el tan \u201claureado\u201d Movimiento de Regeneraci\u00f3n Nacional pretende erigirse como la polic\u00eda que puede tener el control absoluto de la ciudadan\u00eda. Esto es una verdadera l\u00e1stima porque cuando Ram\u00edrez Cu\u00e9llar lleg\u00f3 a relevar en ese partido a <strong>Yeidckol Polevnsky<\/strong>, buena parte de la militancia que por cierto, ya se est\u00e1 desencantando con el proyecto de la llamada Cuarta Transformaci\u00f3n, respiraron aliviados considerando que el ex dirigente de El Barz\u00f3n era una persona m\u00e1s centrada, sin los afanes de la se\u00f1ora Polevnsky, pero al parecer, result\u00f3 peor.<\/p>\n<p>Y peor, porque todav\u00eda el diputado morenista con licencia, tuvo la desfachatez de defender su incoherente planteamiento a la voz de que: \u201cel hecho de que el Inegi sea la instancia encargada para esta labor, (hacerla de polic\u00eda para violar la intimidad de los hogares del pa\u00eds), busca evitar que la informaci\u00f3n obtenida est\u00e9 determinada por ideolog\u00edas o vaivenes pol\u00edticos\u201d.<\/p>\n<p>Ram\u00edrez Cu\u00e9llar insisti\u00f3 en que se requieren datos confiables para medir la desigualdad. No, lo que en realidad quiere el decepcionante l\u00edder de Morena, es contar con informaci\u00f3n para tener el control de la ciudadan\u00eda, especialmente de cara a los comicios de 2021. O, \u00bfser\u00e1 que no se acuerdan ya en ese partido cuando la casi invisible secretaria de Gobernaci\u00f3n, <strong>Olga S\u00e1nchez Cordero,<\/strong> no pudo conseguir los datos biom\u00e9tricos contenidos en el padr\u00f3n electoral que maneja el Instituto Nacional Electoral, con el pretexto de crear una c\u00e9dula \u00fanica de identidad?<\/p>\n<p>En realidad, lo que pretend\u00eda en esa ocasi\u00f3n el gabinete de esta llamada Cuarta Transformaci\u00f3n, era obtener los datos de m\u00e1s de 90 millones de mexicanas y mexicanos inscritos en el padr\u00f3n electoral.<\/p>\n<p>Afortunadamente, el consejero-presidente del Instituto, <strong>Lorenzo C\u00f3rdova<\/strong>, que a diferencia de Ram\u00edrez Cu\u00e9llar, s\u00ed es un ser pensante, sensato y profesional, argument\u00f3, -como se recordar\u00e1-, que legalmente era imposible conceder a la Secretar\u00eda de Gobernaci\u00f3n una informaci\u00f3n tan personal que pertenece a la ciudadan\u00eda.<\/p>\n<p>Luego, la actual administraci\u00f3n y sus bancadas en el Congreso de la Uni\u00f3n, la emprendieron contra el consejero-presidente del INE y han tratado de reducir su mandato y en suma, quitarlo de su puesto por no haberse plegado a la voluntad del presidente <strong>Andr\u00e9s Manuel L\u00f3pez Obrador<\/strong>, en lo que sin duda constituye un vil atentado contra la democracia.<\/p>\n<p>\u00bfSer\u00e1 entonces que ahora\u00a0 Ram\u00edrez Cu\u00e9llar, afanosito, se ofreci\u00f3 a hacer el trabajo al Presidente?, porque por lo que se ve, el tabasque\u00f1o no ha quitado el dedo del rengl\u00f3n y al precio que sea, quiere obtener ese tipo de informaci\u00f3n.<\/p>\n<p>Por su parte, el diputado con licencia que no entiende nada de lo que hace todav\u00eda difundi\u00f3 por sus redes que su intenci\u00f3n es dotar al Inegi de un \u00f3rgano constitucional aut\u00f3nomo, \u201cde mayores facultades para que dise\u00f1e una metodolog\u00eda m\u00e1s adecuada para conocer las verdaderas dimensiones de la desigualdad en M\u00e9xico\u201d.<\/p>\n<p>Afortunadamente, ni en Morena y menos a\u00fan en la oposici\u00f3n, aceptan la aberraci\u00f3n planteada por Ram\u00edrez Cu\u00e9llar. El presidente de la Junta de Coordinaci\u00f3n Pol\u00edtica del Senado de la Rep\u00fablica, <strong>Ricardo Monreal<\/strong>, descart\u00f3 la pretendida reforma al Inegi y el SAT y subray\u00f3 que en la c\u00e1mara alta \u201cse actuar\u00e1 con responsabilidad pol\u00edtica, siempre con di\u00e1logo y en b\u00fasqueda de consensos\u201d. Agreg\u00f3 el senador zacatecano: \u201cQuiero decirles con toda contundencia que, en el Senado no hay iniciativa alguna para poder ampliar y otorgar nuevas facultades al Inegi\u201d.<\/p>\n<p>El senador por Movimiento Ciudadano, <strong>Samuel Garc\u00eda<\/strong>, opin\u00f3 que la iniciativa viola el Art\u00edculo 16 de la Constituci\u00f3n, que se\u00f1ala que ning\u00fan ciudadano puede ser molestado por una autoridad en su domicilio si no hay fundamento o motivo. A lo mejor de esto ni est\u00e1 enterado el flamante l\u00edder de Morena.<\/p>\n<p>Espec\u00edficamente, Garc\u00eda se\u00f1al\u00f3: \u201cNo basta con proponer locuras que solamente se ven en Corea del Norte o en Venezuela, ahora con esta reforma pretenden hacer una nueva reforma hacendaria para ir a cobrarle a los mexicanos; facultades que ni el SAT, ni Hacienda, ni el Ministerio P\u00fablico tiene, se las quieren dar al Inegi para irnos a cobrar dependiendo de la riqueza y patrimonio que encuentre el Inegi en nuestro domicilio\u201d.<\/p>\n<p style=\"text-align: center;\"><strong>Municiones<\/strong><\/p>\n<p>*** Una m\u00e1s de la Auditor\u00eda Superior del Estado de Puebla (ASE); resulta que, apenas llegando al cargo, el Auditor <strong>Francisco Romero Serrano<\/strong>, decidi\u00f3 invertir casi medio mill\u00f3n de pesos en la remodelaci\u00f3n de sus jardines, con macetones y plantas de ornato encargados a un supuesto dise\u00f1ador de amplia experiencia en la materia. EL problema es que, adem\u00e1s de los onerosos recursos comprometidos para el contrato CIR\/007\/ENE\/DGA2020 en una \u00e9poca en la que se demanda austeridad, la ASE adjudic\u00f3 de manera directa ese servicio a una empresa cuyo objeto social, seg\u00fan los registros del padr\u00f3n de proveedores, es la venta de electrodom\u00e9sticos y papeler\u00eda al por mayor; por lo que cabe aqu\u00ed hacer una pregunta: \u00bfo las flores contratadas son de papel o se trata de un acto de adjudicaci\u00f3n a una empresa fachada?<\/p>\n<p>*** Hoy se celebrar\u00e1 la segunda mesa correspondiente al tema de salud, del Foro Ciudadano por la Ciudad de M\u00e9xico, de manera virtual y en donde especialistas en la materia abordar\u00e1n la problem\u00e1tica actual de la pandemia. El foro que se trasmitir\u00e1 a trav\u00e9s de la red social Facebook Live, es organizado por los dirigentes capitalinos del PRD, <strong>Nora Arias<\/strong>; del PAN, <strong>Andr\u00e9s Atayde<\/strong> y del PRI, <strong>Israel Betanzos<\/strong>. Sin duda, este es un tema de vital importancia debido a que nos encontramos en el momento m\u00e1s complicado, donde la capital del pa\u00eds, se ha convertido en el epicentro de la pandemia. La semana pasada se realiz\u00f3 la mesa uno del tema de econom\u00eda. Ah\u00ed, especialistas destacaron la importancia de condonar impuestos y otorgar incentivos para reactivar la econom\u00eda capitalina. Hay que destacar que posteriormente, se llevar\u00e1 al cabo la mesa relativa a la seguridad p\u00fablica, debido a que es una crisis adicional a la sanitaria y econ\u00f3mica, que lejos de aminorar se ha incrementado en todo tipo de il\u00edcitos.<\/p>\n<p><u><a href=\"mailto:morcora@gmail.com\" target=\"_blank\" rel=\"noopener noreferrer\"><em>morcora@gmail.com<\/em><\/a><\/u><\/p>\n","protected":false},"excerpt":{"rendered":"<p><span style=\"color: #005497;\"><strong>Adriana Moreno Cordero<\/strong><\/span><\/p>\n","protected":false},"author":3,"featured_media":0,"comment_status":"open","ping_status":"open","sticky":false,"template":"","format":"standard","meta":{"_monsterinsights_skip_tracking":false,"_monsterinsights_sitenote_active":false,"_monsterinsights_sitenote_note":"","_monsterinsights_sitenote_category":0,"footnotes":""},"categories":[69370],"tags":[69369,69368,43674],"class_list":["post-468832","post","type-post","status-publish","format-standard","hentry","category-adriana-moreno-cordero","tag-adriana-moreno-cordero","tag-la-retaguardia","tag-opinion"],"_links":{"self":[{"href":"https:\/\/www.diarioimagen.net\/index.php?rest_route=\/wp\/v2\/posts\/468832","targetHints":{"allow":["GET"]}}],"collection":[{"href":"https:\/\/www.diarioimagen.net\/index.php?rest_route=\/wp\/v2\/posts"}],"about":[{"href":"https:\/\/www.diarioimagen.net\/index.php?rest_route=\/wp\/v2\/types\/post"}],"author":[{"embeddable":true,"href":"https:\/\/www.diarioimagen.net\/index.php?rest_route=\/wp\/v2\/users\/3"}],"replies":[{"embeddable":true,"href":"https:\/\/www.diarioimagen.net\/index.php?rest_route=%2Fwp%2Fv2%2Fcomments&post=468832"}],"version-history":[{"count":0,"href":"https:\/\/www.diarioimagen.net\/index.php?rest_route=\/wp\/v2\/posts\/468832\/revisions"}],"wp:attachment":[{"href":"https:\/\/www.diarioimagen.net\/index.php?rest_route=%2Fwp%2Fv2%2Fmedia&parent=468832"}],"wp:term":[{"taxonomy":"category","embeddable":true,"href":"https:\/\/www.diarioimagen.net\/index.php?rest_route=%2Fwp%2Fv2%2Fcategories&post=468832"},{"taxonomy":"post_tag","embeddable":true,"href":"https:\/\/www.diarioimagen.net\/index.php?rest_route=%2Fwp%2Fv2%2Ftags&post=468832"}],"curies":[{"name":"wp","href":"https:\/\/api.w.org\/{rel}","templated":true}]}}