{"id":468898,"date":"2020-05-20T00:04:37","date_gmt":"2020-05-20T05:04:37","guid":{"rendered":"https:\/\/www.diarioimagen.net\/?p=468898"},"modified":"2020-05-20T03:43:39","modified_gmt":"2020-05-20T08:43:39","slug":"en-naucalpan-hoy-son-tiempos-de-solidaridad-afirma-palomares-parra-lider-del-suteym","status":"publish","type":"post","link":"https:\/\/www.diarioimagen.net\/?p=468898","title":{"rendered":"En Naucalpan, hoy son tiempos de solidaridad, afirma Palomares Parra, l\u00edder del SUTEyM"},"content":{"rendered":"<ul>\n<li><strong><em>Cumple gobierno pago de n\u00f3mina<\/em><\/strong><\/li>\n<\/ul>\n<p>&nbsp;<\/p>\n<div id=\"attachment_468994\" style=\"width: 470px\" class=\"wp-caption aligncenter\"><a href=\"https:\/\/www.diarioimagen.net\/?attachment_id=468994\" rel=\"attachment wp-att-468994\"><img loading=\"lazy\" decoding=\"async\" aria-describedby=\"caption-attachment-468994\" class=\"size-large wp-image-468994\" src=\"https:\/\/www.diarioimagen.net\/wp-content\/uploads\/2020\/05\/naucalpan-10-460x259.jpg\" alt=\"\" width=\"460\" height=\"259\" srcset=\"https:\/\/www.diarioimagen.net\/wp-content\/uploads\/2020\/05\/naucalpan-10-460x259.jpg 460w, https:\/\/www.diarioimagen.net\/wp-content\/uploads\/2020\/05\/naucalpan-10-240x135.jpg 240w, https:\/\/www.diarioimagen.net\/wp-content\/uploads\/2020\/05\/naucalpan-10-235x132.jpg 235w, https:\/\/www.diarioimagen.net\/wp-content\/uploads\/2020\/05\/naucalpan-10-202x114.jpg 202w, https:\/\/www.diarioimagen.net\/wp-content\/uploads\/2020\/05\/naucalpan-10-350x196.jpg 350w, https:\/\/www.diarioimagen.net\/wp-content\/uploads\/2020\/05\/naucalpan-10-220x123.jpg 220w, https:\/\/www.diarioimagen.net\/wp-content\/uploads\/2020\/05\/naucalpan-10-237x132.jpg 237w, https:\/\/www.diarioimagen.net\/wp-content\/uploads\/2020\/05\/naucalpan-10.jpg 480w\" sizes=\"auto, (max-width: 460px) 100vw, 460px\" \/><\/a><p id=\"caption-attachment-468994\" class=\"wp-caption-text\">Tom\u00e1s Palomares Parra, secretario general\u00a0 del SUTEyM, secci\u00f3n Naucalpan,\u00a0 manifest\u00f3 su benepl\u00e1cito por la liquidaci\u00f3n absoluta\u00a0 de los salarios a la base laboral.<\/p><\/div>\n<p>&nbsp;<\/p>\n<p><strong>Naucalpan, Estado de M\u00e9xico.-<\/strong> Pese a las malas condiciones financieras con las que inici\u00f3 el gobierno que encabeza la presidenta municipal Patricia Dur\u00e1n Reveles y ahora con la escasa recaudaci\u00f3n derivada de la emergencia sanitaria por el Covid-19, se le ha cumplido a la clase trabajadora sindicalizada con el pago total de sus salarios.<\/p>\n<p>Tom\u00e1s Palomares Parra, secretario general\u00a0 del Sindicato \u00danico de Trabajadores del Estado y Municipios (SUTEyM), secci\u00f3n Naucalpan,\u00a0 manifest\u00f3 su benepl\u00e1cito por la liquidaci\u00f3n absoluta\u00a0 de los salarios a la base laboral.<\/p>\n<p>Palomares Parra destac\u00f3 que\u00a0 \u201cno obstante\u00a0 a las condiciones financieras que desde el principio de este mandato viene arrastrando la hacienda, los recortes a recursos federales y estatales, la escasa recaudaci\u00f3n en estos momentos, el\u00a0 sindicato y ayuntamiento han cumplido con el pago de n\u00f3miva a los compa\u00f1eros sindicalizados\u201d, dijo.<\/p>\n<p>Por otra parte, el l\u00eddere sindical, reiter\u00f3 que los m\u00e1s de 4 mil trabajadores sindicalizados recibieron con oportunidad el pago total de su quincena sin ning\u00fan tipo de reajuste a los sueldos, y m\u00e1s bien se tuvo un desfase en d\u00edas.<\/p>\n<p>Sin embargo, reconoci\u00f3 cierta dificultad en soportar al 100 por ciento la n\u00f3mina y dar un \u201cpoco de ox\u00edgeno a la administraci\u00f3n\u201d que, adem\u00e1s, tiene comprometidos otros gastos propios de operaci\u00f3n.<\/p>\n<p>Palomares Parra, fue claro en la defensa de los intereses de la clase trabajadora, pero tambi\u00e9n como gremio, consciente de las actuales circunstancias econ\u00f3micas que vienen afectando al pa\u00eds.<\/p>\n<p>El l\u00edder Suteymista admiti\u00f3 que la situaci\u00f3n de la pandemia y sus efectos, est\u00e1 golpeando indistintamente a todos los sectores, y el sector p\u00fablico no hay sido la excepci\u00f3n.<\/p>\n<p>En ese orden, precis\u00f3 que pr\u00e1cticamente la actividad en el gobierno municipal est\u00e1 detenida, lo que ha disminuido notablemente la justamente recaudaci\u00f3n del propio ayuntamiento.<\/p>\n<p>Sin embargo, destac\u00f3 que el di\u00e1logo y la comunicaci\u00f3n permanente con el gobierno que encabeza la alcaldesa, Patricia Dur\u00e1n Reveles, han concretado uno y numeroso acuerdos a favor de la base trabajadora, teniendo la disposici\u00f3n del cumplimiento con todas las garant\u00edas laborales a que tienen derecho.<\/p>\n<p>Finalmente, Palomares Parra puntualiz\u00f3\u00a0 que hoy son tiempos de motivar la solidaridad humana; el de \u201ctendernos la mano y ayudar al pr\u00f3jimo en el \u00e1mbito de nuestras competencias.\u201d<\/p>\n","protected":false},"excerpt":{"rendered":"<p>Pese a las malas condiciones financieras con las que inici\u00f3 el gobierno que encabeza la presidenta municipal Patricia Dur\u00e1n Reveles y ahora con la escasa recaudaci\u00f3n derivada de la emergencia sanitaria por el Covid-19, se le ha cumplido a la clase trabajadora sindicalizada con el pago total de sus salarios.<\/p>\n","protected":false},"author":3,"featured_media":468994,"comment_status":"open","ping_status":"open","sticky":false,"template":"","format":"standard","meta":{"_monsterinsights_skip_tracking":false,"_monsterinsights_sitenote_active":false,"_monsterinsights_sitenote_note":"","_monsterinsights_sitenote_category":0,"footnotes":""},"categories":[5],"tags":[43675,970,13271,2572],"class_list":["post-468898","post","type-post","status-publish","format-standard","has-post-thumbnail","hentry","category-estado-de-mexico","tag-estado-de-mexico","tag-naucalpan","tag-solidaridad","tag-suteym"],"_links":{"self":[{"href":"https:\/\/www.diarioimagen.net\/index.php?rest_route=\/wp\/v2\/posts\/468898","targetHints":{"allow":["GET"]}}],"collection":[{"href":"https:\/\/www.diarioimagen.net\/index.php?rest_route=\/wp\/v2\/posts"}],"about":[{"href":"https:\/\/www.diarioimagen.net\/index.php?rest_route=\/wp\/v2\/types\/post"}],"author":[{"embeddable":true,"href":"https:\/\/www.diarioimagen.net\/index.php?rest_route=\/wp\/v2\/users\/3"}],"replies":[{"embeddable":true,"href":"https:\/\/www.diarioimagen.net\/index.php?rest_route=%2Fwp%2Fv2%2Fcomments&post=468898"}],"version-history":[{"count":0,"href":"https:\/\/www.diarioimagen.net\/index.php?rest_route=\/wp\/v2\/posts\/468898\/revisions"}],"wp:featuredmedia":[{"embeddable":true,"href":"https:\/\/www.diarioimagen.net\/index.php?rest_route=\/wp\/v2\/media\/468994"}],"wp:attachment":[{"href":"https:\/\/www.diarioimagen.net\/index.php?rest_route=%2Fwp%2Fv2%2Fmedia&parent=468898"}],"wp:term":[{"taxonomy":"category","embeddable":true,"href":"https:\/\/www.diarioimagen.net\/index.php?rest_route=%2Fwp%2Fv2%2Fcategories&post=468898"},{"taxonomy":"post_tag","embeddable":true,"href":"https:\/\/www.diarioimagen.net\/index.php?rest_route=%2Fwp%2Fv2%2Ftags&post=468898"}],"curies":[{"name":"wp","href":"https:\/\/api.w.org\/{rel}","templated":true}]}}