{"id":468948,"date":"2020-05-20T00:08:49","date_gmt":"2020-05-20T05:08:49","guid":{"rendered":"https:\/\/www.diarioimagen.net\/?p=468948"},"modified":"2020-05-20T01:06:56","modified_gmt":"2020-05-20T06:06:56","slug":"tambien-pena-nieto-queria-que-pagaran-mas-los-ricos","status":"publish","type":"post","link":"https:\/\/www.diarioimagen.net\/?p=468948","title":{"rendered":"Tambi\u00e9n Pe\u00f1a Nieto quer\u00eda que pagaran m\u00e1s los ricos"},"content":{"rendered":"<h2>Clase Pol\u00edtica<\/h2>\n<h5>Miguel \u00c1ngel Rivera<\/h5>\n<p>&nbsp;<\/p>\n<p>La propuesta de reforma fiscal del gobierno federal tendr\u00e1 entre sus objetivos lograr un sistema tributario m\u00e1s justo, en donde paguen m\u00e1s los que ganan m\u00e1s, adelant\u00f3 el titular de la Secretar\u00eda de Hacienda y Cr\u00e9dito P\u00fablico (SHCP).<\/p>\n<p>Agreg\u00f3 que la propuesta tambi\u00e9n tendr\u00e1 como prop\u00f3sito fortalecer la capacidad del Estado mexicano para atender temas de salud, educaci\u00f3n e infraestructura; adem\u00e1s de promover la competitividad.<\/p>\n<p>El funcionario precis\u00f3 que contemplar\u00e1 tres objetivos: \u201cel primero, sin duda, fortalecer la capacidad del Estado mexicano para hacer lo que el Estado debe de hacer\u2026 Tambi\u00e9n para tener un sistema m\u00e1s justo, un sistema en donde paguen m\u00e1s los que ganan m\u00e1s y contribuyan m\u00e1s al gasto p\u00fablico, y finalmente una reforma que nos de m\u00e1s competitividad\u201d.<\/p>\n<p>Esto \u00faltimo implica tener un sistema tributario m\u00e1s simple, que le cueste menos a las empresas y les permita particularmente a las peque\u00f1as y medianas cumplir con sus obligaciones de impuestos, expres\u00f3.<\/p>\n<p>Lo anterior viene muy bien al caso por la propuesta del presidente provisional de Morena y ex dirigente nacional de El Barz\u00f3n, el diputado con licencia Alfonso Ram\u00edrez Cu\u00e9llar, de convertir al Instituto Nacional de Estad\u00edstica y Geograf\u00eda (INEGI) en una especie de polic\u00eda fiscal que pueda entrar a los hogares de todo el pa\u00eds para comprobar si hay riquezas ocultas.<\/p>\n<p>Al defender su propuesta, el dirigente de Morena precis\u00f3 que no se trata de que el INEGI entre a los hogares y haga p\u00fablico el patrimonio de todas las familias, sino de tener informaci\u00f3n precisa para el cobro de impuestos sobre el principio de que pague m\u00e1s quien m\u00e1s tiene.<\/p>\n<p>El legislador con licencia insisti\u00f3 en que al dar mayores facultades al INEGI no se violan derechos humanos ni se pretende expropiar bienes, sino de permitir que ese Instituto use los sistemas de informaci\u00f3n del SAT y de otros organismos para saber exactamente cu\u00e1l es la riqueza de una persona y, que a partir de esos datos, esta pague impuestos.<\/p>\n<p>Ese decir, de lo que se trata es de imponer un tributario m\u00e1s justo, en donde paguen m\u00e1s los que ganan m\u00e1s, como propone el secretario de Hacienda que mencionamos al inicio de esta columna.<\/p>\n<p>El dilema para Ram\u00edrez Cu\u00e9llar, quien disfruta de pregonar su larga trayectoria de luchador de izquierda, es que el mencionado principio de proporcionalidad en el pago de impuestos fue bandera de un repudiado secretario de Hacienda de uno de los gobiernos \u201cneoliberales\u201d que el r\u00e9gimen de la llamada Cuarta Transformaci\u00f3n trata de borrar hasta de la memoria de los mexicanos.<\/p>\n<p>En efecto, son declaraciones del entonces titular de la Secretar\u00eda de Hacienda y Cr\u00e9dito P\u00fablico (SHCP), Luis Videgaray Caso, al defender la reforma fiscal impulsada por el gobierno encabezado por Enrique Pe\u00f1a Nieto, la cual se concret\u00f3 en 2013.<\/p>\n<p>Contra lo ocurrido con otras reformas de Pe\u00f1a Nieto, como la educativa, que fueron borradas por la llamada Cuatro T, la fiscal se mantiene vigente, salvo algunas modificaciones, como el pago del Impuesto al Valor Agregado (IVA) por servicios de <em>streaming<\/em> (televisi\u00f3n de paga v\u00eda Internet). Ese nuevo impuesto fue promovido por un grupo de diputados encabezado por Ram\u00edrez Cu\u00e9llar, en su calidad de presidente de la Comisi\u00f3n de Presupuesto de la C\u00e1mara de Diputados y, por cierto, dicen los enterados que todav\u00eda no existen las reglas para que el producto de ese gravamen se entregue al fisco mexicano, pues las empresas concesionarias tienen su sede fuera de nuestras fronteras, as\u00ed que t\u00e9cnicamente se trata de una importaci\u00f3n. Pero, bueno, eso es otro asunto.<\/p>\n<p>Como recordamos, con base en informaciones dadas a conocer en su momento por Aristegui Noticias y el portal Animal Pol\u00edtico, al promover la reforma fiscal impulsada por el gobierno de Pe\u00f1a Nieto, el entonces secretario de Hacienda, Luis Videgaray, asegur\u00f3 que la reforma ser\u00eda ser\u00e1 \u201cjusta\u201d, pues \u201cpagar\u00e1 m\u00e1s impuestos quien tenga m\u00e1s ganancias\u201d, y su objetivo \u00faltimo es \u201cla redistribuci\u00f3n del ingreso y la redistribuci\u00f3n de la riqueza\u201d.<\/p>\n<p>Al parecer el objetivo no se logr\u00f3 y por eso ahora el \u201cmoreno\u201d Ram\u00edrez Cu\u00e9llar se ha convertido en abanderado de nuevo sistema de fiscalizaci\u00f3n que ha sido ya repudiado de manera general, inclusive por miembros distinguidos de su propio partido y hasta por el presidente Andr\u00e9s Manuel L\u00f3pez Obrador.<\/p>\n<p>\u201cNo creo que sea correcto\u201d, dijo el primer mandatario respecto a la propuesta de que el INEGI fiscalice a riqueza de los mexicanos. Se\u00f1al\u00f3 que de deben mantener en privado la informaci\u00f3n relativa al patrimonio de empresarios y de todos los mexicanos.<\/p>\n<p>Agreg\u00f3 que la obligaci\u00f3n de dar a conocer los bienes patrimoniales corresponde a los servidores p\u00fablicos.<\/p>\n<p>\u201cPara que no haya tanta desigualdad, lo mejor es que el gobierno ayude a que los mexicanos asciendan en la escala social, pero no se profundice la desigualdad, que no se permitan negocios il\u00edcitos\u201d, agreg\u00f3 el jefe del Ejecutivo.<\/p>\n<p style=\"text-align: center;\"><strong>\u00bfEmpieza el gobierno de Trump a cobrar \u201cfavores\u201d a M\u00e9xico?<\/strong><\/p>\n<p>A cambio de que la administraci\u00f3n encabezada por el multimillonario Donald Trump no aplicara elevados aranceles a los productos mexicanos que se exportan a los Estados Unidos, el gobierno mexicano tuvo que modificar su pol\u00edtica de dar libre paso a los migrantes procedentes de Centroam\u00e9rica.<\/p>\n<p>Aunque oficialmente no se reconoce un cambio en esa materia, lo cierto es que los filtros colocados por las autoridades mexicanas han reducido considerablemente el n\u00famero de migrantes que llegan a la frontera con los Estados Unidos y en ese tarea ha tenido importante funci\u00f3n la naciente Guardia Nacional que ha tenido que distraer parte de sus elementos a la vigilancia en la frontera sur y carreteras.<\/p>\n<p>Otro \u201cfavor\u201d de Trump consisti\u00f3 en absorber la mayor parte de la reducci\u00f3n a las exportaciones mexicanas de petr\u00f3leo que le pretend\u00eda imponer la ampliada Organizaci\u00f3n de Pa\u00edses Exportadores de Petr\u00f3leo (la llamada OPEP+) como parte del acuerdo mundial para contener el desplome de los precios internacionales del crudo. Originalmente se ped\u00eda a nuestro pa\u00eds recortar las exportaciones en 400 mil barriles, pero al final la reducci\u00f3n qued\u00f3 en s\u00f3lo 100 mil barriles. Los Estados Unidos asumir\u00edan la reducci\u00f3n de los restantes 300 mil.<\/p>\n<p>En su momento no se inform\u00f3 c\u00f3mo pagar\u00eda M\u00e9xico el \u201cfavor\u201d de la Uni\u00f3n Americana, pero con el avance de la pandemia del Covid-19 y la necesidad de la gran industria estadunidense de reanudar labores lo antes posible, para evitar un aumento del desempleo, en M\u00e9xico se ha tenido que corresponder con la reapertura de parte de la industria.<\/p>\n<p>Por \u201ccoincidencia\u201d, las \u00e1reas productivas en donde se abrieron las posibilidades de reanudar labores corresponden a las que son complementarias de cadenas de producci\u00f3n de las industrias de los Estados Unidos.<\/p>\n<p>Aunque tampoco se ha hecho referencia oficial alguna, se puede decir que se cumple con el muy mexicano principio de caballerosidad de que \u201cfavor con favor se paga\u201d.<\/p>\n<p>Lo que no parece muy claro es d\u00f3nde encaja el anunciado acuerdo de los gobiernos de las dos naciones de ampliar el plazo para limitar el cruce de la frontera, en los dos sentidos, a los viajes no considerados \u201cesenciales\u201d.<\/p>\n<p>Aqu\u00ed en M\u00e9xico, la Secretar\u00eda de Relaciones Exteriores, encabezada por Marcelo Ebrard Casaub\u00f3n, inform\u00f3 que M\u00e9xico y Estados Unidos acordaron extender la restricci\u00f3n para realizar cruces no esenciales por 30 d\u00edas m\u00e1s, debido a la pandemia del nuevo coronavirus. El gobierno mexicano a\u00f1adi\u00f3 que la misma disposici\u00f3n se aplicar\u00e1 con Guatemala y el resto de Centroam\u00e9rica.<\/p>\n<p>En los Estados Unidos, el Department of Homeland Security (DHS) notific\u00f3 que la restricci\u00f3n a los cruces fronterizos se extiende hasta la medianoche del 22 de junio de 2020.<\/p>\n<p>Lo cierto es que, adem\u00e1s de proteger la salud, los gobiernos nacionales deben tomar medidas para atenuar los efectos de la pandemia en sus econom\u00edas, en particular para proteger el empleo.<\/p>\n<p>Al respecto, un reporte del Banco Mundial (BM) advirti\u00f3 que la crisis del Coronavirus podr\u00eda llevar a 60 millones de personas a la extrema pobreza en todo el planeta y a perder el empleo a cientos de millones m\u00e1s ante la aguda contracci\u00f3n econ\u00f3mica que se prev\u00e9 para el presidente a\u00f1o. El umbral de extrema pobreza se ubica en 1.90 d\u00f3lares de ingreso al d\u00eda.<\/p>\n<p>Antes, la instituci\u00f3n advirti\u00f3 que la econom\u00eda global se desplomar\u00e1 cerca de un 5 por ciento este a\u00f1o y las remesas de migrantes caer\u00e1n 20 por ciento.<\/p>\n<p><em><a href=\"mailto:riverapaz@infinitummail.com\" target=\"_blank\" rel=\"noopener noreferrer\">riverapaz@infinitummail.com<\/a><\/em><\/p>\n","protected":false},"excerpt":{"rendered":"<p><span style=\"color: #005497;\"><strong>Miguel \u00c1ngel Rivera<\/strong><\/span><\/p>\n","protected":false},"author":3,"featured_media":0,"comment_status":"open","ping_status":"open","sticky":false,"template":"","format":"standard","meta":{"_monsterinsights_skip_tracking":false,"_monsterinsights_sitenote_active":false,"_monsterinsights_sitenote_note":"","_monsterinsights_sitenote_category":0,"footnotes":""},"categories":[84119],"tags":[84120,84121,43674],"class_list":["post-468948","post","type-post","status-publish","format-standard","hentry","category-miguel-angel-rivera","tag-clase-politica","tag-miguel-angel-rivera","tag-opinion"],"_links":{"self":[{"href":"https:\/\/www.diarioimagen.net\/index.php?rest_route=\/wp\/v2\/posts\/468948","targetHints":{"allow":["GET"]}}],"collection":[{"href":"https:\/\/www.diarioimagen.net\/index.php?rest_route=\/wp\/v2\/posts"}],"about":[{"href":"https:\/\/www.diarioimagen.net\/index.php?rest_route=\/wp\/v2\/types\/post"}],"author":[{"embeddable":true,"href":"https:\/\/www.diarioimagen.net\/index.php?rest_route=\/wp\/v2\/users\/3"}],"replies":[{"embeddable":true,"href":"https:\/\/www.diarioimagen.net\/index.php?rest_route=%2Fwp%2Fv2%2Fcomments&post=468948"}],"version-history":[{"count":0,"href":"https:\/\/www.diarioimagen.net\/index.php?rest_route=\/wp\/v2\/posts\/468948\/revisions"}],"wp:attachment":[{"href":"https:\/\/www.diarioimagen.net\/index.php?rest_route=%2Fwp%2Fv2%2Fmedia&parent=468948"}],"wp:term":[{"taxonomy":"category","embeddable":true,"href":"https:\/\/www.diarioimagen.net\/index.php?rest_route=%2Fwp%2Fv2%2Fcategories&post=468948"},{"taxonomy":"post_tag","embeddable":true,"href":"https:\/\/www.diarioimagen.net\/index.php?rest_route=%2Fwp%2Fv2%2Ftags&post=468948"}],"curies":[{"name":"wp","href":"https:\/\/api.w.org\/{rel}","templated":true}]}}