{"id":468958,"date":"2020-05-20T00:09:08","date_gmt":"2020-05-20T05:09:08","guid":{"rendered":"https:\/\/www.diarioimagen.net\/?p=468958"},"modified":"2020-05-20T01:18:44","modified_gmt":"2020-05-20T06:18:44","slug":"sindrome-kawasaki-en-mexico","status":"publish","type":"post","link":"https:\/\/www.diarioimagen.net\/?p=468958","title":{"rendered":"\u00bfS\u00edndrome Kawasaki en M\u00e9xico?"},"content":{"rendered":"<h2>Poder y dinero<\/h2>\n<h5>V\u00edctor S\u00e1nchez Ba\u00f1os<\/h5>\n<p>&nbsp;<\/p>\n<p style=\"text-align: right;\"><em><strong>El deseo muere autom\u00e1ticamente cuando se logra:<\/strong><br \/>\n<strong>fenece al satisfacerse. El amor en cambio, es un eterno insatisfecho<\/strong><br \/>\nJos\u00e9 Ortega y Gasset (1883-1955) Fil\u00f3sofo y ensayista espa\u00f1ol<\/em><\/p>\n<p>&nbsp;<\/p>\n<p>Hace pocos d\u00edas, en una pl\u00e1tica con un m\u00e9dico de un hospital infantil me platic\u00f3 que hab\u00edan detectado dos casos del llamado S\u00edndrome Kawasaki, cuyos or\u00edgenes no se establecieron con precisi\u00f3n.<\/p>\n<p>Lo que inquieta a este y otros m\u00e9dicos de ese hospital, donde est\u00e1n atendiendo tambi\u00e9n a ni\u00f1os con coronavirus, es que el S\u00edndrome Kawasaki, como se le conoce a un padecimiento infamatorio agudo en ni\u00f1os, podr\u00eda estar relacionado al Covid-19.<\/p>\n<p>Se est\u00e1n elaborando pruebas, pero las estimaciones de los m\u00e9dicos consideran que cuando menos uno, podr\u00eda estar relacionado al coronavirus, luego que fue practicada una prueba en el menor con s\u00edntomas de erupciones cut\u00e1neas, inflamaci\u00f3n de ganglios, moretones en varias partes del cuerpo y problemas cardiacos.<\/p>\n<p>De acuerdo a m\u00e9dicos consultados por este reportero, son pocos los casos, pero las autoridades sanitarias que encabeza el secretario de Salud, Jorge Alcocer, no han establecido protocolos para atenci\u00f3n de ni\u00f1os que podr\u00edan llegar a los hospitales con coronavirus y s\u00edntomas de ese s\u00edndrome.<\/p>\n<p>Se trata de un s\u00edndrome inflamatorio multisist\u00e9mico pedi\u00e1trico que afecta los vasos sangu\u00edneos y a \u00f3rganos. Se han detectado casos en Europa, pero en Nueva York, donde se han dado decenas de casos de coronavirus, se detectaron a m\u00e1s de 100 ni\u00f1os con un \u201cmisterioso s\u00edndrome\u201d.<\/p>\n<p>Incluso en aquellas naciones, con grandes recursos m\u00e9dicos no han podido establecer la relaci\u00f3n con certidumbre. En nueva York, de los 100 ni\u00f1os con ese s\u00edndrome, tres fallecieron, mientras muchos m\u00e1s est\u00e1n hospitalizados no s\u00f3lo en aquella populosa ciudad, sino en otros estados y al menos seis pa\u00edses europeos, especialmente en Francia e Italia. Se estima que podr\u00eda haber casos en Espa\u00f1a, pero no llevan estad\u00edsticas al respecto. No mencionan el n\u00famero exacto de ni\u00f1os que son v\u00edctimas del coronavirus.<\/p>\n<p>En Par\u00eds, detectaron un incremento de ni\u00f1os con el S\u00edndrome Kawasaki, de 4 al a\u00f1o, a 15 cada mes. Un hospital especializado en esa enfermedad, lanz\u00f3 la voz de alarma por los contagios de ni\u00f1os aunque no defini\u00f3 los or\u00edgenes de su contagio y otros detalles.<\/p>\n<p>La revista de gran reconocimiento en el mundo m\u00e9dico, <em>The Lacent<\/em>, estima que los casos empezaron a llamar la atenci\u00f3n al detectarse al norte de Italia casos. Es importante destacar que no todos los ni\u00f1os con Covid-19, sufren ese s\u00edndrome, pero contin\u00faan estudiando todos los casos<\/p>\n<p>Este es uno de los motivos por los que los ni\u00f1os no deben volver a las escuelas. Esto lo han asegurado m\u00e9dicos en Europa, en la que alertan sobre la forma en que el Covid-19 afecta a toda la comunidad y no \u00fanicamente a un sector de ella.<\/p>\n<p>Las escuelas podr\u00edan convertirse en un semillero que da\u00f1ar\u00eda la salud de los ni\u00f1os. En casos de gripa y otras enfermedades virales, los colegios son precisamente los sitios donde se contagian con gran rapidez.<\/p>\n<p>En M\u00e9xico, las autoridades sanitarias no han dado a conocer nada al respecto. No ofrecen estad\u00edsticas de ni\u00f1os enfermos y las tablas que presenta el doctor Hugo L\u00f3pez-Gattel, simplemente son generalizadas. No especifican nada. No dan datos de los muertos, ni la edad espec\u00edfica, ni los motivos de las defunciones. Manejar la informaci\u00f3n gen\u00e9rica es para evitar que cunda el p\u00e1nico y la presi\u00f3n al gobierno en sus actividades cotidianas contra la pandemia.<\/p>\n<p><strong>PODEROSOS CABALLEROS<\/strong>: Alfredo Del Mazo dar\u00e1 a conocer hoy el plan de la entidad mexiquense para el regreso a las actividades, el cual, adelantan, ser\u00e1 regional, por etapas, ordenado y pensando en el empleo y en la econom\u00eda familiar. En el caso de los municipios del Valle de M\u00e9xico se har\u00e1 en coordinaci\u00f3n con la Ciudad de M\u00e9xico, ha dicho Del Mazo, quien durante la coyuntura de la propagaci\u00f3n del Covid-19 ha mantenido buena coordinaci\u00f3n con el gobierno federal y el de la capital del pa\u00eds. *** Para el gobernador de Tabasco, Ad\u00e1n L\u00f3pez, el \u00edndice delictivo ha bajado 32 por ciento, y en este tiempo ha crecido la inversi\u00f3n y la ocupaci\u00f3n hotelera. En entrevista, asegur\u00f3 que hay una reactivaci\u00f3n econ\u00f3mica en el estado, e hizo un recuento de las que ya se han concretado, como es la llegada de la embotelladora Pascual; de una f\u00e1brica de v\u00e1lvulas en Cunduac\u00e1n. Otro\u00a0 mundo al real que viven los tabasque\u00f1os.<\/p>\n<p><strong>RESPONSABILIDAD SOCIAL CORPORATIVA<\/strong>: Autocompara, de banco Santander,\u00a0 que dirige Ana Varas Arvizu, el comparador de seguros de auto de Santander y la plataforma de seguros en internet m\u00e1s potente del pa\u00eds, anunci\u00f3 que ofrecer\u00e1 un descuento especial de hasta 25% en p\u00f3lizas de seguro, descuento que nunca antes se hab\u00eda ofrecido, a fin de apoyar a los clientes a proteger sus autos sin salir de casa, en el contexto del Covid-19. Adem\u00e1s del descuento de hasta 25%, Autocompara tendr\u00e1 disponible en su portal distintas alternativas y facilidades, como pagos fraccionados, meses sin intereses con tarjetas Santander, y pagos a trav\u00e9s de tarjeta de cr\u00e9dito y d\u00e9bito.<\/p>\n<p>&nbsp;<\/p>\n<blockquote>\n<p style=\"text-align: right;\"><strong>Esc\u00fachame de lunes a viernes, de 21 a 22 horas,<br \/>\nen \u201cV\u00edctor S\u00e1nchez Ba\u00f1os en MVS\u201d<\/strong><\/p>\n<\/blockquote>\n<p>&nbsp;<\/p>\n<p><a href=\"https:\/\/mvsnoticias.com\/\" target=\"_blank\" rel=\"noopener noreferrer\"><em>MVSnoticias.com<\/em><\/a><br \/>\n<a href=\"http:\/\/poderydinero.mx\" target=\"_blank\" rel=\"noopener noreferrer\"><em>poderydinero.mx<\/em><\/a><em><b><br \/>\n<\/b><a href=\"mailto:vsb@poderydinero.mx\" target=\"_blank\" rel=\"noopener noreferrer\">vsb@poderydinero.mx<\/a><a href=\"mailto:vsanchezb@gmail.com\" target=\"_blank\" rel=\"noopener noreferrer\"><br \/>\n<\/a><strong>Twitter:<\/strong><a href=\"https:\/\/twitter.com\/vsanchezbanos\" target=\"_blank\" rel=\"noopener noreferrer\">@vsanchezbanos<br \/>\n<\/a><strong>Facebook: <\/strong><a href=\"https:\/\/www.facebook.com\/vsanchezbanos?fref=ts\" target=\"_blank\" rel=\"noopener noreferrer\">vsanchezbanos<\/a><\/em><\/p>\n","protected":false},"excerpt":{"rendered":"<p><span style=\"color: #005497;\"><strong>V\u00edctor S\u00e1nchez Ba\u00f1os<\/strong><\/span><\/p>\n","protected":false},"author":3,"featured_media":0,"comment_status":"open","ping_status":"open","sticky":false,"template":"","format":"standard","meta":{"_monsterinsights_skip_tracking":false,"_monsterinsights_sitenote_active":false,"_monsterinsights_sitenote_note":"","_monsterinsights_sitenote_category":0,"footnotes":""},"categories":[38844],"tags":[43674,38847,38848],"class_list":["post-468958","post","type-post","status-publish","format-standard","hentry","category-victor-sanchez-banos","tag-opinion","tag-poder-y-dinero","tag-victor-sanchez-banos"],"_links":{"self":[{"href":"https:\/\/www.diarioimagen.net\/index.php?rest_route=\/wp\/v2\/posts\/468958","targetHints":{"allow":["GET"]}}],"collection":[{"href":"https:\/\/www.diarioimagen.net\/index.php?rest_route=\/wp\/v2\/posts"}],"about":[{"href":"https:\/\/www.diarioimagen.net\/index.php?rest_route=\/wp\/v2\/types\/post"}],"author":[{"embeddable":true,"href":"https:\/\/www.diarioimagen.net\/index.php?rest_route=\/wp\/v2\/users\/3"}],"replies":[{"embeddable":true,"href":"https:\/\/www.diarioimagen.net\/index.php?rest_route=%2Fwp%2Fv2%2Fcomments&post=468958"}],"version-history":[{"count":0,"href":"https:\/\/www.diarioimagen.net\/index.php?rest_route=\/wp\/v2\/posts\/468958\/revisions"}],"wp:attachment":[{"href":"https:\/\/www.diarioimagen.net\/index.php?rest_route=%2Fwp%2Fv2%2Fmedia&parent=468958"}],"wp:term":[{"taxonomy":"category","embeddable":true,"href":"https:\/\/www.diarioimagen.net\/index.php?rest_route=%2Fwp%2Fv2%2Fcategories&post=468958"},{"taxonomy":"post_tag","embeddable":true,"href":"https:\/\/www.diarioimagen.net\/index.php?rest_route=%2Fwp%2Fv2%2Ftags&post=468958"}],"curies":[{"name":"wp","href":"https:\/\/api.w.org\/{rel}","templated":true}]}}