{"id":469002,"date":"2020-05-21T00:09:33","date_gmt":"2020-05-21T05:09:33","guid":{"rendered":"https:\/\/www.diarioimagen.net\/?p=469002"},"modified":"2020-06-16T23:22:37","modified_gmt":"2020-06-17T04:22:37","slug":"homicidio-doloso-a-la-baja-y-otros-delitos-conservan-linea-de-contencion-alfonso-durazo","status":"publish","type":"post","link":"https:\/\/www.diarioimagen.net\/?p=469002","title":{"rendered":"Homicidio doloso a la baja y otros delitos conservan l\u00ednea de contenci\u00f3n: Alfonso Durazo"},"content":{"rendered":"<ul>\n<li><strong><em>De acuerdo con las cifras del SESNSP, que se elabora con informaci\u00f3n de las procuradur\u00edas y fiscal\u00edas de las entidades federativas, el secretario Seguridad y Protecci\u00f3n Ciudadana confirm\u00f3 que se logr\u00f3 nuevamente revertir la tendencia de crecimiento de asesinatos<\/em><\/strong><\/li>\n<\/ul>\n<p>&nbsp;<\/p>\n<div id=\"attachment_469059\" style=\"width: 470px\" class=\"wp-caption aligncenter\"><a href=\"https:\/\/www.diarioimagen.net\/?attachment_id=469059\" rel=\"attachment wp-att-469059\"><img loading=\"lazy\" decoding=\"async\" aria-describedby=\"caption-attachment-469059\" class=\"wp-image-469059 size-large\" src=\"https:\/\/www.diarioimagen.net\/wp-content\/uploads\/2020\/05\/durazo-460x259.jpg\" alt=\"\" width=\"460\" height=\"259\" srcset=\"https:\/\/www.diarioimagen.net\/wp-content\/uploads\/2020\/05\/durazo-460x259.jpg 460w, https:\/\/www.diarioimagen.net\/wp-content\/uploads\/2020\/05\/durazo-240x135.jpg 240w, https:\/\/www.diarioimagen.net\/wp-content\/uploads\/2020\/05\/durazo-235x132.jpg 235w, https:\/\/www.diarioimagen.net\/wp-content\/uploads\/2020\/05\/durazo-202x114.jpg 202w, https:\/\/www.diarioimagen.net\/wp-content\/uploads\/2020\/05\/durazo-350x196.jpg 350w, https:\/\/www.diarioimagen.net\/wp-content\/uploads\/2020\/05\/durazo-220x123.jpg 220w, https:\/\/www.diarioimagen.net\/wp-content\/uploads\/2020\/05\/durazo-237x132.jpg 237w, https:\/\/www.diarioimagen.net\/wp-content\/uploads\/2020\/05\/durazo.jpg 480w\" sizes=\"auto, (max-width: 460px) 100vw, 460px\" \/><\/a><p id=\"caption-attachment-469059\" class=\"wp-caption-text\">El secretario de Seguridad y Protecci\u00f3n Ciudadana, Alfonso Durazo Monta\u00f1o, present\u00f3 un informe de seguridad en la conferencia de prensa encabezada por el presidente Andr\u00e9s Manuel L\u00f3pez Obrador, en Palacio Nacional.<\/p><\/div>\n<p>&nbsp;<\/p>\n<p>El homicidio doloso, el feminicidio, el secuestro y el robo, principalmente de autom\u00f3vil, registraron una tendencia a la baja durante abril en comparaci\u00f3n con marzo, asegur\u00f3 el secretario de Seguridad y Protecci\u00f3n Ciudadana, Alfonso Durazo Monta\u00f1o, durante el informe de seguridad que present\u00f3 este mi\u00e9rcoles en la conferencia de prensa encabezada por el presidente Andr\u00e9s Manuel L\u00f3pez Obrador, en Palacio Nacional.<\/p>\n<p>De acuerdo con las cifras del Secretariado Ejecutivo del Sistema Nacional de Seguridad P\u00fablica, que se elabora con informaci\u00f3n de las procuradur\u00edas y fiscal\u00edas de las entidades federativas, el secretario Durazo confirm\u00f3 que se logr\u00f3 nuevamente revertir la tendencia de crecimiento del homicidio doloso, el cual se presenta ligeramente a la baja con respecto al mes anterior, permaneciendo julio de 2018 como el mes de mayor incidencia.<\/p>\n<p>\u201cLo importante es se\u00f1alar que se ha conservado la l\u00ednea de contenci\u00f3n y no se ha permitido la tendencia ascendente que tuvo hist\u00f3ricamente este homicidio doloso\u201d, destac\u00f3 Durazo Monta\u00f1o.<\/p>\n<p>&nbsp;<\/p>\n<div id=\"attachment_469061\" style=\"width: 470px\" class=\"wp-caption aligncenter\"><a href=\"https:\/\/www.diarioimagen.net\/?attachment_id=469061\" rel=\"attachment wp-att-469061\"><img loading=\"lazy\" decoding=\"async\" aria-describedby=\"caption-attachment-469061\" class=\"size-large wp-image-469061\" src=\"https:\/\/www.diarioimagen.net\/wp-content\/uploads\/2020\/05\/durazo1-460x288.jpg\" alt=\"\" width=\"460\" height=\"288\" srcset=\"https:\/\/www.diarioimagen.net\/wp-content\/uploads\/2020\/05\/durazo1-460x288.jpg 460w, https:\/\/www.diarioimagen.net\/wp-content\/uploads\/2020\/05\/durazo1-240x150.jpg 240w, https:\/\/www.diarioimagen.net\/wp-content\/uploads\/2020\/05\/durazo1.jpg 640w\" sizes=\"auto, (max-width: 460px) 100vw, 460px\" \/><\/a><p id=\"caption-attachment-469061\" class=\"wp-caption-text\">Seg\u00fan cifras oficiales se logr\u00f3 revertir la tendencia de crecimiento del homicidio doloso en abril, el cual se presenta ligeramente a la baja con respecto al mes anterior.<\/p><\/div>\n<p>&nbsp;<\/p>\n<p>Detall\u00f3 que este il\u00edcito presenta una disminuci\u00f3n de 1.66 por ciento, respecto de marzo de 2020; ha ido a la baja en estados como: Baja California Sur, Yucat\u00e1n, Campeche, Aguascalientes, Tlaxcala, Nayarit, Quer\u00e9taro, Coahuila, San Luis Potos\u00ed, Tabasco, Sinaloa y Tamaulipas.<\/p>\n<p>En el tema de feminicidio, cuya cifra es inferior en 10.25 por ciento, respecto del mes anterior, el responsable de la seguridad p\u00fablica en el pa\u00eds, dijo que este delito ha mostrado una baja y ha presentado una disminuci\u00f3n en las entidades de Tlaxcala, Baja California Sur, Quer\u00e9taro, Aguascalientes, Yucat\u00e1n, Campeche, Zacatecas, Nayarit, Quintana Roo, Tabasco, Tamaulipas, Colima, Michoac\u00e1n, Durango, Chihuahua y Coahuila.<\/p>\n<p>En materia de robo de veh\u00edculos, asever\u00f3 que se ha presentado una baja muy pronunciada cuya cifra es inferior en 44.12 por ciento respecto de diciembre de 2018, aclar\u00f3 que este il\u00edcito ha registrado una disminuci\u00f3n destacada.<\/p>\n<p>&nbsp;<\/p>\n<div id=\"attachment_469062\" style=\"width: 470px\" class=\"wp-caption aligncenter\"><a href=\"https:\/\/www.diarioimagen.net\/?attachment_id=469062\" rel=\"attachment wp-att-469062\"><img loading=\"lazy\" decoding=\"async\" aria-describedby=\"caption-attachment-469062\" class=\"size-large wp-image-469062\" src=\"https:\/\/www.diarioimagen.net\/wp-content\/uploads\/2020\/05\/durazo2-460x259.jpg\" alt=\"\" width=\"460\" height=\"259\" srcset=\"https:\/\/www.diarioimagen.net\/wp-content\/uploads\/2020\/05\/durazo2-460x259.jpg 460w, https:\/\/www.diarioimagen.net\/wp-content\/uploads\/2020\/05\/durazo2-240x135.jpg 240w, https:\/\/www.diarioimagen.net\/wp-content\/uploads\/2020\/05\/durazo2-235x132.jpg 235w, https:\/\/www.diarioimagen.net\/wp-content\/uploads\/2020\/05\/durazo2-202x114.jpg 202w, https:\/\/www.diarioimagen.net\/wp-content\/uploads\/2020\/05\/durazo2-350x196.jpg 350w, https:\/\/www.diarioimagen.net\/wp-content\/uploads\/2020\/05\/durazo2-220x123.jpg 220w, https:\/\/www.diarioimagen.net\/wp-content\/uploads\/2020\/05\/durazo2-237x132.jpg 237w, https:\/\/www.diarioimagen.net\/wp-content\/uploads\/2020\/05\/durazo2.jpg 480w\" sizes=\"auto, (max-width: 460px) 100vw, 460px\" \/><\/a><p id=\"caption-attachment-469062\" class=\"wp-caption-text\">En materia de secuestro, Durazo Monta\u00f1o se\u00f1al\u00f3 que este rubro va tambi\u00e9n a la baja, donde la Comisi\u00f3n Nacional Antisecuestros ha hecho un trabajo muy importante con el apoyo extraordinario de la Guardia Nacional y de las unidades antisecuestros estatales.<\/p><\/div>\n<p>&nbsp;<\/p>\n<p>Expuso que se ha podido avanzar notoriamente en este il\u00edcito, en municipios como Ecatepec, Tijuana, Guadalajara, Ciudad Ju\u00e1rez, Tlalnepantla, Mexicali, Toluca, San Luis Potos\u00ed, Zapopan, Quer\u00e9taro, Naucalpan, Iztapalapa, Celaya, Tlajomulco, Cuautitl\u00e1n Izcalli, Nezahualc\u00f3yotl, Tultitl\u00e1n, Tepeaca, Puebla y Ensenada.<\/p>\n<p>En materia de secuestro, el secretario Durazo Monta\u00f1o se\u00f1al\u00f3 que este rubro va tambi\u00e9n a la baja, donde la Comisi\u00f3n Nacional Antisecuestros (CONASE) ha hecho un trabajo muy importante con el apoyo extraordinario de la Guardia Nacional y de las unidades antisecuestros de todos los estados, este il\u00edcito presenta una cifra inferior de 14.13 por ciento respecto de marzo de 2020.<\/p>\n<p>En ese contexto, agreg\u00f3 que en materia de robo en sus diferentes modalidades de enero a abril de 2020 se registr\u00f3 una disminuci\u00f3n con respecto de enero-abril de 2019:<strong>\u00a0<\/strong><\/p>\n<ul>\n<li><strong> Robo de veh\u00edculo, 20.9 por ciento,<\/strong><\/li>\n<li><strong> Robo a transe\u00fante, 24.6 por ciento,<\/strong><\/li>\n<li><strong> Robo en transporte p\u00fablico colectivo, 44.6 por ciento,<\/strong><\/li>\n<li><strong> Robo a casa habitaci\u00f3n, 18 por ciento,<\/strong><\/li>\n<li><strong> Robo a negocio, 20.3 por ciento,<\/strong><\/li>\n<li><strong> Robo de ganado, 27.7 por ciento,<\/strong><\/li>\n<li><strong> Robo en transporte p\u00fablico individual (taxi), 25.9 por ciento,<\/strong><\/li>\n<li><strong> Robo a transportista, 34.3 por ciento.<\/strong><\/li>\n<\/ul>\n<p>Respecto del delito de robo de combustible, el secretario Alfonso Durazo, record\u00f3 que en 2018 al recibir la administraci\u00f3n, el robo promedio de hidrocarburo era de 80 mil barriles diarios y en abril de este a\u00f1o se ha registrado un promedio de 5 mil barriles e incluso se ha logrado reducir a 2 mil barriles robados por d\u00eda, lo que representa un ahorro de 84 mil 339 millones de pesos al patrimonio nacional.<\/p>\n<p>&nbsp;<\/p>\n<div id=\"attachment_469063\" style=\"width: 470px\" class=\"wp-caption aligncenter\"><a href=\"https:\/\/www.diarioimagen.net\/?attachment_id=469063\" rel=\"attachment wp-att-469063\"><img loading=\"lazy\" decoding=\"async\" aria-describedby=\"caption-attachment-469063\" class=\"size-large wp-image-469063\" src=\"https:\/\/www.diarioimagen.net\/wp-content\/uploads\/2020\/05\/durazo3-460x288.jpg\" alt=\"\" width=\"460\" height=\"288\" srcset=\"https:\/\/www.diarioimagen.net\/wp-content\/uploads\/2020\/05\/durazo3-460x288.jpg 460w, https:\/\/www.diarioimagen.net\/wp-content\/uploads\/2020\/05\/durazo3-240x150.jpg 240w, https:\/\/www.diarioimagen.net\/wp-content\/uploads\/2020\/05\/durazo3.jpg 640w\" sizes=\"auto, (max-width: 460px) 100vw, 460px\" \/><\/a><p id=\"caption-attachment-469063\" class=\"wp-caption-text\">En el tema de feminicidio, cuya cifra es inferior en 10.25 por ciento, respecto del mes anterior, el responsable de la seguridad p\u00fablica en el pa\u00eds, dijo que este delito ha mostrado una baja y ha presentado una disminuci\u00f3n en las entidades de Tlaxcala, Baja California Sur, Quer\u00e9taro, Aguascalientes, Yucat\u00e1n, Campeche, Zacatecas, Nayarit, Quintana Roo, Tabasco, Tamaulipas, Colima, Michoac\u00e1n, Durango, Chihuahua y Coahuila.<\/p><\/div>\n","protected":false},"excerpt":{"rendered":"<p>El homicidio doloso, el feminicidio, el secuestro y el robo, principalmente de autom\u00f3vil, registraron una tendencia a la baja durante abril en comparaci\u00f3n con marzo, asegur\u00f3 el secretario de Seguridad y Protecci\u00f3n Ciudadana, Alfonso Durazo Monta\u00f1o, durante el informe de seguridad que present\u00f3 este mi\u00e9rcoles en la conferencia de prensa encabezada por el presidente Andr\u00e9s Manuel L\u00f3pez Obrador, en Palacio Nacional.<\/p>\n","protected":false},"author":3,"featured_media":469061,"comment_status":"open","ping_status":"open","sticky":false,"template":"","format":"standard","meta":{"_monsterinsights_skip_tracking":false,"_monsterinsights_sitenote_active":false,"_monsterinsights_sitenote_note":"","_monsterinsights_sitenote_category":0,"footnotes":""},"categories":[7],"tags":[77036,15637,43673,43677],"class_list":["post-469002","post","type-post","status-publish","format-standard","has-post-thumbnail","hentry","category-seguridad","tag-alfonso-durazo-montano","tag-informe","tag-nacional","tag-seguridad"],"_links":{"self":[{"href":"https:\/\/www.diarioimagen.net\/index.php?rest_route=\/wp\/v2\/posts\/469002","targetHints":{"allow":["GET"]}}],"collection":[{"href":"https:\/\/www.diarioimagen.net\/index.php?rest_route=\/wp\/v2\/posts"}],"about":[{"href":"https:\/\/www.diarioimagen.net\/index.php?rest_route=\/wp\/v2\/types\/post"}],"author":[{"embeddable":true,"href":"https:\/\/www.diarioimagen.net\/index.php?rest_route=\/wp\/v2\/users\/3"}],"replies":[{"embeddable":true,"href":"https:\/\/www.diarioimagen.net\/index.php?rest_route=%2Fwp%2Fv2%2Fcomments&post=469002"}],"version-history":[{"count":0,"href":"https:\/\/www.diarioimagen.net\/index.php?rest_route=\/wp\/v2\/posts\/469002\/revisions"}],"wp:featuredmedia":[{"embeddable":true,"href":"https:\/\/www.diarioimagen.net\/index.php?rest_route=\/wp\/v2\/media\/469061"}],"wp:attachment":[{"href":"https:\/\/www.diarioimagen.net\/index.php?rest_route=%2Fwp%2Fv2%2Fmedia&parent=469002"}],"wp:term":[{"taxonomy":"category","embeddable":true,"href":"https:\/\/www.diarioimagen.net\/index.php?rest_route=%2Fwp%2Fv2%2Fcategories&post=469002"},{"taxonomy":"post_tag","embeddable":true,"href":"https:\/\/www.diarioimagen.net\/index.php?rest_route=%2Fwp%2Fv2%2Ftags&post=469002"}],"curies":[{"name":"wp","href":"https:\/\/api.w.org\/{rel}","templated":true}]}}