{"id":469006,"date":"2020-05-21T00:10:46","date_gmt":"2020-05-21T05:10:46","guid":{"rendered":"https:\/\/www.diarioimagen.net\/?p=469006"},"modified":"2020-05-21T01:57:49","modified_gmt":"2020-05-21T06:57:49","slug":"revision-a-fondo","status":"publish","type":"post","link":"https:\/\/www.diarioimagen.net\/?p=469006","title":{"rendered":"Revisi\u00f3n a fondo"},"content":{"rendered":"<h2>De frente y de perfil<\/h2>\n<h5>Ram\u00f3n Zurita Sahag\u00fan<\/h5>\n<p>&nbsp;<\/p>\n<div id=\"attachment_461101\" style=\"width: 470px\" class=\"wp-caption aligncenter\"><a href=\"https:\/\/www.diarioimagen.net\/?attachment_id=461101\" rel=\"attachment wp-att-461101\"><img loading=\"lazy\" decoding=\"async\" aria-describedby=\"caption-attachment-461101\" class=\"size-large wp-image-461101\" src=\"https:\/\/www.diarioimagen.net\/wp-content\/uploads\/2020\/02\/servicio-express-LUIS-XAVIER-460x350.jpg\" alt=\"\" width=\"460\" height=\"350\" srcset=\"https:\/\/www.diarioimagen.net\/wp-content\/uploads\/2020\/02\/servicio-express-LUIS-XAVIER-460x350.jpg 460w, https:\/\/www.diarioimagen.net\/wp-content\/uploads\/2020\/02\/servicio-express-LUIS-XAVIER-240x183.jpg 240w, https:\/\/www.diarioimagen.net\/wp-content\/uploads\/2020\/02\/servicio-express-LUIS-XAVIER-768x585.jpg 768w, https:\/\/www.diarioimagen.net\/wp-content\/uploads\/2020\/02\/servicio-express-LUIS-XAVIER.jpg 1200w\" sizes=\"auto, (max-width: 460px) 100vw, 460px\" \/><\/a><p id=\"caption-attachment-461101\" class=\"wp-caption-text\">Servicio express&#8230; | Luis Xavier<\/p><\/div>\n<p>&nbsp;<\/p>\n<p>Cuando lleguemos a la nueva normalidad valdr\u00eda la pena que el presidente L\u00f3pez Obrador se detuviera un poco a revisar todo lo acontecido en los tres meses de reclusi\u00f3n obligada por la pandemia y hasta decida reconvertir algunas de las decisiones adoptadas en ese tiempo.<\/p>\n<p>Sabemos que ser\u00e1 dif\u00edcil que lo haga, aunque la esperanza muera al \u00faltimo y dentro de ese c\u00famulo de trabajo que le espera para ese lapso, podr\u00eda enmendar algunas de las cosas que se le critican acremente.<\/p>\n<p>En el aspecto econ\u00f3mico definitivamente no habr\u00e1 variantes sobre lo que se decidi\u00f3 en la contingencia, con todo y la frustraci\u00f3n de muchos, especialmente los dirigentes de las c\u00e1maras que tanto presionan para que los grandes empresarios reciban apoyo del gobierno federal, mientras otros inician una batalla legal ante el plan energ\u00e9tico adoptado por la administraci\u00f3n de L\u00f3pez Obrador.<\/p>\n<p>Ser\u00e1 entonces momento de revisar si fueron eficaces las pol\u00edticas aplicadas en materia sanitaria y prepararse para posibles casos que pudieran presentarse en el futuro.<\/p>\n<p>El trabajo a realizarse dentro de la nueva normalidad es sumamente arduo y para ello se requiere de personal capacitado que pueda cumplir con las metas que les son asignados y dar un golpe de tim\u00f3n en muchos aspectos.<\/p>\n<p>Uno de ellos ser\u00eda investigar y procesar, en su caso a todos esos personajes que han sido se\u00f1alados por lucrar durante, antes y despu\u00e9s de la contingencia, al amparo del gobierno federal, con la asignaci\u00f3n de contratos para amigos y familiares, de los que hay varios ejemplos.<\/p>\n<p>Tambi\u00e9n limpiar de \u201cfloreros\u201d la administraci\u00f3n p\u00fablica, ya que en 18 meses no han mostrado talento alguno para desempe\u00f1arse en los cargos que actualmente ocupan.<\/p>\n<p>Es cierto que existen miembros del gabinete con un buen desempe\u00f1o como el secretario de Relaciones Exteriores, Marcelo Ebrard Casaub\u00f3n; la secretaria del Trabajo, Luis Mar\u00eda Alcalde Luj\u00e1n; los secretarios de Defensa, Luis Crescencio Sandoval y de Marina, Jos\u00e9 Rafael Ojeda; Turismo, Miguel Torruco Marqu\u00e9s y hasta el de Hacienda, Arturo Herrera Guti\u00e9rrez.<\/p>\n<p>Otros de los que se conoce poco, por lo que no se puede evaluar su trabajo, ya que act\u00faan con discreci\u00f3n, como Rom\u00e1n Meyer Falc\u00f3n, secretario de Desarrollo Agrario; V\u00edctor Manuel Toledo, secretario de Medio Ambiente y la titular de Bienestar, Mar\u00eda Luisa Albores.<\/p>\n<p>Algunos que funcionan para muchas tareas, menos para la que deben desempe\u00f1ar como el caso de Zo\u00e9 Robledo, director del IMSS y quien enfrent\u00f3 muchos problemas en la pandemia; Luis Alberto Ram\u00edrez, director del ISSSTE, mudo hasta el extremo; Alfonso Durazo Monta\u00f1o, de Seguridad P\u00fablica y la de Cultura, Alejandra Frausto.<\/p>\n<p>Los que muchos consideran como simples adornos que van desde la titular de Gobernaci\u00f3n, Olga S\u00e1nchez Cordero; el secretario de Agricultura, V\u00edctor Villalobos; el de Salud, Jorge Alcocer Varela; de Comunicaciones; Javier Jim\u00e9nez Espri\u00fa, el de Educaci\u00f3n P\u00fablica, Esteban Moctezuma Barrag\u00e1n, hasta llegar a Irma Erendira Sandoval, de la Funci\u00f3n P\u00fablica.<\/p>\n<p>Menci\u00f3n aparte merece la tr\u00edada energ\u00e9tica compuesta por Roc\u00edo Nahle, Octavio Romero y Manuel Bartlett, cuya labor merece revisi\u00f3n, en todos los sentidos.<\/p>\n<p>Ayer en la columna hice omisi\u00f3n del nombre del ex Presidente Luis Echeverr\u00eda \u00c1lvarez, quien goza de buena salud y cuenta como ex mandatario surgido del PRI, pero no lo incluimos en raz\u00f3n de su edad (98 a\u00f1os). Echeverr\u00eda \u00c1lvarez cuenta con una fortuna similar a la de Carlos Salinas de Gortari y dif\u00edcilmente podr\u00eda hacer alg\u00fan pronunciamiento, ya que se encuentra aislado desde hace varios a\u00f1os.<\/p>\n<p>Por cierto, el martes muri\u00f3 uno de sus hijos, \u00c1lvaro de 71 a\u00f1os.<\/p>\n<p>La presidenta de Bolivia, Jeanine A\u00f1ez, separ\u00f3 del cargo al Ministro de Salud, Marcelo Navajas, ante el esc\u00e1ndalo de la compra de respiradores a precio inflado. Seguramente en M\u00e9xico suceder\u00eda algo similar, pero como cancelaron la compra no ocurrir\u00e1 as\u00ed.<\/p>\n<p><em><a href=\"mailto:ramonzurita44@hotmail.com\" target=\"_blank\" rel=\"noopener noreferrer\">ramonzurita44@hotmail.com<\/a><\/em><br \/>\n<a href=\"mailto:%20zurita_sahagun@hotmail.com\" target=\"_blank\" rel=\"noopener noreferrer\"><em>zurita_sahagun@hotmail.com<\/em><\/a><\/p>\n","protected":false},"excerpt":{"rendered":"<p><span style=\"color: #005497;\"><strong>Ram\u00f3n Zurita Sahag\u00fan<\/strong><\/span><br \/>\n<br \/>\nCuando lleguemos a la nueva normalidad valdr\u00eda la pena que el presidente L\u00f3pez Obrador se detuviera un poco a revisar todo lo acontecido en los tres meses de reclusi\u00f3n obligada por la pandemia y hasta decida reconvertir algunas de las decisiones adoptadas en ese tiempo.<\/p>\n","protected":false},"author":3,"featured_media":461101,"comment_status":"open","ping_status":"open","sticky":false,"template":"","format":"standard","meta":{"_monsterinsights_skip_tracking":false,"_monsterinsights_sitenote_active":false,"_monsterinsights_sitenote_note":"","_monsterinsights_sitenote_category":0,"footnotes":""},"categories":[234],"tags":[304,43674,43687],"class_list":["post-469006","post","type-post","status-publish","format-standard","has-post-thumbnail","hentry","category-ramon-zurita-sahagun","tag-de-frente-y-de-perfil","tag-opinion","tag-ramon-zurita-sahagun"],"_links":{"self":[{"href":"https:\/\/www.diarioimagen.net\/index.php?rest_route=\/wp\/v2\/posts\/469006","targetHints":{"allow":["GET"]}}],"collection":[{"href":"https:\/\/www.diarioimagen.net\/index.php?rest_route=\/wp\/v2\/posts"}],"about":[{"href":"https:\/\/www.diarioimagen.net\/index.php?rest_route=\/wp\/v2\/types\/post"}],"author":[{"embeddable":true,"href":"https:\/\/www.diarioimagen.net\/index.php?rest_route=\/wp\/v2\/users\/3"}],"replies":[{"embeddable":true,"href":"https:\/\/www.diarioimagen.net\/index.php?rest_route=%2Fwp%2Fv2%2Fcomments&post=469006"}],"version-history":[{"count":0,"href":"https:\/\/www.diarioimagen.net\/index.php?rest_route=\/wp\/v2\/posts\/469006\/revisions"}],"wp:featuredmedia":[{"embeddable":true,"href":"https:\/\/www.diarioimagen.net\/index.php?rest_route=\/wp\/v2\/media\/461101"}],"wp:attachment":[{"href":"https:\/\/www.diarioimagen.net\/index.php?rest_route=%2Fwp%2Fv2%2Fmedia&parent=469006"}],"wp:term":[{"taxonomy":"category","embeddable":true,"href":"https:\/\/www.diarioimagen.net\/index.php?rest_route=%2Fwp%2Fv2%2Fcategories&post=469006"},{"taxonomy":"post_tag","embeddable":true,"href":"https:\/\/www.diarioimagen.net\/index.php?rest_route=%2Fwp%2Fv2%2Ftags&post=469006"}],"curies":[{"name":"wp","href":"https:\/\/api.w.org\/{rel}","templated":true}]}}