{"id":469022,"date":"2020-05-21T00:01:17","date_gmt":"2020-05-21T05:01:17","guid":{"rendered":"https:\/\/www.diarioimagen.net\/?p=469022"},"modified":"2020-05-21T01:45:15","modified_gmt":"2020-05-21T06:45:15","slug":"comunicacion-directa-entre-gobierno-de-cuautitlan-y-ciudadania","status":"publish","type":"post","link":"https:\/\/www.diarioimagen.net\/?p=469022","title":{"rendered":"Comunicaci\u00f3n directa entre gobierno de Cuautitl\u00e1n y ciudadan\u00eda"},"content":{"rendered":"<div id=\"attachment_469078\" style=\"width: 470px\" class=\"wp-caption aligncenter\"><a href=\"https:\/\/www.diarioimagen.net\/?attachment_id=469078\" rel=\"attachment wp-att-469078\"><img loading=\"lazy\" decoding=\"async\" aria-describedby=\"caption-attachment-469078\" class=\"size-large wp-image-469078\" src=\"https:\/\/www.diarioimagen.net\/wp-content\/uploads\/2020\/05\/cuautitlan-5-460x259.jpg\" alt=\"\" width=\"460\" height=\"259\" srcset=\"https:\/\/www.diarioimagen.net\/wp-content\/uploads\/2020\/05\/cuautitlan-5-460x259.jpg 460w, https:\/\/www.diarioimagen.net\/wp-content\/uploads\/2020\/05\/cuautitlan-5-240x135.jpg 240w, https:\/\/www.diarioimagen.net\/wp-content\/uploads\/2020\/05\/cuautitlan-5-235x132.jpg 235w, https:\/\/www.diarioimagen.net\/wp-content\/uploads\/2020\/05\/cuautitlan-5-202x114.jpg 202w, https:\/\/www.diarioimagen.net\/wp-content\/uploads\/2020\/05\/cuautitlan-5-350x196.jpg 350w, https:\/\/www.diarioimagen.net\/wp-content\/uploads\/2020\/05\/cuautitlan-5-220x123.jpg 220w, https:\/\/www.diarioimagen.net\/wp-content\/uploads\/2020\/05\/cuautitlan-5-237x132.jpg 237w, https:\/\/www.diarioimagen.net\/wp-content\/uploads\/2020\/05\/cuautitlan-5.jpg 480w\" sizes=\"auto, (max-width: 460px) 100vw, 460px\" \/><\/a><p id=\"caption-attachment-469078\" class=\"wp-caption-text\">El gobierno del alcalde Armando Navarrete L\u00f3pez no dejar\u00e1 de apoyar a las mujeres que son violentadas en sus propios hogares.<\/p><\/div>\n<p>&nbsp;<\/p>\n<p><strong>Cuautitl\u00e1n, Estado de M\u00e9xico.-<\/strong> A trav\u00e9s de mi n\u00famero telef\u00f3nico hemos llegado a un mayor n\u00famero de personas encontrando soluci\u00f3n a las peticiones de los vecinos, reconoci\u00f3 el presidente municipal Ariel Ju\u00e1rez Rodr\u00edguez, al se\u00f1alar que semanalmente recibe m\u00e1s de 450 llamadas telef\u00f3nicas de todas las comunidades locales.<\/p>\n<p>En las reuniones que hemos tenido con vecinos escuchamos sus necesidades y proponemos soluciones en conjunto, lo que nos ha permitido acercarnos de una forma diferente, por lo que decid\u00ed dar mi n\u00famero telef\u00f3nico para establecer una mejor comunicaci\u00f3n y seguimiento a las peticiones, asever\u00f3 Ju\u00e1rez Rodr\u00edguez.<\/p>\n","protected":false},"excerpt":{"rendered":"<p>A trav\u00e9s de mi n\u00famero telef\u00f3nico hemos llegado a un mayor n\u00famero de personas encontrando soluci\u00f3n a las peticiones de los vecinos, reconoci\u00f3 el presidente municipal Ariel Ju\u00e1rez Rodr\u00edguez, al se\u00f1alar que semanalmente recibe m\u00e1s de 450 llamadas telef\u00f3nicas de todas las comunidades locales.<\/p>\n","protected":false},"author":3,"featured_media":469078,"comment_status":"open","ping_status":"open","sticky":false,"template":"","format":"standard","meta":{"_monsterinsights_skip_tracking":false,"_monsterinsights_sitenote_active":false,"_monsterinsights_sitenote_note":"","_monsterinsights_sitenote_category":0,"footnotes":""},"categories":[5],"tags":[681,90935,43675,7196],"class_list":["post-469022","post","type-post","status-publish","format-standard","has-post-thumbnail","hentry","category-estado-de-mexico","tag-cuautitlan","tag-directa","tag-estado-de-mexico","tag-gobierno"],"_links":{"self":[{"href":"https:\/\/www.diarioimagen.net\/index.php?rest_route=\/wp\/v2\/posts\/469022","targetHints":{"allow":["GET"]}}],"collection":[{"href":"https:\/\/www.diarioimagen.net\/index.php?rest_route=\/wp\/v2\/posts"}],"about":[{"href":"https:\/\/www.diarioimagen.net\/index.php?rest_route=\/wp\/v2\/types\/post"}],"author":[{"embeddable":true,"href":"https:\/\/www.diarioimagen.net\/index.php?rest_route=\/wp\/v2\/users\/3"}],"replies":[{"embeddable":true,"href":"https:\/\/www.diarioimagen.net\/index.php?rest_route=%2Fwp%2Fv2%2Fcomments&post=469022"}],"version-history":[{"count":0,"href":"https:\/\/www.diarioimagen.net\/index.php?rest_route=\/wp\/v2\/posts\/469022\/revisions"}],"wp:featuredmedia":[{"embeddable":true,"href":"https:\/\/www.diarioimagen.net\/index.php?rest_route=\/wp\/v2\/media\/469078"}],"wp:attachment":[{"href":"https:\/\/www.diarioimagen.net\/index.php?rest_route=%2Fwp%2Fv2%2Fmedia&parent=469022"}],"wp:term":[{"taxonomy":"category","embeddable":true,"href":"https:\/\/www.diarioimagen.net\/index.php?rest_route=%2Fwp%2Fv2%2Fcategories&post=469022"},{"taxonomy":"post_tag","embeddable":true,"href":"https:\/\/www.diarioimagen.net\/index.php?rest_route=%2Fwp%2Fv2%2Ftags&post=469022"}],"curies":[{"name":"wp","href":"https:\/\/api.w.org\/{rel}","templated":true}]}}